{"id":9228,"date":"2018-06-05T16:40:23","date_gmt":"2018-06-05T16:40:23","guid":{"rendered":"http:\/\/archiv.szolnoktv.hu\/?p=9228"},"modified":"2021-08-14T14:27:59","modified_gmt":"2021-08-14T14:27:59","slug":"indul-a-diakmunka-szezon","status":"publish","type":"post","link":"http:\/\/archiv.szolnoktv.hu\/?p=9228","title":{"rendered":"Indul a di\u00e1kmunka szezon"},"content":{"rendered":"<div class='booster-block booster-read-block'><\/div><p>Most m\u00e9g az \u00f3r\u00e1k k\u00f6z\u00f6tti sz\u00fcnetet \u00e9lvezik a di\u00e1kok, j\u00fanius 15-t\u0151l viszont m\u00e1r a szeptember 1-ig tart\u00f3 vak\u00e1ci\u00f3t. A fiatalok egy r\u00e9sze azonban ny\u00e1ron sem laz\u00edt. A Sz\u00e9chenyi Istv\u00e1n Gimn\u00e1ziumban tanul\u00f3k k\u00f6z\u00f6tt van aki el\u0151sz\u00f6r teszi pr\u00f3b\u00e1ra mag\u00e1t a munka vil\u00e1g\u00e1ban, de vannak akik m\u00e1r tapasztaltak. <\/p>\n<p>-K\u00f6r\u00fclbel\u00fcl m\u00e1sf\u00e9l \u00e9ve v\u00e1llalok di\u00e1kmunk\u00e1kat. Itt kezdtem Szolnokon a Mel\u00f3-Di\u00e1kn\u00e1l, azt\u00e1n \u00e1tmentem egy pesti sz\u00f6vetkezethez a Jobb Kezekhez. Sokkal t\u00f6bb munk\u00e1t aj\u00e1nlanak orsz\u00e1gos szinten. Szerintem az\u00e9rt fontos mert ez az \u00e9letre sokkal jobban felk\u00e9sz\u00edti a koroszt\u00e1lyunkat.&#8221;-mondta Borsos Kincs\u0151 Kinga. <\/p>\n<p>-M\u00e1jus elej\u00e9n kezdtem el\u0151sz\u00f6r keresg\u00e9lni t\u00f6bb di\u00e1ksz\u00f6vetkezetet is felkerestem, azonban azt mondt\u00e1k, hogy jobb lenne, ha j\u00fanius elej\u00e9n kezden\u00e9m el a keresg\u00e9l\u00e9st. Ebb\u0151l az lett, hogy j\u00falius elej\u00e9n siker\u00fclt megfelel\u0151 munk\u00e1t tal\u00e1lnom.&#8221;- tette hozz\u00e1 Sz\u0171cs Luk\u00e1cs Alex.<\/p>\n<p>\u00c9vr\u0151l- \u00e9vre n\u0151 azoknak a sz\u00e1ma, akik di\u00e1kmunk\u00e1t v\u00e1llalnak. Sokan egy h\u00f3napot, de vannak akik ak\u00e1r az eg\u00e9sz sz\u00fcnetet v\u00e9gig dolgozz\u00e1k. A munka a fiatalokat az \u00f6n\u00e1ll\u00f3sod\u00e1sban, illetve k\u00e9s\u0151bbi elhelyezked\u00e9s\u00fckben is seg\u00edti.<\/p>\n<p>-Legt\u00f6bbsz\u00f6r gyerekek k\u00f6r\u00e9ben dolgoztam: \u00f3vod\u00e1ban, t\u00e1borokban. \u00c9n szeretn\u00e9k majd egyszer als\u00f3s tan\u00e1r n\u00e9ni lenni \u00e9s felk\u00e9sz\u00edtett lelkileg, hogy mire is k\u00e9sz\u00fcljek fel a gyerekek ter\u00e9n. Meg egy j\u00f3 tapasztalatot adott.&#8221;- mes\u00e9lte Poly\u00e1k Laura.<\/p>\n<p>Ma m\u00e1r az utc\u00e1n is hirdetnek di\u00e1kmunk\u00e1t. Szandasz\u0151l\u0151s buszmeg\u00e1ll\u00f3iban \u00e9telkihord\u00f3t keresnek. Azonban a legt\u00f6bben m\u00e9g mindig sz\u00f6vetkezet seg\u00edts\u00e9g\u00e9t k\u00e9rik. A regisztr\u00e1ci\u00f3hoz szem\u00e9lyi- \u00e9s di\u00e1kigazolv\u00e1nyra, TAJ- valamint Ad\u00f3 k\u00e1rty\u00e1ra, illetve iskolal\u00e1togat\u00e1si igazol\u00e1sra van sz\u00fcks\u00e9g. A jelentkez\u00e9st \u00e9s munkakeres\u00e9st m\u00e1jus v\u00e9g\u00e9n \u00e9rdemes megkezdeni. <\/p>\n<p>-Nagyon fontos, hogy 15 \u00e9ves kort\u00f3l m\u00e1r dolgozhatnak a di\u00e1kok, de csak a sz\u00fcnid\u0151 id\u0151tartama alatt \u00e9s sz\u00fcl\u0151i fel\u00fcgyelettel. Egy\u00e9b esetben, ha iskol\u00e1sak a di\u00e1kok \u00e9s iskolaid\u0151szak van a 16 \u00e9ves kor az a pont, amikor \u0151k elkezdhetnek dolgozni n\u00e1lunk szint\u00e9n sz\u00fcl\u0151i fel\u00fcgyelettel csak 8 \u00f3r\u00e1ban. Fontos, hogy \u00e9jszakai munk\u00e1t nem v\u00e9gezhetnek.&#8221;- mondta Guly\u00e1s Csaba a Mel\u00f3-Di\u00e1k Szolnok irodavezet\u0151je. <\/p>\n<p>Az \u00f3rab\u00e9rek 794 \u00e9s 1200 forint k\u00f6z\u00f6tt mozognak. A n\u00e9pszer\u0171 di\u00e1kmunk\u00e1k k\u00f6re ebben az \u00e9vben sem v\u00e1ltozott. A tanul\u00f3k t\u00f6bbs\u00e9ge tov\u00e1bbra is fesztiv\u00e1lokon \u00e9s strandokon szeretne elhelyezkedni. <\/p>\n<div style=\"width: 640px;\" class=\"wp-video\"><!--[if lt IE 9]><script>document.createElement('video');<\/script><![endif]-->\n<video class=\"wp-video-shortcode\" id=\"video-9228-1\" width=\"640\" height=\"360\" preload=\"metadata\" controls=\"controls\"><source type=\"video\/mp4\" src=\"\/spots\/hir\/hir_180605_06.mp4?_=1\" \/><a href=\"\/spots\/hir\/hir_180605_06.mp4\">\/spots\/hir\/hir_180605_06.mp4<\/a><\/video><\/div>\n","protected":false},"excerpt":{"rendered":"<p>Most m\u00e9g az \u00f3r\u00e1k k\u00f6z\u00f6tti sz\u00fcnetet \u00e9lvezik a di\u00e1kok, j\u00fanius 15-t\u0151l viszont m\u00e1r a szeptember 1-ig tart\u00f3 vak\u00e1ci\u00f3t. A fiatalok egy r\u00e9sze azonban ny\u00e1ron sem laz\u00edt. A Sz\u00e9chenyi Istv\u00e1n Gimn\u00e1ziumban tanul\u00f3k k\u00f6z\u00f6tt van aki el\u0151sz\u00f6r teszi pr\u00f3b\u00e1ra mag\u00e1t a munka vil\u00e1g\u00e1ban, de vannak akik m\u00e1r tapasztaltak. -K\u00f6r\u00fclbel\u00fcl m\u00e1sf\u00e9l \u00e9ve v\u00e1llalok di\u00e1kmunk\u00e1kat. Itt kezdtem Szolnokon a [&hellip;]<\/p>\n","protected":false},"author":2,"featured_media":0,"comment_status":"closed","ping_status":"closed","sticky":false,"template":"","format":"standard","meta":[],"categories":[9],"tags":[],"_links":{"self":[{"href":"http:\/\/archiv.szolnoktv.hu\/index.php?rest_route=\/wp\/v2\/posts\/9228"}],"collection":[{"href":"http:\/\/archiv.szolnoktv.hu\/index.php?rest_route=\/wp\/v2\/posts"}],"about":[{"href":"http:\/\/archiv.szolnoktv.hu\/index.php?rest_route=\/wp\/v2\/types\/post"}],"author":[{"embeddable":true,"href":"http:\/\/archiv.szolnoktv.hu\/index.php?rest_route=\/wp\/v2\/users\/2"}],"replies":[{"embeddable":true,"href":"http:\/\/archiv.szolnoktv.hu\/index.php?rest_route=%2Fwp%2Fv2%2Fcomments&post=9228"}],"version-history":[{"count":1,"href":"http:\/\/archiv.szolnoktv.hu\/index.php?rest_route=\/wp\/v2\/posts\/9228\/revisions"}],"predecessor-version":[{"id":9347,"href":"http:\/\/archiv.szolnoktv.hu\/index.php?rest_route=\/wp\/v2\/posts\/9228\/revisions\/9347"}],"wp:attachment":[{"href":"http:\/\/archiv.szolnoktv.hu\/index.php?rest_route=%2Fwp%2Fv2%2Fmedia&parent=9228"}],"wp:term":[{"taxonomy":"category","embeddable":true,"href":"http:\/\/archiv.szolnoktv.hu\/index.php?rest_route=%2Fwp%2Fv2%2Fcategories&post=9228"},{"taxonomy":"post_tag","embeddable":true,"href":"http:\/\/archiv.szolnoktv.hu\/index.php?rest_route=%2Fwp%2Fv2%2Ftags&post=9228"}],"curies":[{"name":"wp","href":"https:\/\/api.w.org\/{rel}","templated":true}]}}