{"id":9167,"date":"2018-06-05T16:33:00","date_gmt":"2018-06-05T16:33:00","guid":{"rendered":"http:\/\/archiv.szolnoktv.hu\/?p=9167"},"modified":"2021-08-14T14:18:53","modified_gmt":"2021-08-14T14:18:53","slug":"tallinka-tancgala","status":"publish","type":"post","link":"http:\/\/archiv.szolnoktv.hu\/?p=9167","title":{"rendered":"Tallinka t\u00e1ncg\u00e1la"},"content":{"rendered":"<div class='booster-block booster-read-block'><\/div><p>L\u00e1tv\u00e1nyos, p\u00f6rg\u0151s bemutat\u00f3val k\u00e9sz\u00fcltek a Tallink\u00e1sok, de ez a fell\u00e9p\u00e9s t\u00f6bb volt egy bemutat\u00f3n\u00e1l. Ez egy vizsgael\u0151ad\u00e1s volt, amivel a 2017\/2018-as tan\u00e9vet z\u00e1rta a m\u0171v\u00e9szeti iskola. Egyben pedig egy nagy lehet\u0151s\u00e9g arra, hogy mindenki, mind a 190 gyermek sz\u00ednpadra l\u00e9phessen.<\/p>\n<p>-A m\u0171v\u00e9szeti iskola az els\u0151 oszt\u00e1lyt\u00f3l eg\u00e9szen a 12-ik m\u0171k\u00f6dik, teh\u00e1t 18 \u00e9ves kor\u00e1ig j\u00e1rhat ide egy gyermek. \u00c1ltal\u00e1nos iskol\u00e1sok \u00e9s gimisek is vannak, akik n\u00e1lunk t\u00e1ncolnak.&#8221;  &#8211;   mondta Szolnokin\u00e9 Jaczk\u00f3 X\u00e9nia vezet\u0151, Tallinka Gyermek N\u00e9pt\u00e1ncegy\u00fcttes.<\/p>\n<p>-Els\u0151s korom \u00f3ta n\u00e9pt\u00e1ncolok \u00e9s mindig is egy k\u00fcl\u00f6nleges t\u00e1ncfajta volt ez nekem \u00e9s \u00e9rdekelt. Els\u0151s korom \u00f3ta csin\u00e1lom \u00e9s foglalkoztat ez.&#8221;  &#8211;   mondta Dombai \u00c1d\u00e1m.<\/p>\n<p>Nem egy szimpla vizsg\u00e1r\u00f3l van sz\u00f3  &#8211;   tette hozz Szolnokin\u00e9 Jaczk\u00f3 X\u00e9nia  &#8211;   hanem egy k\u00fcl\u00f6nleges m\u0171sorr\u00f3l, aminek t\u00f6rt\u00e9nete van. Egy adott cselekm\u00e9nyre f\u0171zt\u00e9k fel a koreogr\u00e1fi\u00e1t \u00e9s n\u00e9pmes\u00e9t var\u00e1zsoltak a sz\u00ednpadra.<\/p>\n<p>-J\u00f3 ideje k\u00e9sz\u00fcl\u00fcnk erre a m\u0171sorra, \u00e9n szeretek t\u00e1ncolni, kicsit izgulok, de a sz\u00ednpadon j\u00f3 lenni \u00e9s ezt szeretem nagyon benne.&#8221;  &#8211;   mondta Ander Bogl\u00e1rka.<\/p>\n<p>A t\u00f6rt\u00e9net szerint egy sz\u00e9kely kisfi\u00fa \u00fagy d\u00f6nt, hogy elsz\u00f6kik otthonr\u00f3l \u00e9s v\u00e1ndor\u00fatra megy. K\u00f6zben sok gyerekkel tal\u00e1lkozik, rengeteg \u00e9lm\u00e9nnyel gazdagodik majd a v\u00e9g\u00e9n hazat\u00e9r.<\/p>\n<div style=\"width: 640px;\" class=\"wp-video\"><!--[if lt IE 9]><script>document.createElement('video');<\/script><![endif]-->\n<video class=\"wp-video-shortcode\" id=\"video-9167-1\" width=\"640\" height=\"360\" preload=\"metadata\" controls=\"controls\"><source type=\"video\/mp4\" src=\"\/spots\/hir\/hir_180605_05.mp4?_=1\" \/><a href=\"\/spots\/hir\/hir_180605_05.mp4\">\/spots\/hir\/hir_180605_05.mp4<\/a><\/video><\/div>\n","protected":false},"excerpt":{"rendered":"<p>L\u00e1tv\u00e1nyos, p\u00f6rg\u0151s bemutat\u00f3val k\u00e9sz\u00fcltek a Tallink\u00e1sok, de ez a fell\u00e9p\u00e9s t\u00f6bb volt egy bemutat\u00f3n\u00e1l. Ez egy vizsgael\u0151ad\u00e1s volt, amivel a 2017\/2018-as tan\u00e9vet z\u00e1rta a m\u0171v\u00e9szeti iskola. Egyben pedig egy nagy lehet\u0151s\u00e9g arra, hogy mindenki, mind a 190 gyermek sz\u00ednpadra l\u00e9phessen. -A m\u0171v\u00e9szeti iskola az els\u0151 oszt\u00e1lyt\u00f3l eg\u00e9szen a 12-ik m\u0171k\u00f6dik, teh\u00e1t 18 \u00e9ves kor\u00e1ig j\u00e1rhat [&hellip;]<\/p>\n","protected":false},"author":2,"featured_media":0,"comment_status":"closed","ping_status":"closed","sticky":false,"template":"","format":"standard","meta":[],"categories":[9],"tags":[],"_links":{"self":[{"href":"http:\/\/archiv.szolnoktv.hu\/index.php?rest_route=\/wp\/v2\/posts\/9167"}],"collection":[{"href":"http:\/\/archiv.szolnoktv.hu\/index.php?rest_route=\/wp\/v2\/posts"}],"about":[{"href":"http:\/\/archiv.szolnoktv.hu\/index.php?rest_route=\/wp\/v2\/types\/post"}],"author":[{"embeddable":true,"href":"http:\/\/archiv.szolnoktv.hu\/index.php?rest_route=\/wp\/v2\/users\/2"}],"replies":[{"embeddable":true,"href":"http:\/\/archiv.szolnoktv.hu\/index.php?rest_route=%2Fwp%2Fv2%2Fcomments&post=9167"}],"version-history":[{"count":1,"href":"http:\/\/archiv.szolnoktv.hu\/index.php?rest_route=\/wp\/v2\/posts\/9167\/revisions"}],"predecessor-version":[{"id":9168,"href":"http:\/\/archiv.szolnoktv.hu\/index.php?rest_route=\/wp\/v2\/posts\/9167\/revisions\/9168"}],"wp:attachment":[{"href":"http:\/\/archiv.szolnoktv.hu\/index.php?rest_route=%2Fwp%2Fv2%2Fmedia&parent=9167"}],"wp:term":[{"taxonomy":"category","embeddable":true,"href":"http:\/\/archiv.szolnoktv.hu\/index.php?rest_route=%2Fwp%2Fv2%2Fcategories&post=9167"},{"taxonomy":"post_tag","embeddable":true,"href":"http:\/\/archiv.szolnoktv.hu\/index.php?rest_route=%2Fwp%2Fv2%2Ftags&post=9167"}],"curies":[{"name":"wp","href":"https:\/\/api.w.org\/{rel}","templated":true}]}}