{"id":9166,"date":"2018-06-05T16:25:16","date_gmt":"2018-06-05T16:25:16","guid":{"rendered":"http:\/\/archiv.szolnoktv.hu\/?p=9166"},"modified":"2021-08-14T14:18:53","modified_gmt":"2021-08-14T14:18:53","slug":"500-kilometert-futnak-a-veradasert-es-a-karpataljai-gyermekotthonert","status":"publish","type":"post","link":"http:\/\/archiv.szolnoktv.hu\/?p=9166","title":{"rendered":"500 kilom\u00e9tert futnak a v\u00e9rad\u00e1s\u00e9rt \u00e9s a k\u00e1rp\u00e1taljai gyermekotthon\u00e9rt"},"content":{"rendered":"<div class='booster-block booster-read-block'><\/div><p>&#8216;<\/p>\n<p>A Tiszai haj\u00f3sok ter\u00e9n haladnak el azok a fut\u00f3k, akik tegnap a Nemzeti \u00d6sszetartoz\u00e1s napj\u00e1n rajtoltak Budapesten. Az 500 kilom\u00e9teres t\u00e1vot teljes\u00edt\u0151 ultrasportol\u00f3khoz \u00e1ltal\u00e1nos iskol\u00e1s gyermekek, sz\u00edn\u00e9szek is csatlakoztak Szolnokon. <\/p>\n<p>Az Egy V\u00e9rb\u0151l Vagyunk elnevez\u00e9s\u0171 kezdem\u00e9nyez\u00e9s karitat\u00edv c\u00e9lokat k\u00e9pvisel: els\u0151sorban a v\u00e9rad\u00e1s fontoss\u00e1g\u00e1ra szeretn\u00e9 felh\u00edvni a figyelmet, illetve az 5 napos fut\u00e1s sor\u00e1n adom\u00e1nyokat is gy\u0171jtenek a k\u00e1rp\u00e1taljai R\u00e1ton l\u00e9v\u0151 Szent Mih\u00e1ly Rehabilit\u00e1ci\u00f3s K\u00f6zpont sz\u00e1m\u00e1ra.<\/p>\n<p>Gui Ang\u00e9la, f\u0151szervez\u0151 r\u00e1mutatott &#8211; -A szimbolikus \u00fczenete a hat\u00e1ron t\u00faliakr\u00f3l val\u00f3 gondoskod\u00e1s. Nagyon sokan \u00e9lnek a hat\u00e1ron t\u00fal, felel\u0151sek vagyunk azok\u00e9rt a hat\u00e1ron t\u00fal \u00e9l\u0151 gyerekek\u00e9rt, akik \u00e1rvah\u00e1zban nevelkednek, \u00edgy \u00e9rt \u00f6ssze a seg\u00edts\u00e9gny\u00fajt\u00e1s Magyarorsz\u00e1gon \u00e9s a hat\u00e1ron t\u00fal.    <\/p>\n<p>Az &#038;#8217<br \/>\n<br \/>\nszlogen kett\u0151s \u00fczenetet hordoz: a hat\u00e1ron t\u00fali magyarok t\u00e1mogat\u00e1sa mellett a v\u00e9rad\u00e1s fontoss\u00e1g\u00e1ra is felh\u00edvja a figyelmet. Ez\u00e9rt a fut\u00e1s ut\u00e1n v\u00e9rad\u00e1st szerveztek az Ag\u00f3r\u00e1ban. Az elm\u00falt \u00e9vek adatai azt mutatj\u00e1k, hogy a ny\u00e1ri h\u00f3napokban jelent\u0151sen cs\u00f6kken a v\u00e9rad\u00f3k sz\u00e1ma, holott naponta mintegy 1500-1800 egys\u00e9g v\u00e9rre van sz\u00fcks\u00e9g az ell\u00e1t\u00e1s zavartalans\u00e1g\u00e1nak biztos\u00edt\u00e1s\u00e1hoz Magyarorsz\u00e1gon. <\/p>\n<p>-En\u00e9lk\u00fcl a betegell\u00e1t\u00e1s elk\u00e9pzelhetetlen. T\u00f6bb olyan betegs\u00e9g, nagyon sok olyan betegs\u00e9g van, ami transzf\u00fazi\u00f3 n\u00e9lk\u00fcl nem gy\u00f3gy\u00edthat\u00f3. Komolyabb m\u0171t\u00e9ti beavatkoz\u00e1sok, onkol\u00f3giai megbeteged\u00e9sek, hematol\u00f3giai megbeteged\u00e9sek. Egyszer\u0171en elk\u00e9pzelhetetlen a betegell\u00e1t\u00e1s v\u00e9rk\u00e9sz\u00edtm\u00e9nyek n\u00e9lk\u00fcl. V\u00e9rk\u00e9sz\u00edtm\u00e9nyeket pedig csak az \u00f6nk\u00e9ntes v\u00e9rad\u00f3kt\u00f3l nyert v\u00e9rb\u0151l tudunk el\u0151\u00e1ll\u00edtani.&#8221;  &#8211;   mondta Dr. Nagy S\u00e1ndor, az Orsz\u00e1gos V\u00e9rell\u00e1t\u00f3 Szolg\u00e1lat szakmai f\u0151igazgat\u00f3-helyettese   <\/p>\n<p>A fut\u00e1s folytat\u00f3dik, holnap Debrecenben, k\u00e9t nap m\u00falva Ny\u00edregyh\u00e1z\u00e1n, majd p\u00e9nteken R\u00e1ton v\u00e1rj\u00e1k az \u00e9rdekl\u0151d\u0151ket. <br \/> &#8216;<\/p>\n","protected":false},"excerpt":{"rendered":"<p>&#8216; A Tiszai haj\u00f3sok ter\u00e9n haladnak el azok a fut\u00f3k, akik tegnap a Nemzeti \u00d6sszetartoz\u00e1s napj\u00e1n rajtoltak Budapesten. Az 500 kilom\u00e9teres t\u00e1vot teljes\u00edt\u0151 ultrasportol\u00f3khoz \u00e1ltal\u00e1nos iskol\u00e1s gyermekek, sz\u00edn\u00e9szek is csatlakoztak Szolnokon. Az Egy V\u00e9rb\u0151l Vagyunk elnevez\u00e9s\u0171 kezdem\u00e9nyez\u00e9s karitat\u00edv c\u00e9lokat k\u00e9pvisel: els\u0151sorban a v\u00e9rad\u00e1s fontoss\u00e1g\u00e1ra szeretn\u00e9 felh\u00edvni a figyelmet, illetve az 5 napos fut\u00e1s sor\u00e1n adom\u00e1nyokat [&hellip;]<\/p>\n","protected":false},"author":2,"featured_media":0,"comment_status":"closed","ping_status":"closed","sticky":false,"template":"","format":"standard","meta":[],"categories":[9],"tags":[],"_links":{"self":[{"href":"http:\/\/archiv.szolnoktv.hu\/index.php?rest_route=\/wp\/v2\/posts\/9166"}],"collection":[{"href":"http:\/\/archiv.szolnoktv.hu\/index.php?rest_route=\/wp\/v2\/posts"}],"about":[{"href":"http:\/\/archiv.szolnoktv.hu\/index.php?rest_route=\/wp\/v2\/types\/post"}],"author":[{"embeddable":true,"href":"http:\/\/archiv.szolnoktv.hu\/index.php?rest_route=\/wp\/v2\/users\/2"}],"replies":[{"embeddable":true,"href":"http:\/\/archiv.szolnoktv.hu\/index.php?rest_route=%2Fwp%2Fv2%2Fcomments&post=9166"}],"version-history":[{"count":1,"href":"http:\/\/archiv.szolnoktv.hu\/index.php?rest_route=\/wp\/v2\/posts\/9166\/revisions"}],"predecessor-version":[{"id":9169,"href":"http:\/\/archiv.szolnoktv.hu\/index.php?rest_route=\/wp\/v2\/posts\/9166\/revisions\/9169"}],"wp:attachment":[{"href":"http:\/\/archiv.szolnoktv.hu\/index.php?rest_route=%2Fwp%2Fv2%2Fmedia&parent=9166"}],"wp:term":[{"taxonomy":"category","embeddable":true,"href":"http:\/\/archiv.szolnoktv.hu\/index.php?rest_route=%2Fwp%2Fv2%2Fcategories&post=9166"},{"taxonomy":"post_tag","embeddable":true,"href":"http:\/\/archiv.szolnoktv.hu\/index.php?rest_route=%2Fwp%2Fv2%2Ftags&post=9166"}],"curies":[{"name":"wp","href":"https:\/\/api.w.org\/{rel}","templated":true}]}}