{"id":9163,"date":"2018-06-04T16:47:35","date_gmt":"2018-06-04T16:47:35","guid":{"rendered":"http:\/\/archiv.szolnoktv.hu\/?p=9163"},"modified":"2021-08-14T14:18:54","modified_gmt":"2021-08-14T14:18:54","slug":"nemzeti-osszetartozas-napja-2","status":"publish","type":"post","link":"http:\/\/archiv.szolnoktv.hu\/?p=9163","title":{"rendered":"Nemzeti \u00d6sszetartoz\u00e1s Napja"},"content":{"rendered":"<div class='booster-block booster-read-block'><\/div><p> A d\u00edsz\u0151rs\u00e9g bevonul\u00e1s\u00e1val, a Himnusz el\u00e9nekl\u00e9s\u00e9vel \u00e9s az Orsz\u00e1gz\u00e1szl\u00f3 f\u00e9l\u00e1rbocra ereszt\u00e9s\u00e9vel kezd\u0151d\u00f6tt id\u00e9n a Nemzeti \u00d6sszetartoz\u00e1s Napi megeml\u00e9kez\u00e9s Szolnokon. A 98 \u00e9vvel ezel\u0151tt,  Versailles-i Nagy-Trianon kast\u00e9lyban al\u00e1\u00edrt, Magyarorsz\u00e1g sz\u00e1m\u00e1ra az I. vil\u00e1gh\u00e1bor\u00fa lez\u00e1r\u00e1s\u00e1t jelent\u0151 dikt\u00e1tum a XX. sz\u00e1zadi magyar t\u00f6rt\u00e9nelem egyik legnagyobb, m\u00e1ig feldolgozatlan traum\u00e1ja. A  megeml\u00e9kez\u00e9st  Tiszaparti R\u00f3mai Katolikus \u00c1ltal\u00e1nos Iskola \u00e9s Gimn\u00e1zium tanul\u00f3inak \u00fcnnepi m\u0171sora nyitotta <\/p>\n<p> Az Orsz\u00e1ggy\u0171l\u00e9s 2010. m\u00e1jus 31-\u00e9n d\u00f6nt\u00f6tt \u00fagy, hogy az 1920-ban k\u00f6t\u00f6tt trianoni b\u00e9keszerz\u0151d\u00e9s al\u00e1\u00edr\u00e1s\u00e1nak napja, j\u00fanius 4. a nemzeti \u00f6sszetartoz\u00e1s napja. A Tiszapartisok m\u0171sora ut\u00e1n a Szolnoki \u00d6kumenikus Lelk\u00e9szk\u00f6r nev\u00e9ben M\u00e1th\u00e9 Gy\u00f6rgy osztotta meg \u00fcnnepi gondolatait. Az esperes  hangs\u00falyozta: A magyar haz\u00e1nak hi\u00e1nyzik a k\u00e9tharmada, de a magyar sz\u00edv mindenkor \u00f6sszetart. <\/p>\n<p>-Milyen j\u00f3, hogy a mai nap neve a  Nemzeti \u00d6sszetartoz\u00e1s Napja. Nem a harag \u00e9s a k\u00e9ts\u00e9gbees\u00e9s napja, a mai nap az eml\u00e9kez\u00e9s napja \u00e9s a felel\u0151ss\u00e9g napja. Hogy a t\u00f6rt\u00e9n\u00e9szeink megismertess\u00e9k az igazs\u00e1got a magyars\u00e1ggal is, \u00e9s a t\u00f6bbi, f\u0151leg \u00e9rintett n\u00e9pekkel is. A mai nap az anyaorsz\u00e1g \u00e9s az elcsatolt r\u00e9szeken \u00e9l\u0151k napja kell legyen.&#8221; &#8211; mondta M\u00e1th\u00e9 Gy\u00f6rgy, esperes, pl\u00e9b\u00e1nos .<\/p>\n<p>A polg\u00e1rmester \u00fcnnepi besz\u00e9d\u00e9ben hangs\u00falyozta: 98 \u00e9vvel ezel\u0151tt a t\u00f6rt\u00e9nelem egyik legigazs\u00e1gtalanabb b\u00e9kedikt\u00e1tuma j\u00f6tt l\u00e9tre. A hat\u00e1rainkon t\u00fal \u00e9l\u0151 magyar honfit\u00e1rsainknak pedig igenis j\u00e1r alanyi jogon a magyar \u00fatlev\u00e9l az elm\u00falt \u00e9vek k\u00ednz\u00f3 szenved\u00e9sei\u00e9rt. &#8211; fogalmazott Szalay Ferenc. <\/p>\n<p>-M\u00edg a ma ember\u00e9nek szabad d\u00f6nt\u00e9se, hogy hova tart \u00e9s hol k\u00e9pzeli el az \u00e9let\u00e9t, addig a 20. sz\u00e1zad magyarj\u00e1nak nem volt v\u00e1laszt\u00e1sa. El sem mozdult senki kassai otthon\u00e1b\u00f3l, vagy kolozsv\u00e1ri munkahely\u00e9r\u0151l, net\u00e1n egy \u00fajvid\u00e9ki utc\u00e1r\u00f3l, \u00e9s m\u00e1ris egy m\u00e1sik orsz\u00e1g m\u00e1sodrend\u0171 \u00e1llampolg\u00e1r\u00e1v\u00e1 v\u00e1lt, akinek megal\u00e1ztat\u00e1sok t\u00f6mkeleg\u00e9t kellett elviselnie. Nem besz\u00e9lhette t\u00f6bb\u00e9 hivatalos hely\u00e9n az anyanyelv\u00e9t, s\u0151t el is zavart\u00e1k \u0151t \u0151sei f\u00f6ldj\u00e9r\u0151l. Ott v\u00e1ltak \u00fcld\u00f6z\u00f6tt\u00e9, melyet \u0151k \u00e9p\u00edtettek, tettek \u00e9lhet\u0151v\u00e9 \u00e9s gazdagg\u00e1.&#8221; &#8211; tette hozz\u00e1 Szalay Ferenc, polg\u00e1rmester. <\/p>\n<p> Az els\u0151 vil\u00e1gh\u00e1bor\u00fat lez\u00e1r\u00f3 b\u00e9kedikt\u00e1tum nyom\u00e1n Magyarorsz\u00e1g elvesztette ter\u00fclet\u00e9nek t\u00f6bb mint k\u00e9tharmad\u00e1t, lakoss\u00e1g\u00e1nak t\u00f6bb mint fel\u00e9t, a megm\u0171velt f\u00f6ldek 61, az erd\u0151k 88, a vasutak 62, az utak 65%-\u00e1t. A traum\u00e1t, amit a d\u00f6nt\u00e9s okozott, m\u00e1ig mag\u00e1ban hordozza a nemzet, a magyars\u00e1g sz\u00e1m\u00e1ra Trianon a XX. sz\u00e1zad legnagyobb trag\u00e9di\u00e1ja. A Nemzeti \u00d6sszetartoz\u00e1s Napj\u00e1n rendezett megeml\u00e9kez\u00e9s koszor\u00faz\u00e1ssal, majd a Sz\u00e9kely himnusz \u00e9s a Sz\u00f3zat k\u00f6z\u00f6s el\u00e9nekl\u00e9s\u00e9vel z\u00e1rult.<\/p>\n<div style=\"width: 640px;\" class=\"wp-video\"><!--[if lt IE 9]><script>document.createElement('video');<\/script><![endif]-->\n<video class=\"wp-video-shortcode\" id=\"video-9163-1\" width=\"640\" height=\"360\" preload=\"metadata\" controls=\"controls\"><source type=\"video\/mp4\" src=\"\/spots\/hir\/hir_180604_07.mp4?_=1\" \/><a href=\"\/spots\/hir\/hir_180604_07.mp4\">\/spots\/hir\/hir_180604_07.mp4<\/a><\/video><\/div>\n","protected":false},"excerpt":{"rendered":"<p>A d\u00edsz\u0151rs\u00e9g bevonul\u00e1s\u00e1val, a Himnusz el\u00e9nekl\u00e9s\u00e9vel \u00e9s az Orsz\u00e1gz\u00e1szl\u00f3 f\u00e9l\u00e1rbocra ereszt\u00e9s\u00e9vel kezd\u0151d\u00f6tt id\u00e9n a Nemzeti \u00d6sszetartoz\u00e1s Napi megeml\u00e9kez\u00e9s Szolnokon. A 98 \u00e9vvel ezel\u0151tt, Versailles-i Nagy-Trianon kast\u00e9lyban al\u00e1\u00edrt, Magyarorsz\u00e1g sz\u00e1m\u00e1ra az I. vil\u00e1gh\u00e1bor\u00fa lez\u00e1r\u00e1s\u00e1t jelent\u0151 dikt\u00e1tum a XX. sz\u00e1zadi magyar t\u00f6rt\u00e9nelem egyik legnagyobb, m\u00e1ig feldolgozatlan traum\u00e1ja. A megeml\u00e9kez\u00e9st Tiszaparti R\u00f3mai Katolikus \u00c1ltal\u00e1nos Iskola \u00e9s Gimn\u00e1zium tanul\u00f3inak [&hellip;]<\/p>\n","protected":false},"author":2,"featured_media":0,"comment_status":"closed","ping_status":"closed","sticky":false,"template":"","format":"standard","meta":[],"categories":[9],"tags":[],"_links":{"self":[{"href":"http:\/\/archiv.szolnoktv.hu\/index.php?rest_route=\/wp\/v2\/posts\/9163"}],"collection":[{"href":"http:\/\/archiv.szolnoktv.hu\/index.php?rest_route=\/wp\/v2\/posts"}],"about":[{"href":"http:\/\/archiv.szolnoktv.hu\/index.php?rest_route=\/wp\/v2\/types\/post"}],"author":[{"embeddable":true,"href":"http:\/\/archiv.szolnoktv.hu\/index.php?rest_route=\/wp\/v2\/users\/2"}],"replies":[{"embeddable":true,"href":"http:\/\/archiv.szolnoktv.hu\/index.php?rest_route=%2Fwp%2Fv2%2Fcomments&post=9163"}],"version-history":[{"count":1,"href":"http:\/\/archiv.szolnoktv.hu\/index.php?rest_route=\/wp\/v2\/posts\/9163\/revisions"}],"predecessor-version":[{"id":9172,"href":"http:\/\/archiv.szolnoktv.hu\/index.php?rest_route=\/wp\/v2\/posts\/9163\/revisions\/9172"}],"wp:attachment":[{"href":"http:\/\/archiv.szolnoktv.hu\/index.php?rest_route=%2Fwp%2Fv2%2Fmedia&parent=9163"}],"wp:term":[{"taxonomy":"category","embeddable":true,"href":"http:\/\/archiv.szolnoktv.hu\/index.php?rest_route=%2Fwp%2Fv2%2Fcategories&post=9163"},{"taxonomy":"post_tag","embeddable":true,"href":"http:\/\/archiv.szolnoktv.hu\/index.php?rest_route=%2Fwp%2Fv2%2Ftags&post=9163"}],"curies":[{"name":"wp","href":"https:\/\/api.w.org\/{rel}","templated":true}]}}