{"id":9162,"date":"2018-06-04T15:59:19","date_gmt":"2018-06-04T15:59:19","guid":{"rendered":"http:\/\/archiv.szolnoktv.hu\/?p=9162"},"modified":"2021-08-14T14:18:54","modified_gmt":"2021-08-14T14:18:54","slug":"meglepetes-bucsu-a-szechenyi-koruti-altalanos-iskolaban","status":"publish","type":"post","link":"http:\/\/archiv.szolnoktv.hu\/?p=9162","title":{"rendered":"Meglepet\u00e9s b\u00facs\u00fa a Sz\u00e9chenyi K\u00f6r\u00fati \u00c1ltal\u00e1nos Iskol\u00e1ban"},"content":{"rendered":"<div class='booster-block booster-read-block'><\/div><p>K\u00f6z\u00f6s \u00e9nekkel b\u00facs\u00faztak a Sz\u00e9chenyi K\u00f6r\u00fati \u00c1ltal\u00e1nos Iskola pedag\u00f3gusai \u00e9s dolgoz\u00f3i Sz\u00fcgyi Dezs\u0151t\u0151l, aki az 1980-ban \u00e1tadott \u00e9p\u00fcletben pedag\u00f3gusk\u00e9nt kezdte p\u00e1ly\u00e1j\u00e1t. A nyugd\u00edjba vonul\u00f3 igazgat\u00f3 \u00e9let\u00e9t 38 \u00e9ven kereszt\u00fcl hat\u00e1rozta meg az int\u00e9zm\u00e9ny. <\/p>\n<p>-Ez egy nagyon j\u00f3 \u00e9lhet\u0151 iskola. A gyerekek nem p\u00fcf\u00f6lik egym\u00e1st, nem rong\u00e1lnak sz\u00e1nd\u00e9kosan, sz\u00edvesen j\u00f6nnek be az iskol\u00e1ba. \u00dagy gondolom, hogy rajtam k\u00edv\u00fcl a pedag\u00f3gus koll\u00e9g\u00e1k is nagyon sz\u00edvesen j\u00f6nnek be \u00e9s az itt dolgoz\u00f3k is igyekszik a legjobb tud\u00e1sa szerint tenni a dolg\u00e1t.&#8221;- mondta Sz\u00fcgyi Dezs\u0151 az iskola igazgat\u00f3ja.<\/p>\n<p>Az int\u00e9zm\u00e9ny Szolnok els\u0151 olyan \u00e1ltal\u00e1nos iskol\u00e1ja, ahol a sport kiemelten jelenik meg az oktat\u00e1sban. A sportiskolai arculatnak k\u00f6sz\u00f6nhet\u0151en a Sz\u00e9chenyi m\u00e1ra a v\u00e1ros egyik legn\u00e9pszer\u0171bb \u00e1ltal\u00e1nos iskol\u00e1ja lett, amiben Sz\u00fcgyi Dezs\u0151nek fontos szerepe van.<\/p>\n<p>-A v\u00e1ros egyik- hanem- a legjobb iskol\u00e1ja lett ebb\u0151l az iskol\u00e1b\u00f3l. Sose volt rossz, de azt\u00e1n mindig er\u0151s\u00f6d\u00f6tt \u00e9s ment tov\u00e1bb \u00e9s a mai napig csata van az\u00e9rt, hogy ide beker\u00fclhessen gyerek.&#8221;- mondta Szalay Ferenc polg\u00e1rmester.<\/p>\n<p>Az igazgat\u00f3 el\u00e1rulta, hogy \u00f6r\u00f6kre nem vesz b\u00facs\u00fat az iskol\u00e1t\u00f3l. Tan\u00edtani igaz m\u00e1r nem szeretne, de a hamarosan indul\u00f3 fel\u00faj\u00edt\u00e1s v\u00e9g\u00e9ig biztosan jelen lesz az int\u00e9zm\u00e9nyben. <\/p>\n<div style=\"width: 640px;\" class=\"wp-video\"><!--[if lt IE 9]><script>document.createElement('video');<\/script><![endif]-->\n<video class=\"wp-video-shortcode\" id=\"video-9162-1\" width=\"640\" height=\"360\" preload=\"metadata\" controls=\"controls\"><source type=\"video\/mp4\" src=\"\/spots\/hir\/hir_180604_06.mp4?_=1\" \/><a href=\"\/spots\/hir\/hir_180604_06.mp4\">\/spots\/hir\/hir_180604_06.mp4<\/a><\/video><\/div>\n","protected":false},"excerpt":{"rendered":"<p>K\u00f6z\u00f6s \u00e9nekkel b\u00facs\u00faztak a Sz\u00e9chenyi K\u00f6r\u00fati \u00c1ltal\u00e1nos Iskola pedag\u00f3gusai \u00e9s dolgoz\u00f3i Sz\u00fcgyi Dezs\u0151t\u0151l, aki az 1980-ban \u00e1tadott \u00e9p\u00fcletben pedag\u00f3gusk\u00e9nt kezdte p\u00e1ly\u00e1j\u00e1t. A nyugd\u00edjba vonul\u00f3 igazgat\u00f3 \u00e9let\u00e9t 38 \u00e9ven kereszt\u00fcl hat\u00e1rozta meg az int\u00e9zm\u00e9ny. -Ez egy nagyon j\u00f3 \u00e9lhet\u0151 iskola. A gyerekek nem p\u00fcf\u00f6lik egym\u00e1st, nem rong\u00e1lnak sz\u00e1nd\u00e9kosan, sz\u00edvesen j\u00f6nnek be az iskol\u00e1ba. \u00dagy gondolom, hogy [&hellip;]<\/p>\n","protected":false},"author":2,"featured_media":0,"comment_status":"closed","ping_status":"closed","sticky":false,"template":"","format":"standard","meta":[],"categories":[9],"tags":[],"_links":{"self":[{"href":"http:\/\/archiv.szolnoktv.hu\/index.php?rest_route=\/wp\/v2\/posts\/9162"}],"collection":[{"href":"http:\/\/archiv.szolnoktv.hu\/index.php?rest_route=\/wp\/v2\/posts"}],"about":[{"href":"http:\/\/archiv.szolnoktv.hu\/index.php?rest_route=\/wp\/v2\/types\/post"}],"author":[{"embeddable":true,"href":"http:\/\/archiv.szolnoktv.hu\/index.php?rest_route=\/wp\/v2\/users\/2"}],"replies":[{"embeddable":true,"href":"http:\/\/archiv.szolnoktv.hu\/index.php?rest_route=%2Fwp%2Fv2%2Fcomments&post=9162"}],"version-history":[{"count":1,"href":"http:\/\/archiv.szolnoktv.hu\/index.php?rest_route=\/wp\/v2\/posts\/9162\/revisions"}],"predecessor-version":[{"id":9173,"href":"http:\/\/archiv.szolnoktv.hu\/index.php?rest_route=\/wp\/v2\/posts\/9162\/revisions\/9173"}],"wp:attachment":[{"href":"http:\/\/archiv.szolnoktv.hu\/index.php?rest_route=%2Fwp%2Fv2%2Fmedia&parent=9162"}],"wp:term":[{"taxonomy":"category","embeddable":true,"href":"http:\/\/archiv.szolnoktv.hu\/index.php?rest_route=%2Fwp%2Fv2%2Fcategories&post=9162"},{"taxonomy":"post_tag","embeddable":true,"href":"http:\/\/archiv.szolnoktv.hu\/index.php?rest_route=%2Fwp%2Fv2%2Ftags&post=9162"}],"curies":[{"name":"wp","href":"https:\/\/api.w.org\/{rel}","templated":true}]}}