{"id":9161,"date":"2018-06-04T15:48:15","date_gmt":"2018-06-04T15:48:15","guid":{"rendered":"http:\/\/archiv.szolnoktv.hu\/?p=9161"},"modified":"2021-08-14T14:18:54","modified_gmt":"2021-08-14T14:18:54","slug":"elkezdodott-a-4-es-fout-szolnoki-elkerulo-szakaszanak-felujitasa","status":"publish","type":"post","link":"http:\/\/archiv.szolnoktv.hu\/?p=9161","title":{"rendered":"Elkezd\u0151d\u00f6tt a 4-es f\u0151\u00fat szolnoki elker\u00fcl\u0151 szakasz\u00e1nak fel\u00faj\u00edt\u00e1sa"},"content":{"rendered":"<div class='booster-block booster-read-block'><\/div><p>Mintegy 1220 m\u00e9teren \u00faj\u00edtj\u00e1k fel a 4-es szolnoki elker\u00fcl\u0151 szakasz\u00e1t. A Szent Istv\u00e1n h\u00edd \u00e9s a T\u00f3szegi \u00fati csom\u00f3pont k\u00f6z\u00f6tt m\u00e1r ma reggel 8 \u00f3ra \u00f3ta dolgoztak a kivitelez\u0151 szakemberei. Az els\u0151 napon azokat a jeleket festett\u00e9k fel az \u00fattestre, amelyek ment\u00e9n holnap reggel a mar\u00f3g\u00e9p elkezdi a munk\u00e1t. <\/p>\n<p>-Az aszfaltburkolatot lemarj\u00e1k, azon k\u00edv\u00fcl m\u00e9g a szeg\u00e9lyeket fogj\u00e1k jav\u00edtani \u00e9s a padk\u00e1t. A h\u00edd szerkezet\u00e9n\u00e9l a dilat\u00e1ci\u00f3s szerkezet k\u00f6zel\u00e9ben a h\u00eddszigetel\u00e9sig fognak lemenni, kibontva persze az aszfaltot.&#8221;  &#8211;   mondta a Magyar K\u00f6z\u00fat Nonprofit Zrt. JNSZ megyei igazgat\u00f3ja V\u00e1ntsa Zolt\u00e1n<\/p>\n<p>A kivitelez\u00e9s sor\u00e1n a h\u00edd 70 m\u00e9ter hossz\u00fa szakasz\u00e1nak szigetel\u00e9si hib\u00e1it, be\u00e1z\u00e1sait is kijav\u00edtj\u00e1k, majd ezut\u00e1n k\u00e9t r\u00e9teg aszfalt  &#8211;  egy k\u00f6t\u0151-, \u00e9s egy kop\u00f3 r\u00e9teg-  ker\u00fcl az ac\u00e9lszerkezetre. <\/p>\n<p>A 4-es nyomvonala is meger\u0151s\u00edtett burkolatot kap, amelyet a forgalmi terhel\u00e9s, illetve az \u00e1thalad\u00f3 teheraut\u00f3k \u00e9s kamionok jelent\u0151s s\u00faly\u00fa rakom\u00e1nya indokol. <\/p>\n<p>Szinkron: 2713_01 V\u00e1ntsa Zolt\u00e1n JNSZ megyei igazgat\u00f3, Magyar K\u00f6z\u00fat Nonprofit Zrt. 1:38-1:51 -Ez egy modifik\u00e1lt bitumennel t\u00f6rt\u00e9n\u0151 aszfaltkever\u00e9s lesz \u00e9s ez a fokozott er\u0151hat\u00e1sokat is k\u00e9pes lesz elb\u00edrni.&#8221;  &#8211;   mondta az igazgat\u00f3<\/p>\n<p>A beruh\u00e1z\u00e1s idej\u00e9n a f\u00e9lp\u00e1ly\u00e1s \u00fatlez\u00e1r\u00e1s lesz \u00e9rv\u00e9nyben, amelyen a forgalmat jelz\u0151\u0151r\u00f6k \u00e9s l\u00e1mp\u00e1k ir\u00e1ny\u00edtj\u00e1k, ez\u00e9rt szakemberek jelent\u0151s torl\u00f3d\u00e1sok kialakul\u00e1s\u00e1ra sz\u00e1m\u00edtanak. Az \u00e1thalad\u00f3 forgalom sz\u00e1m\u00e1ra az M3-M35-42-es, valamint az M5-44-47-42-es \u00e9s az M5-M43 utakat javasolj\u00e1k a torl\u00f3d\u00e1s elker\u00fcl\u00e9s\u00e9nek \u00e9rdek\u00e9ben. <\/p>\n<p>V\u00e1ntsa Zolt\u00e1n kiemelte &#8211; -Az orsz\u00e1ghat\u00e1rn\u00e1l m\u00e1r lesz egy figyelmeztet\u00e9s, hogy erre itt torl\u00f3d\u00e1sra lehet sz\u00e1m\u00edtani, illetve az M0-\u00e1son \u00e9s az M5-\u00f6s\u00f6n is ki lesznek \u00edrva a v\u00e1ltoztathat\u00f3 jelz\u00e9sk\u00e9p\u0171 t\u00e1bl\u00e1kra, hogy \u00e9rdemes Szolnokot elker\u00fclni. Ez lehet az M3-ason, illetve a 44-es \u00faton lehet ezt a r\u00e9szt kiker\u00fclni.&#8221; <\/p>\n<p>A mostani beruh\u00e1z\u00e1s is r\u00e9sze annak az \u00fatfejleszt\u00e9si koncepci\u00f3nak, amely keret\u00e9ben az \u00e9v v\u00e9g\u00e9ig JNSZ megy\u00e9ben mintegy 126 kilom\u00e9ter k\u00f6zutat \u00faj\u00edtanak fel 10,5 milli\u00e1rd forintb\u00f3l. A beruh\u00e1z\u00e1s egy r\u00e9sz\u00e9nek forr\u00e1sait a Ter\u00fclet- \u00e9s Telep\u00fcl\u00e9sfejleszt\u00e9si Operat\u00edv Program biztos\u00edtja. A 2,5 milli\u00e1rd forint Uni\u00f3s p\u00e9nzb\u0151l 10 munkater\u00fcleten 46 kilom\u00e9ter utat \u00faj\u00edtanak fel. A hazai, korm\u00e1nyzati, \u00f6sszesen 100 milli\u00e1rd forintnyi forr\u00e1sb\u00f3l pedig a megye 20 helysz\u00edn\u00e9n 80 kilom\u00e9ter \u00fat lesz korszer\u0171s\u00edtve.<\/p>\n<div style=\"width: 640px;\" class=\"wp-video\"><!--[if lt IE 9]><script>document.createElement('video');<\/script><![endif]-->\n<video class=\"wp-video-shortcode\" id=\"video-9161-1\" width=\"640\" height=\"360\" preload=\"metadata\" controls=\"controls\"><source type=\"video\/mp4\" src=\"\/spots\/hir\/hir_180604_05.mp4?_=1\" \/><a href=\"\/spots\/hir\/hir_180604_05.mp4\">\/spots\/hir\/hir_180604_05.mp4<\/a><\/video><\/div>\n","protected":false},"excerpt":{"rendered":"<p>Mintegy 1220 m\u00e9teren \u00faj\u00edtj\u00e1k fel a 4-es szolnoki elker\u00fcl\u0151 szakasz\u00e1t. A Szent Istv\u00e1n h\u00edd \u00e9s a T\u00f3szegi \u00fati csom\u00f3pont k\u00f6z\u00f6tt m\u00e1r ma reggel 8 \u00f3ra \u00f3ta dolgoztak a kivitelez\u0151 szakemberei. Az els\u0151 napon azokat a jeleket festett\u00e9k fel az \u00fattestre, amelyek ment\u00e9n holnap reggel a mar\u00f3g\u00e9p elkezdi a munk\u00e1t. -Az aszfaltburkolatot lemarj\u00e1k, azon k\u00edv\u00fcl m\u00e9g [&hellip;]<\/p>\n","protected":false},"author":2,"featured_media":0,"comment_status":"closed","ping_status":"closed","sticky":false,"template":"","format":"standard","meta":[],"categories":[9],"tags":[],"_links":{"self":[{"href":"http:\/\/archiv.szolnoktv.hu\/index.php?rest_route=\/wp\/v2\/posts\/9161"}],"collection":[{"href":"http:\/\/archiv.szolnoktv.hu\/index.php?rest_route=\/wp\/v2\/posts"}],"about":[{"href":"http:\/\/archiv.szolnoktv.hu\/index.php?rest_route=\/wp\/v2\/types\/post"}],"author":[{"embeddable":true,"href":"http:\/\/archiv.szolnoktv.hu\/index.php?rest_route=\/wp\/v2\/users\/2"}],"replies":[{"embeddable":true,"href":"http:\/\/archiv.szolnoktv.hu\/index.php?rest_route=%2Fwp%2Fv2%2Fcomments&post=9161"}],"version-history":[{"count":1,"href":"http:\/\/archiv.szolnoktv.hu\/index.php?rest_route=\/wp\/v2\/posts\/9161\/revisions"}],"predecessor-version":[{"id":9174,"href":"http:\/\/archiv.szolnoktv.hu\/index.php?rest_route=\/wp\/v2\/posts\/9161\/revisions\/9174"}],"wp:attachment":[{"href":"http:\/\/archiv.szolnoktv.hu\/index.php?rest_route=%2Fwp%2Fv2%2Fmedia&parent=9161"}],"wp:term":[{"taxonomy":"category","embeddable":true,"href":"http:\/\/archiv.szolnoktv.hu\/index.php?rest_route=%2Fwp%2Fv2%2Fcategories&post=9161"},{"taxonomy":"post_tag","embeddable":true,"href":"http:\/\/archiv.szolnoktv.hu\/index.php?rest_route=%2Fwp%2Fv2%2Ftags&post=9161"}],"curies":[{"name":"wp","href":"https:\/\/api.w.org\/{rel}","templated":true}]}}