{"id":9159,"date":"2018-06-04T15:21:47","date_gmt":"2018-06-04T15:21:47","guid":{"rendered":"http:\/\/archiv.szolnoktv.hu\/?p=9159"},"modified":"2021-08-14T14:18:55","modified_gmt":"2021-08-14T14:18:55","slug":"kinyitott-a-dokk","status":"publish","type":"post","link":"http:\/\/archiv.szolnoktv.hu\/?p=9159","title":{"rendered":"Kinyitott a Dokk"},"content":{"rendered":"<div class='booster-block booster-read-block'><\/div><p>Megnyitott a h\u00e9tv\u00e9g\u00e9n kultur\u00e1lis sz\u00f3rakoz\u00e1s sz\u00edntere: a Dokk Terasz. A k\u00fcl\u00f6nleges Tisza-parti hangulat t\u00f6megeket vonz. A sz\u00ednes b\u00fatorzat, a fest\u0151i k\u00f6rnyezet \u00e9s kellemes zene minden kikapcsol\u00f3dni v\u00e1gy\u00f3 ig\u00e9ny\u00e9nek eleget tesz.<\/p>\n<p>-Nekem nagyon tetszik ez a feeling igaz\u00e1b\u00f3l itt a Tisza-parton. Szerintem nagyon j\u00f3 \u00f6tlet volt \u00edgy szabadt\u00e9ri hangulatcsin\u00e1l\u00e1shoz ez a dolog.&#8221; -mondta Bal\u00e1zs Andrea.<\/p>\n<p>Az egy \u00e9ve meg\u00e1lmodott \u00e9s megnyitott Dokk teraszon enni, inni \u00e9s j\u00f3kat besz\u00e9lgetni is lehet. A kellemes hangulathoz a legn\u00e9pszer\u0171bb zen\u00e9k adj\u00e1k az alapot. Szombaton sokan voltak k\u00edv\u00e1ncsiak a szlov\u00e1kiai egy\u00fcttes: az AK26 koncertj\u00e9re is.<\/p>\n<p>-Nagyon szeretem \u0151ket, a tetk\u00f3t egy h\u00f3napja csin\u00e1ltattam, mert a sz\u00edvemhez n\u0151tt. M\u00e1r egy \u00e9ve hallgatom \u0151ket. -mondta Szab\u00f3 Marcell.<\/p>\n<p>A fiatalok kedvenc ny\u00e1ri tal\u00e1lkoz\u00f3hely\u00e9nek csom\u00f3pontj\u00e1ban, a Tiszavir\u00e1g-h\u00edd l\u00e1b\u00e1n\u00e1l az idei ny\u00e1ron is zen\u00e9s programokkal v\u00e1rj\u00e1k a sz\u00f3rakozni v\u00e1gy\u00f3kat. A szervez\u0151k az els\u0151 h\u00e9tv\u00e9ge ut\u00e1n tov\u00e1bb fokozz\u00e1k a hangulatot, hiszen a k\u00e9s\u0151bbiekben is ig\u00e9nyes m\u0171sorokkal kecsegtetnek, eg\u00e9szen szeptember elej\u00e9ig.<\/p>\n<div style=\"width: 640px;\" class=\"wp-video\"><!--[if lt IE 9]><script>document.createElement('video');<\/script><![endif]-->\n<video class=\"wp-video-shortcode\" id=\"video-9159-1\" width=\"640\" height=\"360\" preload=\"metadata\" controls=\"controls\"><source type=\"video\/mp4\" src=\"\/spots\/hir\/hir_180604_03.mp4?_=1\" \/><a href=\"\/spots\/hir\/hir_180604_03.mp4\">\/spots\/hir\/hir_180604_03.mp4<\/a><\/video><\/div>\n","protected":false},"excerpt":{"rendered":"<p>Megnyitott a h\u00e9tv\u00e9g\u00e9n kultur\u00e1lis sz\u00f3rakoz\u00e1s sz\u00edntere: a Dokk Terasz. A k\u00fcl\u00f6nleges Tisza-parti hangulat t\u00f6megeket vonz. A sz\u00ednes b\u00fatorzat, a fest\u0151i k\u00f6rnyezet \u00e9s kellemes zene minden kikapcsol\u00f3dni v\u00e1gy\u00f3 ig\u00e9ny\u00e9nek eleget tesz. -Nekem nagyon tetszik ez a feeling igaz\u00e1b\u00f3l itt a Tisza-parton. Szerintem nagyon j\u00f3 \u00f6tlet volt \u00edgy szabadt\u00e9ri hangulatcsin\u00e1l\u00e1shoz ez a dolog.&#8221; -mondta Bal\u00e1zs Andrea. Az [&hellip;]<\/p>\n","protected":false},"author":2,"featured_media":0,"comment_status":"closed","ping_status":"closed","sticky":false,"template":"","format":"standard","meta":[],"categories":[9],"tags":[],"_links":{"self":[{"href":"http:\/\/archiv.szolnoktv.hu\/index.php?rest_route=\/wp\/v2\/posts\/9159"}],"collection":[{"href":"http:\/\/archiv.szolnoktv.hu\/index.php?rest_route=\/wp\/v2\/posts"}],"about":[{"href":"http:\/\/archiv.szolnoktv.hu\/index.php?rest_route=\/wp\/v2\/types\/post"}],"author":[{"embeddable":true,"href":"http:\/\/archiv.szolnoktv.hu\/index.php?rest_route=\/wp\/v2\/users\/2"}],"replies":[{"embeddable":true,"href":"http:\/\/archiv.szolnoktv.hu\/index.php?rest_route=%2Fwp%2Fv2%2Fcomments&post=9159"}],"version-history":[{"count":1,"href":"http:\/\/archiv.szolnoktv.hu\/index.php?rest_route=\/wp\/v2\/posts\/9159\/revisions"}],"predecessor-version":[{"id":9176,"href":"http:\/\/archiv.szolnoktv.hu\/index.php?rest_route=\/wp\/v2\/posts\/9159\/revisions\/9176"}],"wp:attachment":[{"href":"http:\/\/archiv.szolnoktv.hu\/index.php?rest_route=%2Fwp%2Fv2%2Fmedia&parent=9159"}],"wp:term":[{"taxonomy":"category","embeddable":true,"href":"http:\/\/archiv.szolnoktv.hu\/index.php?rest_route=%2Fwp%2Fv2%2Fcategories&post=9159"},{"taxonomy":"post_tag","embeddable":true,"href":"http:\/\/archiv.szolnoktv.hu\/index.php?rest_route=%2Fwp%2Fv2%2Ftags&post=9159"}],"curies":[{"name":"wp","href":"https:\/\/api.w.org\/{rel}","templated":true}]}}