{"id":9158,"date":"2018-06-04T14:25:20","date_gmt":"2018-06-04T14:25:20","guid":{"rendered":"http:\/\/archiv.szolnoktv.hu\/?p=9158"},"modified":"2021-08-14T14:18:55","modified_gmt":"2021-08-14T14:18:55","slug":"nepzenei-vigadalom","status":"publish","type":"post","link":"http:\/\/archiv.szolnoktv.hu\/?p=9158","title":{"rendered":"N\u00e9pzenei Vigadalom"},"content":{"rendered":"<div class='booster-block booster-read-block'><\/div><p>\u00d3vod\u00e1sok \u00e9s id\u0151sek egy\u00fctt \u00e9nekeltek \u00e9s zen\u00e9ltek a Szakajt\u00f3 Egyes\u00fclet ny\u00e1rind\u00edt\u00f3 rendezv\u00e9ny\u00e9n. A N\u00e9pzenei Vigadalomra J\u00e1szkis\u00e9rr\u0151l, T\u00farkev\u00e9r\u0151l \u00e9s Abonyb\u00f3l is \u00e9rkeztek. A 12 f\u0151s Besenysz\u00f6gi N\u00e9pdalk\u00f6r r\u00e1bapatonai \u00e9s kan\u00e1sz dalokat adott el\u0151.<\/p>\n<p>-Egy p\u00e1r hete m\u00e1r k\u00e9sz\u00fcl\u00fcnk, igaz\u00e1b\u00f3l olyan dalcsokrokat v\u00e1lasztottunk ki a Besenysz\u00f6gi N\u00e9pdalk\u00f6r k\u00e9pviselet\u00e9ben, amiket m\u00e1r kor\u00e1bban is \u00e9nekelt\u00fcnk.&#8221; -mondta Danyi Nikolett n\u00e9pdalk\u00f6r-tag.<\/p>\n<p>A tavaly \u00e1prilisban alakult szolnoki Szakajt\u00f3 M\u0171hely a magyar n\u00e9phagyom\u00e1nyok meg\u0151rz\u00e9s\u00e9t t\u0171zte z\u00e1szlaj\u00e1ra. Mindezt a n\u00e9pzen\u00e9n kereszt\u00fcl.<\/p>\n<p>-Ez a c\u00e9lunk, hogy ne csak az id\u0151sek\u00e9 legyen a n\u00e9pdalk\u00f6r sz\u00f3 \u00e9s ez is a c\u00e9lunk a Szakajt\u00f3 Egyes\u00fclettel, hogy kicsik\u00e9t az ut\u00e1np\u00f3tl\u00e1s nevelj\u00fck. \u00dagy hangszeres tud\u00e1sban, n\u00e9pi hangszerek tud\u00e1s\u00e1ban, ismeret\u00e9ben, mint a n\u00e9pi \u00e9nekek, az igaz\u00e1n sz\u00e9p \u00e9nekek megtanul\u00e1s\u00e1ban is.&#8221;-nyilatkozta Juh\u00e1szn\u00e9 Antal Gabriella, a Szakajt\u00f3 Szolnok N\u00e9pzenei M\u0171hely Egyes\u00fclet eln\u00f6ke.<\/p>\n<p>Az elm\u00falt \u00e9vben n\u00e9pdal\u00e9nek- \u00e9s n\u00e9pi hangszer oktat\u00e1st is szerveztek 3-3 alkalommal. Az egyes\u00fclet tov\u00e1bbi c\u00e9lja, hogy \u00e1lland\u00f3 helyet, sz\u00e9khelyet kapjon, ahol a koncerteknek, a n\u00e9pzenei tal\u00e1lkoz\u00f3knak \u00e9s az oktat\u00e1snak is biztos sz\u00edntere lenne. Az egyes\u00fclet tagjai k\u00f6z\u00e9 folyamatosan v\u00e1rja a n\u00e9pzene kedvel\u0151ket, jelentkezni a Szakajt\u00f3 Szolnok N\u00e9pzenei M\u0171hely k\u00f6z\u00f6ss\u00e9gi oldal\u00e1n lehet.<\/p>\n<div style=\"width: 640px;\" class=\"wp-video\"><!--[if lt IE 9]><script>document.createElement('video');<\/script><![endif]-->\n<video class=\"wp-video-shortcode\" id=\"video-9158-1\" width=\"640\" height=\"360\" preload=\"metadata\" controls=\"controls\"><source type=\"video\/mp4\" src=\"\/spots\/hir\/hir_180604_02.mp4?_=1\" \/><a href=\"\/spots\/hir\/hir_180604_02.mp4\">\/spots\/hir\/hir_180604_02.mp4<\/a><\/video><\/div>\n","protected":false},"excerpt":{"rendered":"<p>\u00d3vod\u00e1sok \u00e9s id\u0151sek egy\u00fctt \u00e9nekeltek \u00e9s zen\u00e9ltek a Szakajt\u00f3 Egyes\u00fclet ny\u00e1rind\u00edt\u00f3 rendezv\u00e9ny\u00e9n. A N\u00e9pzenei Vigadalomra J\u00e1szkis\u00e9rr\u0151l, T\u00farkev\u00e9r\u0151l \u00e9s Abonyb\u00f3l is \u00e9rkeztek. A 12 f\u0151s Besenysz\u00f6gi N\u00e9pdalk\u00f6r r\u00e1bapatonai \u00e9s kan\u00e1sz dalokat adott el\u0151. -Egy p\u00e1r hete m\u00e1r k\u00e9sz\u00fcl\u00fcnk, igaz\u00e1b\u00f3l olyan dalcsokrokat v\u00e1lasztottunk ki a Besenysz\u00f6gi N\u00e9pdalk\u00f6r k\u00e9pviselet\u00e9ben, amiket m\u00e1r kor\u00e1bban is \u00e9nekelt\u00fcnk.&#8221; -mondta Danyi Nikolett n\u00e9pdalk\u00f6r-tag. [&hellip;]<\/p>\n","protected":false},"author":2,"featured_media":0,"comment_status":"closed","ping_status":"closed","sticky":false,"template":"","format":"standard","meta":[],"categories":[9],"tags":[],"_links":{"self":[{"href":"http:\/\/archiv.szolnoktv.hu\/index.php?rest_route=\/wp\/v2\/posts\/9158"}],"collection":[{"href":"http:\/\/archiv.szolnoktv.hu\/index.php?rest_route=\/wp\/v2\/posts"}],"about":[{"href":"http:\/\/archiv.szolnoktv.hu\/index.php?rest_route=\/wp\/v2\/types\/post"}],"author":[{"embeddable":true,"href":"http:\/\/archiv.szolnoktv.hu\/index.php?rest_route=\/wp\/v2\/users\/2"}],"replies":[{"embeddable":true,"href":"http:\/\/archiv.szolnoktv.hu\/index.php?rest_route=%2Fwp%2Fv2%2Fcomments&post=9158"}],"version-history":[{"count":1,"href":"http:\/\/archiv.szolnoktv.hu\/index.php?rest_route=\/wp\/v2\/posts\/9158\/revisions"}],"predecessor-version":[{"id":9177,"href":"http:\/\/archiv.szolnoktv.hu\/index.php?rest_route=\/wp\/v2\/posts\/9158\/revisions\/9177"}],"wp:attachment":[{"href":"http:\/\/archiv.szolnoktv.hu\/index.php?rest_route=%2Fwp%2Fv2%2Fmedia&parent=9158"}],"wp:term":[{"taxonomy":"category","embeddable":true,"href":"http:\/\/archiv.szolnoktv.hu\/index.php?rest_route=%2Fwp%2Fv2%2Fcategories&post=9158"},{"taxonomy":"post_tag","embeddable":true,"href":"http:\/\/archiv.szolnoktv.hu\/index.php?rest_route=%2Fwp%2Fv2%2Ftags&post=9158"}],"curies":[{"name":"wp","href":"https:\/\/api.w.org\/{rel}","templated":true}]}}