{"id":9156,"date":"2018-06-01T19:47:07","date_gmt":"2018-06-01T19:47:07","guid":{"rendered":"http:\/\/archiv.szolnoktv.hu\/?p=9156"},"modified":"2021-08-14T14:18:55","modified_gmt":"2021-08-14T14:18:55","slug":"kezdodik-a-cseresznyeszezon","status":"publish","type":"post","link":"http:\/\/archiv.szolnoktv.hu\/?p=9156","title":{"rendered":"Kezd\u0151dik a cseresznyeszezon"},"content":{"rendered":"<div class='booster-block booster-read-block'><\/div><p>N\u00e9h\u00e1ny standon m\u00e9g lehet epret v\u00e1s\u00e1rolni, azonban szezonj\u00e1t p\u00e1r napon bel\u00fcl a cseresznye v\u00e1ltja fel. A ny\u00e1r egyik kedvelt gy\u00fcm\u00f6lcs\u00e9t m\u00e1r most sokan keresik a piacon. V\u00e1laszt\u00e1skor az \u00edz mellett az \u00e1r is fontos. Ez a termel\u0151 ma egy kil\u00f3t 400 forint\u00e9rt k\u00edn\u00e1lt.<\/p>\n<p>-Ilyen olcs\u00f3t nem is nagyon vettem tavaly, h\u00e1t az 1000 mondjuk az az \u00e1r.&#8221;- mondta Szab\u00f3 Ferencn\u00e9.<\/p>\n<p>-El\u0151sz\u00f6r is megk\u00f3stolom \u00e9s itt m\u00e1r v\u00e1s\u00e1roltam t\u00f6bbsz\u00f6r. Nagyon finom az eper is \u00e9s a csereszny\u00e9je is. \u00c9n visszaj\u00e1r\u00f3 vagyok oda, ahol j\u00f3t kapok.&#8221;-tette hozz\u00e1 Okler Katalin.<\/p>\n<p>Az \u00e1rak tavalyhoz k\u00e9pest nem emelkedtek. A kisebb szem\u0171, korai fajt\u00e1k \u00e1ra 400 \u00e9s 600 forint k\u00f6z\u00f6tt mozog. A nagyobb szem\u0171, k\u00e9sei \u00e9r\u00e9s\u0171 \u00e9s ropog\u00f3sabb csereszny\u00e9kb\u0151l m\u00e9g keveset l\u00e1tni a piacon. Ezekb\u0151l egy kil\u00f3 900 \u00e9s 1000 forint k\u00f6z\u00f6tt van. Decsi L\u00e1szl\u00f3 Csem\u0151b\u0151l 40 kil\u00f3 Germersdorfi csereszny\u00e9t hozott a piacra, melynek kil\u00f3j\u00e1t 400 forint\u00e9rt \u00e1rulta. <\/p>\n<p>-Holnap reggel, ha j\u00f6v\u00f6k, akkor lesz Katalin \u00e9s Germersdorfi \u00e9s azok nagyobbak lesznek, mert a f\u00e1k m\u00e1sabbak. A nejem \u00e9pp ma szedi a holnapra val\u00f3t. Sz\u00f3val szebbek lesznek \u00e9s lehet 100 forinttal dr\u00e1g\u00e1bbak lesznek. De az sem lesz t\u00fal dr\u00e1ga a piachoz viszony\u00edtva.&#8221;- mondta Decsi L\u00e1szl\u00f3 \u0151steremel\u0151.<\/p>\n<p>Ez m\u00e1r Nagyk\u00f6r\u0171 csereszny\u00e9s kertje, ahol t\u00f6bb mint 100 fajta piros gy\u00fcm\u00f6lcs \u00e9rik.  A h\u00edres nagyk\u00f6r\u0171i term\u00e9s 90% -\u00e1t a kedvelt, nagy szem\u0171 Petrovay cseresznye teszi ki. A kedvez\u0151 id\u0151j\u00e1r\u00e1s miatt a termel\u0151k id\u00e9n j\u00f3 szezonra sz\u00e1m\u00edthatnak.<\/p>\n<p>-A szezonnak kett\u0151s arca van. Egyr\u00e9szt \u00fagy l\u00e1tjuk, hogy a term\u00e9s min\u0151s\u00e9ge \u00e9s mennyis\u00e9ge az optim\u00e1lis \u00e9s ide\u00e1lis. A m\u00e1sik oldalr\u00f3l a piac nagyon nehezen indul az id\u00e9n \u00e9s izgatottan v\u00e1rjuk, hogy milyen lesz. Ebben az id\u0151szakban val\u00f3sz\u00edn\u0171leg a keresked\u0151k az\u00e9rt maradtak m\u00e9g el, mert 10 nappal el\u0151r\u00e9bb van az \u00e9r\u00e9s \u00e9s elk\u00e9pzelhet\u0151, hogy a tavalyi reflexek alapj\u00e1n nehezebben \u00e9brednek.&#8221;- mondta Bar\u00e1t J\u00f3zsef Nagyk\u00f6r\u0171 alpolg\u00e1rmestere. <\/p>\n<p>A cseresznye \u00e1ra a szezon el\u0151rehaladt\u00e1val a termel\u0151k szerint jelent\u0151sen nem v\u00e1ltozik, azonban az id\u00e9ny v\u00e9ge a korai \u00e9r\u00e9s miatt hamarabb v\u00e1rhat\u00f3.<br \/>\n<br \/>\n<div style=\"width: 640px;\" class=\"wp-video\"><!--[if lt IE 9]><script>document.createElement('video');<\/script><![endif]-->\n<video class=\"wp-video-shortcode\" id=\"video-9156-1\" width=\"640\" height=\"360\" preload=\"metadata\" controls=\"controls\"><source type=\"video\/mp4\" src=\"\/spots\/hir\/hir_180601_05.mp4?_=1\" \/><a href=\"\/spots\/hir\/hir_180601_05.mp4\">\/spots\/hir\/hir_180601_05.mp4<\/a><\/video><\/div><\/p>\n","protected":false},"excerpt":{"rendered":"<p>N\u00e9h\u00e1ny standon m\u00e9g lehet epret v\u00e1s\u00e1rolni, azonban szezonj\u00e1t p\u00e1r napon bel\u00fcl a cseresznye v\u00e1ltja fel. A ny\u00e1r egyik kedvelt gy\u00fcm\u00f6lcs\u00e9t m\u00e1r most sokan keresik a piacon. V\u00e1laszt\u00e1skor az \u00edz mellett az \u00e1r is fontos. Ez a termel\u0151 ma egy kil\u00f3t 400 forint\u00e9rt k\u00edn\u00e1lt. -Ilyen olcs\u00f3t nem is nagyon vettem tavaly, h\u00e1t az 1000 mondjuk az [&hellip;]<\/p>\n","protected":false},"author":2,"featured_media":0,"comment_status":"closed","ping_status":"closed","sticky":false,"template":"","format":"standard","meta":[],"categories":[9],"tags":[],"_links":{"self":[{"href":"http:\/\/archiv.szolnoktv.hu\/index.php?rest_route=\/wp\/v2\/posts\/9156"}],"collection":[{"href":"http:\/\/archiv.szolnoktv.hu\/index.php?rest_route=\/wp\/v2\/posts"}],"about":[{"href":"http:\/\/archiv.szolnoktv.hu\/index.php?rest_route=\/wp\/v2\/types\/post"}],"author":[{"embeddable":true,"href":"http:\/\/archiv.szolnoktv.hu\/index.php?rest_route=\/wp\/v2\/users\/2"}],"replies":[{"embeddable":true,"href":"http:\/\/archiv.szolnoktv.hu\/index.php?rest_route=%2Fwp%2Fv2%2Fcomments&post=9156"}],"version-history":[{"count":1,"href":"http:\/\/archiv.szolnoktv.hu\/index.php?rest_route=\/wp\/v2\/posts\/9156\/revisions"}],"predecessor-version":[{"id":9179,"href":"http:\/\/archiv.szolnoktv.hu\/index.php?rest_route=\/wp\/v2\/posts\/9156\/revisions\/9179"}],"wp:attachment":[{"href":"http:\/\/archiv.szolnoktv.hu\/index.php?rest_route=%2Fwp%2Fv2%2Fmedia&parent=9156"}],"wp:term":[{"taxonomy":"category","embeddable":true,"href":"http:\/\/archiv.szolnoktv.hu\/index.php?rest_route=%2Fwp%2Fv2%2Fcategories&post=9156"},{"taxonomy":"post_tag","embeddable":true,"href":"http:\/\/archiv.szolnoktv.hu\/index.php?rest_route=%2Fwp%2Fv2%2Ftags&post=9156"}],"curies":[{"name":"wp","href":"https:\/\/api.w.org\/{rel}","templated":true}]}}