{"id":9155,"date":"2018-06-01T19:26:35","date_gmt":"2018-06-01T19:26:35","guid":{"rendered":"http:\/\/archiv.szolnoktv.hu\/?p=9155"},"modified":"2021-08-14T14:18:55","modified_gmt":"2021-08-14T14:18:55","slug":"megnyitott-a-dokk-terasz","status":"publish","type":"post","link":"http:\/\/archiv.szolnoktv.hu\/?p=9155","title":{"rendered":"Megnyitott a DOKK Terasz"},"content":{"rendered":"<div class='booster-block booster-read-block'><\/div><p>-\u00c9n egy szuper kuka vagyok, ez pedig egy szuper cselekedet volt. Szelekt\u00e1ljunk egy\u00fctt.&#8221;<br \/>Ezzel a mott\u00f3val biztat a szelekt\u00edv hullad\u00e9kgy\u0171jt\u00e9sre Szolnok els\u0151 -besz\u00e9l\u0151 kuk\u00e1ja&#8221;. A DOKK Teraszon fel\u00e1ll\u00edtott egyedi kuk\u00e1t a Must\u00e1rmag \u00d3vod\u00e1ba j\u00e1r\u00f3 gyerekek els\u0151k\u00e9nt pr\u00f3b\u00e1lhatt\u00e1k. Papp Bor\u00f3ka elmes\u00e9lte, hogy mit kell tenni, ahhoz, hogy a kont\u00e9ner megsz\u00f3laljon.<\/p>\n<p>-Beledobtam egy PET palackot.&#8221;-mondta Papp Bor\u00f3ka.<\/p>\n<p>A Szelekt\u00e1lOK program j\u00e1t\u00e9kos \u00e1llom\u00e1sain a gyerekek makettezhettek \u00e9s tot\u00f3val tesztelhett\u00e9k tud\u00e1sukat. De volt, akinek a Leng\u0151 PET \u00e9s az \u00d6kokukalukak p\u00e1lya lett a kedvence, sokan pedig hullad\u00e9k horg\u00e1sz\u00e1ssal t\u00f6lt\u00f6tt\u00e9k a legt\u00f6bb id\u0151t. <\/p>\n<p>-Volt kedvencem, a pec\u00e1z\u00f3s volt. Az el\u00e9gg\u00e9 neh\u00e9z volt, viszont nagyon vicces volt, mert senki sem tudta els\u0151re megfogni a dolgokat, amik bent voltak a v\u00edzbe.&#8221;- mes\u00e9lte Mester Sz\u00f3fia Gr\u00e9ta a Szeg\u0151 G\u00e1bor \u00c1ltal\u00e1nos Iskola di\u00e1kja. <\/p>\n<p> A szelekt\u00edv hullad\u00e9kgy\u0171jt\u00e9s \u00e9s a k\u00f6rnyezetv\u00e9delem fontoss\u00e1g\u00e1ra, m\u00e1r \u00f3vod\u00e1s korban fontos felh\u00edvni a figyelmet. A gyerekek egy r\u00e9sze m\u00e1r otthon is szelekt\u00edven gy\u0171jti a hullad\u00e9kot, ez\u00e9rt sokan a kont\u00e9nerek sz\u00edn\u00e9nek jelent\u00e9s\u00e9t is tudj\u00e1k.<\/p>\n<p>-Sz\u00fcrk\u00e9be az \u00fcveget, a feh\u00e9rbe a pap\u00edrt, s\u00e1rg\u00e1ba pedig a m\u0171anyagot.&#8221;- mondta Lakatos M\u00e1t\u00e9 a Szeg\u0151 G\u00e1bor \u00c1ltal\u00e1nos Iskola di\u00e1kja.<\/p>\n<p>A k\u00f6z\u00f6ss\u00e9gi t\u00e9r \u00d6KO nyit\u00f3 rendezv\u00e9ny\u00e9re 5 \u00e1ltal\u00e1nos iskol\u00e1b\u00f3l \u00e9s k\u00e9t \u00f3vod\u00e1b\u00f3l \u00e9rkeztek gyerekek. A V\u00e1rosfejleszt\u0151 Nonprofit Zrt. \u00e9s az NHSZ Szolnok k\u00f6z\u00f6s programja a szelekt\u00edv hullad\u00e9kgy\u0171jt\u00e9s fontoss\u00e1g\u00e1ra h\u00edvja fel a figyelmet. <\/p>\n<p>-Ha valaki megfoghat\u00f3 a t\u00e1rsadalmi csoportok k\u00f6z\u00fcl, akkor azok a gyermekek. Nagyon \u00e9rdekl\u0151dnek. Mindenki eljut addig a pillanatig, amikor kuk\u00e1s szeretne lenni \u00e9s ezeket a dolgokat kiszeretn\u00e9 pr\u00f3b\u00e1lni. J\u00e1t\u00e9kos form\u00e1ban megismertetj\u00fck a k\u00f6rnyezetv\u00e9delemmel, a szelekt\u00edv hullad\u00e9kgy\u0171jt\u00e9ssel, illetve a hullad\u00e9kgazd\u00e1lkod\u00e1s alapjaival.&#8221;- mondta Lits L\u00e1szl\u00f3 az NHSZ Zounok Zrt. \u00fcgyvezet\u0151 igazgat\u00f3ja.<\/p>\n<p>A Szelekt\u00e1lOK program szervez\u0151i szerint a szelekt\u00edv hullad\u00e9kgy\u0171jt\u00e9st soha sem k\u00e9s\u0151 elkezdeni. Ez\u00e9rt a DOKK Terasz -besz\u00e9l\u0151 kuk\u00e1j\u00e1ba&#8221; a szezon v\u00e9g\u00e9ig lehet bedobni az \u00fcres PET palackokat. Az \u00edgy \u00f6sszegy\u0171lt hullad\u00e9kb\u00f3l szobor k\u00e9sz\u00fcl. <\/p>\n<div style=\"width: 640px;\" class=\"wp-video\"><!--[if lt IE 9]><script>document.createElement('video');<\/script><![endif]-->\n<video class=\"wp-video-shortcode\" id=\"video-9155-1\" width=\"640\" height=\"360\" preload=\"metadata\" controls=\"controls\"><source type=\"video\/mp4\" src=\"\/spots\/hir\/hir_180601_03.mp4?_=1\" \/><a href=\"\/spots\/hir\/hir_180601_03.mp4\">\/spots\/hir\/hir_180601_03.mp4<\/a><\/video><\/div>\n","protected":false},"excerpt":{"rendered":"<p>-\u00c9n egy szuper kuka vagyok, ez pedig egy szuper cselekedet volt. Szelekt\u00e1ljunk egy\u00fctt.&#8221;Ezzel a mott\u00f3val biztat a szelekt\u00edv hullad\u00e9kgy\u0171jt\u00e9sre Szolnok els\u0151 -besz\u00e9l\u0151 kuk\u00e1ja&#8221;. A DOKK Teraszon fel\u00e1ll\u00edtott egyedi kuk\u00e1t a Must\u00e1rmag \u00d3vod\u00e1ba j\u00e1r\u00f3 gyerekek els\u0151k\u00e9nt pr\u00f3b\u00e1lhatt\u00e1k. Papp Bor\u00f3ka elmes\u00e9lte, hogy mit kell tenni, ahhoz, hogy a kont\u00e9ner megsz\u00f3laljon. -Beledobtam egy PET palackot.&#8221;-mondta Papp Bor\u00f3ka. A [&hellip;]<\/p>\n","protected":false},"author":2,"featured_media":0,"comment_status":"closed","ping_status":"closed","sticky":false,"template":"","format":"standard","meta":[],"categories":[9],"tags":[],"_links":{"self":[{"href":"http:\/\/archiv.szolnoktv.hu\/index.php?rest_route=\/wp\/v2\/posts\/9155"}],"collection":[{"href":"http:\/\/archiv.szolnoktv.hu\/index.php?rest_route=\/wp\/v2\/posts"}],"about":[{"href":"http:\/\/archiv.szolnoktv.hu\/index.php?rest_route=\/wp\/v2\/types\/post"}],"author":[{"embeddable":true,"href":"http:\/\/archiv.szolnoktv.hu\/index.php?rest_route=\/wp\/v2\/users\/2"}],"replies":[{"embeddable":true,"href":"http:\/\/archiv.szolnoktv.hu\/index.php?rest_route=%2Fwp%2Fv2%2Fcomments&post=9155"}],"version-history":[{"count":1,"href":"http:\/\/archiv.szolnoktv.hu\/index.php?rest_route=\/wp\/v2\/posts\/9155\/revisions"}],"predecessor-version":[{"id":9180,"href":"http:\/\/archiv.szolnoktv.hu\/index.php?rest_route=\/wp\/v2\/posts\/9155\/revisions\/9180"}],"wp:attachment":[{"href":"http:\/\/archiv.szolnoktv.hu\/index.php?rest_route=%2Fwp%2Fv2%2Fmedia&parent=9155"}],"wp:term":[{"taxonomy":"category","embeddable":true,"href":"http:\/\/archiv.szolnoktv.hu\/index.php?rest_route=%2Fwp%2Fv2%2Fcategories&post=9155"},{"taxonomy":"post_tag","embeddable":true,"href":"http:\/\/archiv.szolnoktv.hu\/index.php?rest_route=%2Fwp%2Fv2%2Ftags&post=9155"}],"curies":[{"name":"wp","href":"https:\/\/api.w.org\/{rel}","templated":true}]}}