{"id":9154,"date":"2018-06-01T19:20:39","date_gmt":"2018-06-01T19:20:39","guid":{"rendered":"http:\/\/archiv.szolnoktv.hu\/?p=9154"},"modified":"2021-08-14T14:18:56","modified_gmt":"2021-08-14T14:18:56","slug":"beszakadt-a-madach-utca-egy-auto-alatt","status":"publish","type":"post","link":"http:\/\/archiv.szolnoktv.hu\/?p=9154","title":{"rendered":"Beszakadt a Mad\u00e1ch utca egy aut\u00f3 alatt"},"content":{"rendered":"<div class='booster-block booster-read-block'><\/div><p>Nem mindennapi l\u00e1tv\u00e1ny fogadta ma d\u00e9lut\u00e1n a Mad\u00e1ch \u00fat el\u0151tt a j\u00e1r\u00f3kel\u0151ket. A katasztr\u00f3fav\u00e9delem szakembereit ugyanis egy aut\u00f3hoz riasztott\u00e1k. A g\u00e9pj\u00e1rm\u0171 bal els\u0151 kereke egy f\u00e9l m\u00e9ter \u00e1tm\u00e9r\u0151j\u0171 lyukba szakadt. A szakemberek azonnal megkezdt\u00e9k az aut\u00f3 kiemel\u00e9s\u00e9t. Speci\u00e1lis eszk\u00f6zzel emelt\u00e9k meg a kasznit, hogy a ker\u00e9k kij\u00f6hessen a lyukb\u00f3l.<\/p>\n<p>Miut\u00e1n az aut\u00f3t megemelt\u00e9k \u00e9s a ker\u00e9k al\u00e1 pall\u00f3t toltak, a t\u0171zolt\u00f3 g\u00e9pj\u00e1rm\u0171 leh\u00fazhatta a szem\u00e9lyg\u00e9pkocsit a lyukr\u00f3l.<br \/>Els\u0151 r\u00e1n\u00e9z\u00e9sre nem lehetett meg\u00e1llap\u00edtani, hogy a g\u00e9pj\u00e1rm\u0171ben milyen k\u00e1r keletkezett.<\/p>\n<p>&#8220;Meg\u00e1lltam parkolni, a l\u00e1nyom itt lakik, itt besz\u00e9lgett\u00fcnk, \u00e9s j\u00f6tt egy nagy puffan\u00e1s. Elt\u0171nt a kocsi eleje. \u00c9s ekkor h\u00edvtuk ki a t\u0171zolt\u00f3kat \u00e9s a rend\u0151r\u00f6ket.&#8221; -mondta BEDE ISTV\u00c1N, tulajdonos.<\/p>\n<p>Ekkor m\u00e9g nem lehetett pontosan tudni, hogy mi\u00e9rt szakadt be az \u00fattest a ker\u00e9k alatt. Amikor a VCSM szakemberei odamentek a lyukhoz, \u0151k is meglep\u0151dtek.<\/p>\n<p>&#8220;L\u00e1tod? Le van t\u00f6rve, ott vannak az eternit cs\u0151 darabok, amarr\u00f3l is beszakad a vezet\u00e9k, abb\u00f3l folyik a v\u00edz. Ez\u00e9rt mondtam, meg kell n\u00e9zni. Ez r\u00e9gi vezet\u00e9k. R\u00e9gi.&#8221; -mondt\u00e1k a szakemberek.<\/p>\n<p>Az \u00f6nt\u00f6ttvas vezet\u00e9k el\u00f6regedett \u00e9s -felt\u00e9telezhet\u0151en- elt\u00f6rt. A v\u00edz ekkor is nagy er\u0151vel folyt a cs\u0151b\u0151l. A ki\u00e1raml\u00f3 mennyis\u00e9g egy t\u00f6bb m\u00e9ter sz\u00e9les, m\u00e9ly kr\u00e1tert mosott ki az aszfalt alatt. A jav\u00edt\u00e1s idej\u00e9re a Mad\u00e1ch \u00fat 20 sz\u00e1m el\u0151tt a teljes utat le kellett z\u00e1rni, \u00edgy az \u00e1tmen\u0151 forgalom itt a munk\u00e1latok idej\u00e9re sz\u00fcnetel. Inform\u00e1ci\u00f3ink szerint a vizet is el kellett z\u00e1rni. A szakemberek azt \u00edg\u00e9rt\u00e9k, hogy a hibaelh\u00e1r\u00edt\u00e1st azonnal megkezdik.<br \/>\n<br \/>\n<div style=\"width: 640px;\" class=\"wp-video\"><!--[if lt IE 9]><script>document.createElement('video');<\/script><![endif]-->\n<video class=\"wp-video-shortcode\" id=\"video-9154-1\" width=\"640\" height=\"360\" preload=\"metadata\" controls=\"controls\"><source type=\"video\/mp4\" src=\"\/spots\/hir\/hir_180601_04.mp4?_=1\" \/><a href=\"\/spots\/hir\/hir_180601_04.mp4\">\/spots\/hir\/hir_180601_04.mp4<\/a><\/video><\/div><\/p>\n","protected":false},"excerpt":{"rendered":"<p>Nem mindennapi l\u00e1tv\u00e1ny fogadta ma d\u00e9lut\u00e1n a Mad\u00e1ch \u00fat el\u0151tt a j\u00e1r\u00f3kel\u0151ket. A katasztr\u00f3fav\u00e9delem szakembereit ugyanis egy aut\u00f3hoz riasztott\u00e1k. A g\u00e9pj\u00e1rm\u0171 bal els\u0151 kereke egy f\u00e9l m\u00e9ter \u00e1tm\u00e9r\u0151j\u0171 lyukba szakadt. A szakemberek azonnal megkezdt\u00e9k az aut\u00f3 kiemel\u00e9s\u00e9t. Speci\u00e1lis eszk\u00f6zzel emelt\u00e9k meg a kasznit, hogy a ker\u00e9k kij\u00f6hessen a lyukb\u00f3l. Miut\u00e1n az aut\u00f3t megemelt\u00e9k \u00e9s a [&hellip;]<\/p>\n","protected":false},"author":2,"featured_media":0,"comment_status":"closed","ping_status":"closed","sticky":false,"template":"","format":"standard","meta":[],"categories":[9],"tags":[],"_links":{"self":[{"href":"http:\/\/archiv.szolnoktv.hu\/index.php?rest_route=\/wp\/v2\/posts\/9154"}],"collection":[{"href":"http:\/\/archiv.szolnoktv.hu\/index.php?rest_route=\/wp\/v2\/posts"}],"about":[{"href":"http:\/\/archiv.szolnoktv.hu\/index.php?rest_route=\/wp\/v2\/types\/post"}],"author":[{"embeddable":true,"href":"http:\/\/archiv.szolnoktv.hu\/index.php?rest_route=\/wp\/v2\/users\/2"}],"replies":[{"embeddable":true,"href":"http:\/\/archiv.szolnoktv.hu\/index.php?rest_route=%2Fwp%2Fv2%2Fcomments&post=9154"}],"version-history":[{"count":1,"href":"http:\/\/archiv.szolnoktv.hu\/index.php?rest_route=\/wp\/v2\/posts\/9154\/revisions"}],"predecessor-version":[{"id":9181,"href":"http:\/\/archiv.szolnoktv.hu\/index.php?rest_route=\/wp\/v2\/posts\/9154\/revisions\/9181"}],"wp:attachment":[{"href":"http:\/\/archiv.szolnoktv.hu\/index.php?rest_route=%2Fwp%2Fv2%2Fmedia&parent=9154"}],"wp:term":[{"taxonomy":"category","embeddable":true,"href":"http:\/\/archiv.szolnoktv.hu\/index.php?rest_route=%2Fwp%2Fv2%2Fcategories&post=9154"},{"taxonomy":"post_tag","embeddable":true,"href":"http:\/\/archiv.szolnoktv.hu\/index.php?rest_route=%2Fwp%2Fv2%2Ftags&post=9154"}],"curies":[{"name":"wp","href":"https:\/\/api.w.org\/{rel}","templated":true}]}}