{"id":9153,"date":"2018-06-01T19:00:56","date_gmt":"2018-06-01T19:00:56","guid":{"rendered":"http:\/\/archiv.szolnoktv.hu\/?p=9153"},"modified":"2021-08-14T14:18:56","modified_gmt":"2021-08-14T14:18:56","slug":"tudomanyosan-bizonyitott-a-boldogsagorak-pozitiv-hatasa","status":"publish","type":"post","link":"http:\/\/archiv.szolnoktv.hu\/?p=9153","title":{"rendered":"Tudom\u00e1nyosan bizony\u00edtott a Boldogs\u00e1g\u00f3r\u00e1k pozit\u00edv hat\u00e1sa"},"content":{"rendered":"<div class='booster-block booster-read-block'><\/div><p>\u00d5 maga is meg akarta tanulni hogyan legyen boldog. Majd feln\u0151ttekkel kezdett foglalkozni, hogy \u00e1tadhassa azokat a m\u00f3dszereket, melyekkel t\u00f6r\u00f6lhet\u0151 a negat\u00edv gondolkod\u00e1sm\u00f3d. &#8211; mondta Bagdi Bella, \u00f6tletgazda a Boldog Iskol\u00e1k program szakmai f\u00f3rum\u00e1n.  Egyre t\u00f6bb pedag\u00f3gus r\u00e9szt vett az \u00f3r\u00e1in, innen j\u00f6tt az \u00f6tlet, hogy nemcsak a feln\u0151tteket, hanem a gyerekeket is meg kell tan\u00edtani boldognak lenni. <\/p>\n<p>-Nem vagyok fejleszt\u0151 pedag\u00f3gus ez\u00e9rt olyan koll\u00e9g\u00e1kat h\u00edvtam, akik az adott korcsoportnak a szintj\u00e9re le tudtuk ford\u00edtani \u00e9s \u00e9lm\u00e9nyprogramm\u00e1 tudtuk alak\u00edtani. A negyedik \u00e9vet z\u00e1rjuk id\u00e9n, nagyon j\u00f3k az eredm\u00e9nyeink, az ELTE egyetem tudom\u00e1nyosan is igazolja a program pozit\u00edv hat\u00e1s\u00e1t. &#8211;<\/p>\n<p>Szolnok id\u00e9n csatlakozott a n\u00e9gy \u00e9ve fut\u00f3 programhoz. Minden alapfok\u00fa oktat\u00e1si int\u00e9zm\u00e9nyben \u00e9vente t\u00edz alkalommal tartanak boldogs\u00e1g\u00f3r\u00e1kat.<\/p>\n<p>-A boldogs\u00e1g\u00f3r\u00e1t tekinthetj\u00fck egyfajta szem\u00e9lyis\u00e9g fejleszt\u0151 tr\u00e9ningnek vagy \u00f3r\u00e1nak is, t\u00edz t\u00e9mak\u00f6rrel dolgoznak a gyerekek a tan\u00e9v folyam\u00e1n, minden h\u00f3napnak megvan az adott t\u00e9m\u00e1ja. Minden egyes h\u00f3napnak megvan a specifik\u00e1ci\u00f3ja, ha most a ny\u00e1rra gondolunk akkor a testmozg\u00e1s \u00e9s a c\u00e9lok kit\u0171z\u00e9s\u00e9vel foglalkozhatnak a gyerekek.&#8221;  &#8211; mondta Vatai Soma, szoci\u00e1lpedag\u00f3gus , okleves csal\u00e1d \u00e9s gyermekv\u00e9d\u0151 tan\u00e1r<\/p>\n<p>A szeptembert a h\u00e1la t\u00e9m\u00e1j\u00e1val kezdik a gyerekek. Arr\u00f3l besz\u00e9lgetnek majd a hossz\u00fa sz\u00fcnid\u0151r\u0151l vissza\u00e9rkezve, hogy mi\u00e9rt lehetnek h\u00e1l\u00e1sak \u00e9s mi\u00e9rt tartoznak k\u00f6sz\u00f6nettel.<br \/>\n<br \/>\n<div style=\"width: 640px;\" class=\"wp-video\"><!--[if lt IE 9]><script>document.createElement('video');<\/script><![endif]-->\n<video class=\"wp-video-shortcode\" id=\"video-9153-1\" width=\"640\" height=\"360\" preload=\"metadata\" controls=\"controls\"><source type=\"video\/mp4\" src=\"\/spots\/hir\/hir_180601_02.mp4?_=1\" \/><a href=\"\/spots\/hir\/hir_180601_02.mp4\">\/spots\/hir\/hir_180601_02.mp4<\/a><\/video><\/div><\/p>\n","protected":false},"excerpt":{"rendered":"<p>\u00d5 maga is meg akarta tanulni hogyan legyen boldog. Majd feln\u0151ttekkel kezdett foglalkozni, hogy \u00e1tadhassa azokat a m\u00f3dszereket, melyekkel t\u00f6r\u00f6lhet\u0151 a negat\u00edv gondolkod\u00e1sm\u00f3d. &#8211; mondta Bagdi Bella, \u00f6tletgazda a Boldog Iskol\u00e1k program szakmai f\u00f3rum\u00e1n. Egyre t\u00f6bb pedag\u00f3gus r\u00e9szt vett az \u00f3r\u00e1in, innen j\u00f6tt az \u00f6tlet, hogy nemcsak a feln\u0151tteket, hanem a gyerekeket is meg kell [&hellip;]<\/p>\n","protected":false},"author":2,"featured_media":0,"comment_status":"closed","ping_status":"closed","sticky":false,"template":"","format":"standard","meta":[],"categories":[9],"tags":[],"_links":{"self":[{"href":"http:\/\/archiv.szolnoktv.hu\/index.php?rest_route=\/wp\/v2\/posts\/9153"}],"collection":[{"href":"http:\/\/archiv.szolnoktv.hu\/index.php?rest_route=\/wp\/v2\/posts"}],"about":[{"href":"http:\/\/archiv.szolnoktv.hu\/index.php?rest_route=\/wp\/v2\/types\/post"}],"author":[{"embeddable":true,"href":"http:\/\/archiv.szolnoktv.hu\/index.php?rest_route=\/wp\/v2\/users\/2"}],"replies":[{"embeddable":true,"href":"http:\/\/archiv.szolnoktv.hu\/index.php?rest_route=%2Fwp%2Fv2%2Fcomments&post=9153"}],"version-history":[{"count":1,"href":"http:\/\/archiv.szolnoktv.hu\/index.php?rest_route=\/wp\/v2\/posts\/9153\/revisions"}],"predecessor-version":[{"id":9182,"href":"http:\/\/archiv.szolnoktv.hu\/index.php?rest_route=\/wp\/v2\/posts\/9153\/revisions\/9182"}],"wp:attachment":[{"href":"http:\/\/archiv.szolnoktv.hu\/index.php?rest_route=%2Fwp%2Fv2%2Fmedia&parent=9153"}],"wp:term":[{"taxonomy":"category","embeddable":true,"href":"http:\/\/archiv.szolnoktv.hu\/index.php?rest_route=%2Fwp%2Fv2%2Fcategories&post=9153"},{"taxonomy":"post_tag","embeddable":true,"href":"http:\/\/archiv.szolnoktv.hu\/index.php?rest_route=%2Fwp%2Fv2%2Ftags&post=9153"}],"curies":[{"name":"wp","href":"https:\/\/api.w.org\/{rel}","templated":true}]}}