{"id":9151,"date":"2018-05-31T19:22:58","date_gmt":"2018-05-31T19:22:58","guid":{"rendered":"http:\/\/archiv.szolnoktv.hu\/?p=9151"},"modified":"2021-08-14T14:18:56","modified_gmt":"2021-08-14T14:18:56","slug":"javul-a-kozbiztonsag-ujabb-fejlesztesek-indulnak","status":"publish","type":"post","link":"http:\/\/archiv.szolnoktv.hu\/?p=9151","title":{"rendered":"Javul a k\u00f6zbiztons\u00e1g, \u00fajabb fejleszt\u00e9sek indulnak"},"content":{"rendered":"<div class='booster-block booster-read-block'><\/div><p>A Sebest\u00e9ny k\u00f6r\u00fati Zagyva-h\u00edd j\u00fanius 15-\u00e9n indul\u00f3 teljesk\u00f6r\u0171 rekonstrukci\u00f3ja napirend el\u0151tt volt t\u00e9ma. Mint k\u00e9rd\u00e9sre v\u00e1laszolva elhangzott, a j\u00falius 15-t\u0151l szeptember 15-ig tart\u00f3 id\u0151szak a legkritikusabb, ekkor teljesen lez\u00e1rj\u00e1k a hidat a g\u00e9pj\u00e1rm\u0171forgalom el\u0151l. <\/p>\n<p>&#8211; -Ha most belev\u00e1gunk, akkor egy 4-5 h\u00f3napos munk\u00e1val a h\u00edd \u00fajra hossz\u00fa-hossz\u00fa \u00e9vtizedekig haszn\u00e1lhat\u00f3 lesz. Ha nem, akkor a h\u00edd \u00fajj\u00e1\u00e9p\u00edt\u00e9s\u00e9re lesz sz\u00fcks\u00e9g n\u00e9h\u00e1ny \u00e9v m\u00falva.&#8221;  &#8211;   sz\u00f6gezte le Szalay Ferenc polg\u00e1rmester.<\/p>\n<p>A fel\u00faj\u00edt\u00e1s miatt forgalmi rend v\u00e1ltoz\u00e1sokra is sz\u00e1m\u00edtani kell majd a Szabads\u00e1g t\u00e9ri csom\u00f3pontban. A k\u00f6zleked\u00e9s t\u00e9mak\u00f6re a k\u00f6zbiztons\u00e1gi besz\u00e1mol\u00f3 kapcs\u00e1n is sz\u00f3ba ker\u00fclt, a rend\u0151rs\u00e9g adatai szerint egyed\u00fcl a baleseti helyzet romlott tavaly 2016-hoz k\u00e9pest, minden m\u00e1s mutat\u00f3 jelent\u0151s javul\u00e1st mutat.<\/p>\n<p>&#8211; -Az elm\u00falt \u00e9vben mind\u00f6sszesen 1916 b\u0171ncselekm\u00e9nyt regisztr\u00e1ltak Szolnok v\u00e1ros\u00e1ban, ez 10,1%-os cs\u00f6kken\u00e9st jelent az elm\u00falt \u00e9vhez k\u00e9pest \u00e9s meg\u00e1llap\u00edthat\u00f3 tendenciailag, hogy 2012 \u00f3ta folyamatosan cs\u00f6kken a v\u00e1rosban a regisztr\u00e1lt b\u0171ncselekm\u00e9nyek sz\u00e1ma, emellett az elm\u00falt \u00e9vben igen jelent\u0151sen emelkedett, 21,6%-kal a rend\u0151rkapit\u00e1nys\u00e1g nyomoz\u00e1seredm\u00e9nyess\u00e9ge.&#8221;  &#8211;   ismertette a tendenci\u00e1kat Egedi Istv\u00e1n r. ezredes, kapit\u00e1nys\u00e1gvezet\u0151. <\/p>\n<p>A k\u00e9pvisel\u0151k  &#8211;   dics\u00e9rve az \u00e1llom\u00e1ny munk\u00e1j\u00e1t \u00e9s az el\u00e9rt eredm\u00e9nyeket  &#8211;   a k\u00f6z\u00faton szab\u00e1lytalankod\u00f3k kisz\u0171r\u00e9se \u00e9rdek\u00e9ben, vagy a k\u00e1b\u00edt\u00f3szergyan\u00fas esetekben m\u00e9g hat\u00e1rozottabb fell\u00e9p\u00e9st k\u00e9rtek a rend \u0151reit\u0151l.<\/p>\n<p>A test\u00fclet megt\u00e1rgyalta a Szolnok Hazav\u00e1r Program eddigi eredm\u00e9nyeit is. K\u00e9t k\u00eds\u00e9rleti \u00e9v kedvez\u0151 tapasztalatai alapj\u00e1n -Szolnokon a j\u00f6v\u0151d!&#8221; elnevez\u00e9ssel folytat\u00f3dik a gyakornoki program, egy\u00fattal \u00fajabb elemekkel b\u0151v\u00edten\u00e9k a lehet\u0151s\u00e9gek t\u00e1rh\u00e1z\u00e1t.<\/p>\n<p>&#8211; -Ki kellen eg\u00e9sz\u00edteni mag\u00e1nak a polg\u00e1rmesteri hivatalnak az ut\u00e1np\u00f3tl\u00e1s\u00e1nak a biztos\u00edt\u00e1s\u00e1val is. Ez k\u00f6lts\u00e9gvet\u00e9si t\u00e9ma, \u00e9n \u00fagy gondolom, hogy ett\u0151l nem z\u00e1rk\u00f3zik el a hivatal, nem z\u00e1rk\u00f3znak el a k\u00e9pvisel\u0151k.&#8221;  &#8211;   mondta T\u00f3th Istv\u00e1nn\u00e9.<\/p>\n<p>Falusi Vajk szerint pedig: &#8211; -Kidolgozhatn\u00e1nk egy olyan programot is, ami arr\u00f3l sz\u00f3lna, hogy egy megfelel\u0151 \u00f6szt\u00f6nd\u00edjt\u00e1mogat\u00e1ssal bizonyos hi\u00e1nyszakm\u00e1k eset\u00e9ben a fiatalokat cs\u00e1b\u00edtsuk Szolnokra \u00e9s pr\u00f3b\u00e1ljuk meg itt \u0151ket letelep\u00edteni a v\u00e1rosban.&#8221;<\/p>\n<p>A k\u00e9pvisel\u0151k \u00fajabb beruh\u00e1z\u00e1sok ind\u00edt\u00e1s\u00e1r\u00f3l is d\u00f6nt\u00f6ttek. 833 milli\u00f3 forintb\u00f3l 20 \u00f6nkorm\u00e1nyzati \u00e9p\u00fclet energetikai fejleszt\u00e9se val\u00f3sul meg.<\/p>\n<p>&#8211; -Ebb\u0151l 12 \u00e9p\u00fcleten tudunk v\u00e9grehajtani olyan energetikai korszer\u0171s\u00edt\u00e9seket, amelyek t\u00e9nyleges fizikai beavatkoz\u00e1st ig\u00e9nyelnek, gondolok itt a ny\u00edl\u00e1sz\u00e1r\u00f3k cser\u00e9j\u00e9re, a szigetel\u00e9sek elv\u00e9gz\u00e9s\u00e9re \u00e9s a hasonl\u00f3 jelleg\u0171 feladatokra, illetve 8 \u00e9p\u00fclet eset\u00e9ben pedig az energiahat\u00e9konys\u00e1g n\u00f6vel\u00e9se \u00e9rdek\u00e9ben napelemek kihelyez\u00e9s\u00e9re ker\u00fcl sor.&#8221;  &#8211;   sorolta K\u00e1llai S\u00e1ndor a Fejleszt\u00e9si Oszt\u00e1ly vezet\u0151je.<\/p>\n<p>Megkezd\u0151dik a Katona J\u00f3zsef utcai szegreg\u00e1tum infrastruktur\u00e1lis \u00e9s hum\u00e1n fejleszt\u00e9se. A t\u00f6bbi k\u00f6z\u00f6tt 10 \u00f6nkorm\u00e1nyzati b\u00e9rlak\u00e1s fel\u00faj\u00edt\u00e1sa val\u00f3sul meg, \u00e9s k\u00f6z\u00f6ss\u00e9gi h\u00e1z is \u00e9p\u00fcl. A k\u00e9t projektre 280 milli\u00f3 forint uni\u00f3s forr\u00e1st k\u00f6lt a v\u00e1ros.<\/p>\n<div style=\"width: 640px;\" class=\"wp-video\"><!--[if lt IE 9]><script>document.createElement('video');<\/script><![endif]-->\n<video class=\"wp-video-shortcode\" id=\"video-9151-1\" width=\"640\" height=\"360\" preload=\"metadata\" controls=\"controls\"><source type=\"video\/mp4\" src=\"\/spots\/hir\/hir_180531_07.mp4?_=1\" \/><a href=\"\/spots\/hir\/hir_180531_07.mp4\">\/spots\/hir\/hir_180531_07.mp4<\/a><\/video><\/div>\n","protected":false},"excerpt":{"rendered":"<p>A Sebest\u00e9ny k\u00f6r\u00fati Zagyva-h\u00edd j\u00fanius 15-\u00e9n indul\u00f3 teljesk\u00f6r\u0171 rekonstrukci\u00f3ja napirend el\u0151tt volt t\u00e9ma. Mint k\u00e9rd\u00e9sre v\u00e1laszolva elhangzott, a j\u00falius 15-t\u0151l szeptember 15-ig tart\u00f3 id\u0151szak a legkritikusabb, ekkor teljesen lez\u00e1rj\u00e1k a hidat a g\u00e9pj\u00e1rm\u0171forgalom el\u0151l. &#8211; -Ha most belev\u00e1gunk, akkor egy 4-5 h\u00f3napos munk\u00e1val a h\u00edd \u00fajra hossz\u00fa-hossz\u00fa \u00e9vtizedekig haszn\u00e1lhat\u00f3 lesz. Ha nem, akkor a h\u00edd [&hellip;]<\/p>\n","protected":false},"author":2,"featured_media":0,"comment_status":"closed","ping_status":"closed","sticky":false,"template":"","format":"standard","meta":[],"categories":[9],"tags":[],"_links":{"self":[{"href":"http:\/\/archiv.szolnoktv.hu\/index.php?rest_route=\/wp\/v2\/posts\/9151"}],"collection":[{"href":"http:\/\/archiv.szolnoktv.hu\/index.php?rest_route=\/wp\/v2\/posts"}],"about":[{"href":"http:\/\/archiv.szolnoktv.hu\/index.php?rest_route=\/wp\/v2\/types\/post"}],"author":[{"embeddable":true,"href":"http:\/\/archiv.szolnoktv.hu\/index.php?rest_route=\/wp\/v2\/users\/2"}],"replies":[{"embeddable":true,"href":"http:\/\/archiv.szolnoktv.hu\/index.php?rest_route=%2Fwp%2Fv2%2Fcomments&post=9151"}],"version-history":[{"count":1,"href":"http:\/\/archiv.szolnoktv.hu\/index.php?rest_route=\/wp\/v2\/posts\/9151\/revisions"}],"predecessor-version":[{"id":9184,"href":"http:\/\/archiv.szolnoktv.hu\/index.php?rest_route=\/wp\/v2\/posts\/9151\/revisions\/9184"}],"wp:attachment":[{"href":"http:\/\/archiv.szolnoktv.hu\/index.php?rest_route=%2Fwp%2Fv2%2Fmedia&parent=9151"}],"wp:term":[{"taxonomy":"category","embeddable":true,"href":"http:\/\/archiv.szolnoktv.hu\/index.php?rest_route=%2Fwp%2Fv2%2Fcategories&post=9151"},{"taxonomy":"post_tag","embeddable":true,"href":"http:\/\/archiv.szolnoktv.hu\/index.php?rest_route=%2Fwp%2Fv2%2Ftags&post=9151"}],"curies":[{"name":"wp","href":"https:\/\/api.w.org\/{rel}","templated":true}]}}