{"id":9150,"date":"2018-05-31T19:21:01","date_gmt":"2018-05-31T19:21:01","guid":{"rendered":"http:\/\/archiv.szolnoktv.hu\/?p=9150"},"modified":"2021-08-14T14:18:56","modified_gmt":"2021-08-14T14:18:56","slug":"kolyokpark-nyilik-szolnokon","status":"publish","type":"post","link":"http:\/\/archiv.szolnoktv.hu\/?p=9150","title":{"rendered":"K\u00f6ly\u00f6kpark ny\u00edlik Szolnokon"},"content":{"rendered":"<div class='booster-block booster-read-block'><\/div><p>Egy \u00faj Magyarorsz\u00e1gon m\u00e1r 20 \u00e9ve m\u0171k\u00f6d\u0151  fejleszt\u0151k\u00f6zpont \u00e9s \u00e9lm\u00e9nypark szakmai bemutat\u00f3j\u00e1t rendezt\u00e9k ma Szolnokon. A b\u00f6lcs\u0151d\u00e9ben, \u00f3vod\u00e1ban \u00e9s \u00e1ltal\u00e1nos iskol\u00e1ban dolgoz\u00f3 pedag\u00f3gusoknak a m\u00f3dszerekr\u0151l sz\u00e1moltak be. A szabad j\u00e1t\u00e9kra lehet\u0151s\u00e9get biztos\u00edt\u00f3 park 0-10 \u00e9ves korig aj\u00e1nlott a gyerekeknek. A park tizedikk\u00e9nt ny\u00edlik Szolnokon a tan\u00e9v utols\u00f3 napj\u00e1n. <\/p>\n<p>Dr. Fekete \u00c9va alap\u00edt\u00f3-\u00fcgyvezet\u0151 K\u00f6ly\u00f6kpark: <\/p>\n<p>-&#8220;Egy mozg\u00e1s- \u00e9s k\u00e9szs\u00e9gfejleszt\u0151 centrum, egy tudatos j\u00e1tsz\u00f3h\u00e1z, ahol olyan j\u00e1t\u00e9kokat pr\u00f3b\u00e1lunk a szabad j\u00e1t\u00e9k sor\u00e1n a gyerek rendelkez\u00e9s\u00e9re bocs\u00e1tani, amelyek k\u00e9szs\u00e9geket, k\u00e9pess\u00e9geket fejlesztenek. Mik\u00f6zben m\u00e9giscsak egy \u00e9lm\u00e9nypark \u00e9s az \u00f6r\u00f6mszerz\u00e9sr\u0151l sz\u00f3l els\u0151sorban. &#8211;<\/p>\n<p>A korai fejleszt\u0151 pedag\u00f3gusok, pszichol\u00f3gusok \u00e1ltal \u00f6ssze\u00e1ll\u00edtott j\u00e1t\u00e9kokkal teli hely alternat\u00edv testnevel\u00e9s \u00e9s oszt\u00e1lyf\u0151n\u00f6ki \u00f3r\u00e1kra is alkalmas, de fizikai, k\u00e9miai k\u00eds\u00e9rletek helysz\u00edne is lehet. Az \u00e1llami gondoskod\u00e1sban \u00e9l\u0151 gyermekek sz\u00e1m\u00e1ra pedig ingyenes a lehet\u0151s\u00e9g. <\/p>\n<p> Tibenszky Moni Lisa  alap\u00edt\u00f3 \u00fcgyvezet\u0151  Felel\u0151s Sz\u00fcl\u0151k Iskol\u00e1ja<\/p>\n<p>-&#8220;Minden szolnoki \u00e9s Szolnok k\u00f6rny\u00e9ki iskol\u00e1nak, \u00f3vod\u00e1nak b\u00f6lcs\u0151d\u00e9nek lehet\u0151s\u00e9g\u00fcnk van 30-30 jegyet adni, hogy azoknak a gyerekeknek adj\u00e1k oda, akiknek a legnagyobb sz\u00fcks\u00e9g\u00fck van r\u00e1. \u00c9s m\u00e9g azt is mondjuk, hogy ne a kit\u0171n\u0151 tanul\u00f3knak, hanem akik saj\u00e1t magukhoz k\u00e9pest a legt\u00f6bbet fejl\u0151dtek. &#8211;<\/p>\n<p>A korai fejleszt\u00e9s, mozg\u00e1sfejleszt\u00e9s mellett a diszlexi\u00e1s, diszkalkuli\u00e1s, s\u00e9r\u00fclt, de az eg\u00e9szs\u00e9ges, tanul\u00e1si neh\u00e9zs\u00e9gekkel k\u00fczd\u0151 gyerekek sz\u00e1m\u00e1ra is hasznos lehet\u0151s\u00e9g a k\u00fcl\u00f6nleges, b\u00e1tors\u00e1got , egyens\u00faly\u00e9rz\u00e9ket, agyi funkci\u00f3kat is fejleszt\u0151 j\u00e1tsz\u00f3t\u00e9r. <\/p>\n<div style=\"width: 640px;\" class=\"wp-video\"><!--[if lt IE 9]><script>document.createElement('video');<\/script><![endif]-->\n<video class=\"wp-video-shortcode\" id=\"video-9150-1\" width=\"640\" height=\"360\" preload=\"metadata\" controls=\"controls\"><source type=\"video\/mp4\" src=\"\/spots\/hir\/hir_180531_06.mp4?_=1\" \/><a href=\"\/spots\/hir\/hir_180531_06.mp4\">\/spots\/hir\/hir_180531_06.mp4<\/a><\/video><\/div>\n","protected":false},"excerpt":{"rendered":"<p>Egy \u00faj Magyarorsz\u00e1gon m\u00e1r 20 \u00e9ve m\u0171k\u00f6d\u0151 fejleszt\u0151k\u00f6zpont \u00e9s \u00e9lm\u00e9nypark szakmai bemutat\u00f3j\u00e1t rendezt\u00e9k ma Szolnokon. A b\u00f6lcs\u0151d\u00e9ben, \u00f3vod\u00e1ban \u00e9s \u00e1ltal\u00e1nos iskol\u00e1ban dolgoz\u00f3 pedag\u00f3gusoknak a m\u00f3dszerekr\u0151l sz\u00e1moltak be. A szabad j\u00e1t\u00e9kra lehet\u0151s\u00e9get biztos\u00edt\u00f3 park 0-10 \u00e9ves korig aj\u00e1nlott a gyerekeknek. A park tizedikk\u00e9nt ny\u00edlik Szolnokon a tan\u00e9v utols\u00f3 napj\u00e1n. Dr. Fekete \u00c9va alap\u00edt\u00f3-\u00fcgyvezet\u0151 K\u00f6ly\u00f6kpark: -&#8220;Egy mozg\u00e1s- [&hellip;]<\/p>\n","protected":false},"author":2,"featured_media":0,"comment_status":"closed","ping_status":"closed","sticky":false,"template":"","format":"standard","meta":[],"categories":[9],"tags":[],"_links":{"self":[{"href":"http:\/\/archiv.szolnoktv.hu\/index.php?rest_route=\/wp\/v2\/posts\/9150"}],"collection":[{"href":"http:\/\/archiv.szolnoktv.hu\/index.php?rest_route=\/wp\/v2\/posts"}],"about":[{"href":"http:\/\/archiv.szolnoktv.hu\/index.php?rest_route=\/wp\/v2\/types\/post"}],"author":[{"embeddable":true,"href":"http:\/\/archiv.szolnoktv.hu\/index.php?rest_route=\/wp\/v2\/users\/2"}],"replies":[{"embeddable":true,"href":"http:\/\/archiv.szolnoktv.hu\/index.php?rest_route=%2Fwp%2Fv2%2Fcomments&post=9150"}],"version-history":[{"count":1,"href":"http:\/\/archiv.szolnoktv.hu\/index.php?rest_route=\/wp\/v2\/posts\/9150\/revisions"}],"predecessor-version":[{"id":9185,"href":"http:\/\/archiv.szolnoktv.hu\/index.php?rest_route=\/wp\/v2\/posts\/9150\/revisions\/9185"}],"wp:attachment":[{"href":"http:\/\/archiv.szolnoktv.hu\/index.php?rest_route=%2Fwp%2Fv2%2Fmedia&parent=9150"}],"wp:term":[{"taxonomy":"category","embeddable":true,"href":"http:\/\/archiv.szolnoktv.hu\/index.php?rest_route=%2Fwp%2Fv2%2Fcategories&post=9150"},{"taxonomy":"post_tag","embeddable":true,"href":"http:\/\/archiv.szolnoktv.hu\/index.php?rest_route=%2Fwp%2Fv2%2Ftags&post=9150"}],"curies":[{"name":"wp","href":"https:\/\/api.w.org\/{rel}","templated":true}]}}