{"id":9149,"date":"2018-05-31T19:18:00","date_gmt":"2018-05-31T19:18:00","guid":{"rendered":"http:\/\/archiv.szolnoktv.hu\/?p=9149"},"modified":"2021-08-14T14:18:57","modified_gmt":"2021-08-14T14:18:57","slug":"szolnok-bolt-a-tourinform-irodaban","status":"publish","type":"post","link":"http:\/\/archiv.szolnoktv.hu\/?p=9149","title":{"rendered":"Szolnok Bolt a Tourinform Irod\u00e1ban"},"content":{"rendered":"<div class='booster-block booster-read-block'><\/div><p>Az Ag\u00f3r\u00e1ban m\u0171k\u00f6d\u0151 Tourinform Szolnok Iroda els\u0151dleges c\u00e9lja a belf\u00f6ldi turisztikai inform\u00e1ci\u00f3k ut\u00e1n \u00e9rdekl\u0151d\u0151k fogad\u00e1sa. De nem csak t\u00e1j\u00e9koztatj\u00e1k a l\u00e1togat\u00f3kat, hanem aj\u00e1nd\u00e9kt\u00e1rgyakkal is k\u00edn\u00e1lj\u00e1k \u0151ket. <\/p>\n<p>-T\u00f6bb, mint h\u00fasz k\u00e9zm\u0171vesnek tal\u00e1lhat\u00f3 itt meg a term\u00e9ke. Szolnokra jellemz\u0151 term\u00e9kek, illetve magyaros term\u00e9keket \u00e1rus\u00edtunk.&#8221; -nyilatkozta B\u00e1r\u00e1ndin\u00e9 Nikol\u00e9nyi Edit, a Tourinform Szolnok Iroda vezet\u0151je.<\/p>\n<p>Az irod\u00e1ban m\u0171k\u00f6d\u0151 Szolnok Bolt k\u00e9szlete folyamatosan b\u0151v\u00fcl: a napokban egy fiatal grafikus tervez\u0151csoport term\u00e9keivel. Erre az\u00e9rt volt sz\u00fcks\u00e9g, mert egyre nagyobb ig\u00e9ny mutatkozott a Szolnok h\u00edr\u00e9t, \u00e9rt\u00e9keit k\u00f6zvet\u00edt\u0151, \u00f6r\u00f6kre sz\u00f3l\u00f3, \u00e1m m\u00e9gis fiatalokat megsz\u00f3l\u00edt\u00f3 eml\u00e9kt\u00e1rgyakra. A megyesz\u00e9khely jellegzetes \u00e9p\u00fcleteit, helysz\u00edneit \u00e9s eml\u00e9kk\u00e9peit haszn\u00e1lt\u00e1k fel erre.<\/p>\n<p>&#8211; Majd meg is l\u00e1tjuk, hogy a Tiszavir\u00e1g-fesztiv\u00e1lt, akkor a S\u00f6r\u00e1riumot, a Dokkot hogy pr\u00f3b\u00e1ltuk megjelen\u00edteni. A Sz\u00e9chenyi Lak\u00f3telepet, a Csillag\u00e1szatunkat. Hogy ne csak a k\u00fclf\u00f6ldiek, hanem a szolnokiak is v\u00e1s\u00e1roljanak, mert tudom, hogy nagyon sok di\u00e1k megy cseredi\u00e1k-tanfolyamra, mennek k\u00fclf\u00f6ldre, mennek m\u00e1s v\u00e1rosokba \u00e9s mindig vinne az ember valamit.&#8221; -mondta Kuklics Erika, a Tom Art Rekl\u00e1mstudi\u00f3 munkat\u00e1rsa.<\/p>\n<p>Vintage, retro \u00e9s sz\u00fcrre\u00e1l st\u00edlusban alkottak a tervez\u0151k. 2 \u00e9ves, apr\u00f3l\u00e9kos munkafolyamat el\u0151zte meg a v\u00e9geredm\u00e9nyt. A kreat\u00edv csoport k\u00e9peslapra, ceruz\u00e1ra, poh\u00e1ral\u00e1t\u00e9tre, de m\u00e9g f\u00e1b\u00f3l k\u00e9sz\u00fclt v\u00e1g\u00f3deszk\u00e1ra is Szolnok jellegzetes elemeit rajzolta oda, nem h\u00e9tk\u00f6znapi form\u00e1ban.<\/p>\n<p>-Ezek a term\u00e9kek  &#8211;   tudom, hogy meglep\u0151ek- ez egy gyufa h\u0171t\u0151m\u00e1gnessel. Ezeket lehet megtal\u00e1lni a Tourinformba, a RepT\u00e1rba \u00e9s majd k\u00fcl\u00f6nb\u00f6z\u0151 pubokban fogj\u00e1k \u00e9szrevenni ezt a st\u00edlust. Itt, mutatom az els\u0151 jelk\u00e9p\u00fcnket: Szolnokr\u00f3l. Ez a gyalogh\u00edd. Ez is egy teljesen \u00fajragondolt hangulatban, de szerintem egy szerethet\u0151 forma \u00e9s szerintem mindenki szeretn\u00e9, hogy a saj\u00e1t h\u0171t\u0151j\u00e9n egy ilyen gyalogh\u00edd szerepelne.&#8221; -tette hozz\u00e1 Kuklics Erika.<\/p>\n<p>Az irod\u00e1ban elmondt\u00e1k, gyakran t\u00e9rnek be k\u00fclf\u00f6ldiek. Az aj\u00e1nd\u00e9kt\u00e1rgyak n\u00e9pszer\u0171s\u00e9gi list\u00e1j\u00e1t a k\u00e9peslapok vezetik. K\u00e9rd\u00e9s- az \u00faj gener\u00e1ci\u00f3s szuven\u00edrekre mekkora lesz az ig\u00e9ny?<br \/>\n<br \/>\n<div style=\"width: 640px;\" class=\"wp-video\"><!--[if lt IE 9]><script>document.createElement('video');<\/script><![endif]-->\n<video class=\"wp-video-shortcode\" id=\"video-9149-1\" width=\"640\" height=\"360\" preload=\"metadata\" controls=\"controls\"><source type=\"video\/mp4\" src=\"\/spots\/hir\/hir_180531_05.mp4?_=1\" \/><a href=\"\/spots\/hir\/hir_180531_05.mp4\">\/spots\/hir\/hir_180531_05.mp4<\/a><\/video><\/div><\/p>\n","protected":false},"excerpt":{"rendered":"<p>Az Ag\u00f3r\u00e1ban m\u0171k\u00f6d\u0151 Tourinform Szolnok Iroda els\u0151dleges c\u00e9lja a belf\u00f6ldi turisztikai inform\u00e1ci\u00f3k ut\u00e1n \u00e9rdekl\u0151d\u0151k fogad\u00e1sa. De nem csak t\u00e1j\u00e9koztatj\u00e1k a l\u00e1togat\u00f3kat, hanem aj\u00e1nd\u00e9kt\u00e1rgyakkal is k\u00edn\u00e1lj\u00e1k \u0151ket. -T\u00f6bb, mint h\u00fasz k\u00e9zm\u0171vesnek tal\u00e1lhat\u00f3 itt meg a term\u00e9ke. Szolnokra jellemz\u0151 term\u00e9kek, illetve magyaros term\u00e9keket \u00e1rus\u00edtunk.&#8221; -nyilatkozta B\u00e1r\u00e1ndin\u00e9 Nikol\u00e9nyi Edit, a Tourinform Szolnok Iroda vezet\u0151je. Az irod\u00e1ban m\u0171k\u00f6d\u0151 Szolnok [&hellip;]<\/p>\n","protected":false},"author":2,"featured_media":0,"comment_status":"closed","ping_status":"closed","sticky":false,"template":"","format":"standard","meta":[],"categories":[9],"tags":[],"_links":{"self":[{"href":"http:\/\/archiv.szolnoktv.hu\/index.php?rest_route=\/wp\/v2\/posts\/9149"}],"collection":[{"href":"http:\/\/archiv.szolnoktv.hu\/index.php?rest_route=\/wp\/v2\/posts"}],"about":[{"href":"http:\/\/archiv.szolnoktv.hu\/index.php?rest_route=\/wp\/v2\/types\/post"}],"author":[{"embeddable":true,"href":"http:\/\/archiv.szolnoktv.hu\/index.php?rest_route=\/wp\/v2\/users\/2"}],"replies":[{"embeddable":true,"href":"http:\/\/archiv.szolnoktv.hu\/index.php?rest_route=%2Fwp%2Fv2%2Fcomments&post=9149"}],"version-history":[{"count":1,"href":"http:\/\/archiv.szolnoktv.hu\/index.php?rest_route=\/wp\/v2\/posts\/9149\/revisions"}],"predecessor-version":[{"id":9186,"href":"http:\/\/archiv.szolnoktv.hu\/index.php?rest_route=\/wp\/v2\/posts\/9149\/revisions\/9186"}],"wp:attachment":[{"href":"http:\/\/archiv.szolnoktv.hu\/index.php?rest_route=%2Fwp%2Fv2%2Fmedia&parent=9149"}],"wp:term":[{"taxonomy":"category","embeddable":true,"href":"http:\/\/archiv.szolnoktv.hu\/index.php?rest_route=%2Fwp%2Fv2%2Fcategories&post=9149"},{"taxonomy":"post_tag","embeddable":true,"href":"http:\/\/archiv.szolnoktv.hu\/index.php?rest_route=%2Fwp%2Fv2%2Ftags&post=9149"}],"curies":[{"name":"wp","href":"https:\/\/api.w.org\/{rel}","templated":true}]}}