{"id":9147,"date":"2018-05-31T19:06:51","date_gmt":"2018-05-31T19:06:51","guid":{"rendered":"http:\/\/archiv.szolnoktv.hu\/?p=9147"},"modified":"2021-08-14T14:18:57","modified_gmt":"2021-08-14T14:18:57","slug":"tiz-kep-tiz-szobor","status":"publish","type":"post","link":"http:\/\/archiv.szolnoktv.hu\/?p=9147","title":{"rendered":"T\u00edz k\u00e9p  &#8211;   T\u00edz szobor"},"content":{"rendered":"<div class='booster-block booster-read-block'><\/div><p>Az \u00e9let mindig egy k\u00fczdelem, \u00e9s v\u00e9g\u00fcl lesz aki alulmarad \u00e9s olyan is aki gy\u0151z &#8211; ez az egyik legf\u0151bb \u00fczenete T\u00f3th Krist\u00f3f Kam\u00e9leon harc c\u00edm\u0171 alkot\u00e1s\u00e1nak. A bronzszobor festett kam\u00e9leonjai az emberi term\u00e9szet soksz\u00edn\u0171s\u00e9g\u00e9t, olykor \u00e1ls\u00e1goss\u00e1g\u00e1t \u00e9s \u00e1tv\u00e1ltoz\u00f3 k\u00e9pess\u00e9g\u00e9t szimboliz\u00e1lj\u00e1k. <\/p>\n<p> -Szimboliz\u00e1lhatja azt is, hogy h\u00e1ny f\u00e9le lehet egy ember, t\u00f6bbsz\u00edn\u0171 is lehet ak\u00e1r egy ember. Itt a k\u00fczdelem a l\u00e9nyeg, teh\u00e1t hogy mindig van egy al\u00e1rendelt, aki al\u00e1rendelt szerepet j\u00e1tszik \u00e9s egy, aki f\u00f6l\u00fclkerekedik rajta. Mint az \u00e9letben is, hogy valaki mindig elnyomja a m\u00e1sikat.&#8221;  &#8211;   mondta T\u00f3th Krist\u00f3f, fest\u0151- \u00e9s szobr\u00e1szm\u0171v\u00e9sz <\/p>\n<p>A fiatal m\u0171v\u00e9sz a szobr\u00e1szat mellett fest is, t\u00e9m\u00e1i v\u00e1ltozatosak: a term\u00e9szet \u00e9s az \u00e9l\u0151l\u00e9nyek mellett a t\u00e1rlaton a Grimm-testv\u00e9rek &#8211; Br\u00e9mai muzsikusok c\u00edm\u0171 mes\u00e9j\u00e9nek szerepl\u0151i is megjelennek festm\u00e9ny \u00e9s bronzszobor alakj\u00e1ban. <\/p>\n<p>A szolnoki Szoboszlai Gal\u00e9ria ki\u00e1ll\u00edt\u00e1sa T\u00f3th Ern\u0151 munk\u00e1it is bemutatja. A m\u0171v\u00e9sz festm\u00e9nyein \u00e9s szobrain a groteszk jegyei mellett a karikat\u00far\u00e1k von\u00e1sai is felt\u0171nnek az er\u0151s vonalak \u00e9s intenz\u00edv sz\u00ednek vibr\u00e1l\u00e1s\u00e1ban. A V\u00f6r\u00f6s postakocsi c\u00edm\u0171 k\u00e9pen \u00e9s a Szindb\u00e1d szobron a szecesszi\u00f3 kor\u00e1nak eml\u00e9kei, a napjainkn\u00e1l m\u00edvesebb, gazdagabb vil\u00e1g \u00e9led \u00fajj\u00e1, az elv\u00e1gy\u00f3d\u00e1ssal egy\u00fctt. <\/p>\n<p> -A V\u00f6r\u00f6s postakocsi k\u00e9pemn\u00e9l nagyon \u00e9rdekelt a Kr\u00fady \u00e1lomvil\u00e1g, a Szindb\u00e1d c\u00edm\u0171 filmet l\u00e1tv\u00e1n azt hiszem mindenkinek meghat\u00e1roz\u00f3 volt ez az \u00e9lm\u00e9ny. Azt hiszem, hogy a v\u00f6r\u00f6s postakocsi \u00e9lm\u00e9nye nem csak a Kr\u00fady m\u0171 kapcs\u00e1n, hanem ma is aktu\u00e1lis \u00e9lm\u00e9ny lehet. Az \u00e1lomszer\u0171s\u00e9g, az elv\u00e1gy\u00f3d\u00e1s, egyfajta nosztalgikus vil\u00e1g.&#8221;  &#8211; fogalmazott T\u00f3th Ern\u0151, fest\u0151- \u00e9s szobr\u00e1szm\u0171v\u00e9sz<\/p>\n<p>A ki\u00e1ll\u00edt\u00e1s k\u00fcl\u00f6nlegess\u00e9ge, hogy az alkot\u00f3kon kereszt\u00fcl az apa-fi\u00fa viszonyt is bemutatja. Sz\u00e1le L\u00e1szl\u00f3 publicista azt mondta, a m\u0171v\u00e9szek l\u00e1t\u00e1sm\u00f3dja egy \u00e9s m\u00e9gis kett\u0151: T\u00f3th Ern\u0151 fest\u00e9sm\u00f3dja \u00e9s st\u00edlusa m\u00e1ra kiforrott, ezzel szemben T\u00f3th Krist\u00f3f a p\u00e1ly\u00e1ja elej\u00e9n j\u00e1r, m\u00e9g keresi mag\u00e1t, de a k\u00f6z\u00f6s attit\u0171d \u00e9s vil\u00e1gszeml\u00e9let m\u00e1r n\u00e1la is megjelenik. <\/p>\n<div style=\"width: 640px;\" class=\"wp-video\"><!--[if lt IE 9]><script>document.createElement('video');<\/script><![endif]-->\n<video class=\"wp-video-shortcode\" id=\"video-9147-1\" width=\"640\" height=\"360\" preload=\"metadata\" controls=\"controls\"><source type=\"video\/mp4\" src=\"\/spots\/hir\/hir_180531_03.mp4?_=1\" \/><a href=\"\/spots\/hir\/hir_180531_03.mp4\">\/spots\/hir\/hir_180531_03.mp4<\/a><\/video><\/div>\n","protected":false},"excerpt":{"rendered":"<p>Az \u00e9let mindig egy k\u00fczdelem, \u00e9s v\u00e9g\u00fcl lesz aki alulmarad \u00e9s olyan is aki gy\u0151z &#8211; ez az egyik legf\u0151bb \u00fczenete T\u00f3th Krist\u00f3f Kam\u00e9leon harc c\u00edm\u0171 alkot\u00e1s\u00e1nak. A bronzszobor festett kam\u00e9leonjai az emberi term\u00e9szet soksz\u00edn\u0171s\u00e9g\u00e9t, olykor \u00e1ls\u00e1goss\u00e1g\u00e1t \u00e9s \u00e1tv\u00e1ltoz\u00f3 k\u00e9pess\u00e9g\u00e9t szimboliz\u00e1lj\u00e1k. -Szimboliz\u00e1lhatja azt is, hogy h\u00e1ny f\u00e9le lehet egy ember, t\u00f6bbsz\u00edn\u0171 is lehet ak\u00e1r egy [&hellip;]<\/p>\n","protected":false},"author":2,"featured_media":0,"comment_status":"closed","ping_status":"closed","sticky":false,"template":"","format":"standard","meta":[],"categories":[9],"tags":[],"_links":{"self":[{"href":"http:\/\/archiv.szolnoktv.hu\/index.php?rest_route=\/wp\/v2\/posts\/9147"}],"collection":[{"href":"http:\/\/archiv.szolnoktv.hu\/index.php?rest_route=\/wp\/v2\/posts"}],"about":[{"href":"http:\/\/archiv.szolnoktv.hu\/index.php?rest_route=\/wp\/v2\/types\/post"}],"author":[{"embeddable":true,"href":"http:\/\/archiv.szolnoktv.hu\/index.php?rest_route=\/wp\/v2\/users\/2"}],"replies":[{"embeddable":true,"href":"http:\/\/archiv.szolnoktv.hu\/index.php?rest_route=%2Fwp%2Fv2%2Fcomments&post=9147"}],"version-history":[{"count":1,"href":"http:\/\/archiv.szolnoktv.hu\/index.php?rest_route=\/wp\/v2\/posts\/9147\/revisions"}],"predecessor-version":[{"id":9188,"href":"http:\/\/archiv.szolnoktv.hu\/index.php?rest_route=\/wp\/v2\/posts\/9147\/revisions\/9188"}],"wp:attachment":[{"href":"http:\/\/archiv.szolnoktv.hu\/index.php?rest_route=%2Fwp%2Fv2%2Fmedia&parent=9147"}],"wp:term":[{"taxonomy":"category","embeddable":true,"href":"http:\/\/archiv.szolnoktv.hu\/index.php?rest_route=%2Fwp%2Fv2%2Fcategories&post=9147"},{"taxonomy":"post_tag","embeddable":true,"href":"http:\/\/archiv.szolnoktv.hu\/index.php?rest_route=%2Fwp%2Fv2%2Ftags&post=9147"}],"curies":[{"name":"wp","href":"https:\/\/api.w.org\/{rel}","templated":true}]}}