{"id":9146,"date":"2018-05-31T14:17:01","date_gmt":"2018-05-31T14:17:01","guid":{"rendered":"http:\/\/archiv.szolnoktv.hu\/?p=9146"},"modified":"2021-08-14T14:18:57","modified_gmt":"2021-08-14T14:18:57","slug":"veszelyes-a-serdulokori-rohamivas","status":"publish","type":"post","link":"http:\/\/archiv.szolnoktv.hu\/?p=9146","title":{"rendered":"Vesz\u00e9lyes a serd\u00fcl\u0151kori rohamiv\u00e1s"},"content":{"rendered":"<div class='booster-block booster-read-block'><\/div><p>Addiktol\u00f3gusoknak, pszichi\u00e1tereknek, pszichol\u00f3gusoknak, pedag\u00f3gusoknak, drogmegel\u0151z\u00e9ssel \u00e9s k\u00edn\u00e1latcs\u00f6kkent\u00e9ssel foglalkoz\u00f3 szakembereknek, rend\u0151r\u00f6knek, ifj\u00fas\u00e1g seg\u00edt\u0151knek sz\u00f3lt  az \u00f6nkorm\u00e1nyzat K\u00e1b\u00edt\u00f3szer\u00fcgyi Egyeztet\u0151 F\u00f3rum\u00e1nak el\u0151ad\u00e1sa a serd\u00fcl\u0151kori rohamiv\u00e1sr\u00f3l. <\/p>\n<p>Tatain\u00e9 F\u00f6ldv\u00e1ri M\u00e1rta eln\u00f6k K\u00e1b\u00edt\u00f3szer\u00fcgyi Egyeztet\u0151 F\u00f3rum : <\/p>\n<p>-&#8220;A 12-18 \u00e9ves koroszt\u00e1ly k\u00f6r\u00e9ben felvett felm\u00e9r\u00e9s aslapj\u00e1n a v\u00e1laszad\u00f3k csup\u00e1n 17 %-a mondta azt, hogy m\u00e9g nem pr\u00f3b\u00e1lta ki az alkoholt. Ez egy k\u00f6zel 3 ezer f\u0151s kutat\u00e1s volt. Ez azt jelenti, hogy83 %-a viszont igen . A v\u00e1laszad\u00f3k 50%-a mondta azt, hogy az elm\u00falt egy \u00e9vben m\u00e1r ber\u00fagott. &#8211;<\/p>\n<p>T\u00f6m\u00e9nyet, s\u00f6rt \u00e9s bort ittak legink\u00e1bb. A c\u00e9ljuk a lazul\u00e1s, a k\u00f6z\u00f6ss\u00e9gbe val\u00f3 beilleszked\u00e9s volt. A di\u00e1kok nagy r\u00e9sze nem tartja drognak az alkoholt. Err\u0151l \u00e9s a k\u00f6vetkezm\u00e9nyekr\u0151l besz\u00e9lt Szolnokon az elismert addiktol\u00f3gus Dr. Bodrogi Andrea. <\/p>\n<p> Dr. Bodrogi Andrea addiktol\u00f3gus, neurol\u00f3gus pszichi\u00e1ter: <\/p>\n<p>-&#8220;A megel\u0151z\u00e9s az\u00e9rt neh\u00e9z, mert iv\u00f3s t\u00e1rsadalom vagyunk ,nemcsak Magyarorsz\u00e1gon, hanem eg\u00e9sz Eur\u00f3p\u00e1ban. T\u00f6bb \u00e9vsz\u00e1zados hagyom\u00e1nyai vannak a bortermeszt\u00e9snek, az alkoholtermeszt\u00e9snek, a droghaszn\u00e1lat pedig v\u00e9gigk\u00eds\u00e9ri az emberis\u00e9g eg\u00e9sz kult\u00fart\u00f6rt\u00e9net\u00e9t. &#8211;<\/p>\n<p>A serd\u00fcl\u0151kre jellemz\u0151 a rohamiv\u00e1s. Gyorsan sok alkoholt isznak. Ez t\u00f6bb mint 5 ital elfogyaszt\u00e1s\u00e1t jelenti p\u00e1r \u00f3ra alatt. <br \/>A kamasz l\u00e1nyok r\u00e9szegen k\u00f6nnyen belemennek a nem k\u00edv\u00e1nt szexu\u00e1lis aktusokba, a fi\u00fakra jellemz\u0151 lehet az agresszivit\u00e1s, m\u00e1snap pedig nem tudnak felkelni, iskol\u00e1ba menni-sorolta a k\u00f6vetkezm\u00e9nyeket a pszichi\u00e1ter. <\/p>\n<p>Az agy fejl\u0151d\u00e9s\u00e9ben pedig \u00e9lethosszig tart\u00f3 v\u00e1ltoz\u00e1sok k\u00f6vetkeznek be. Agyunk ugyanis 25 \u00e9ves korra fejl\u0151dik csak ki, ez\u00e9rt a probl\u00e9mamegold\u00e1s\u00e9rt, \u00e9rzelemszab\u00e1lyoz\u00e1s\u00e9rt, a logikus gondolkoz\u00e1s\u00e9rt, a d\u00f6nt\u00e9shoz\u00e1s\u00e9rt felel\u0151s agyter\u00fclet m\u00e9g  \u00e9retlen a kamaszokn\u00e1l. <\/p>\n<p> Dr. Bodrogi Andrea addiktol\u00f3gus, neurol\u00f3gus pszichi\u00e1ter<\/p>\n<p>-&#8220;Ma m\u00e1r \u00f6sszef\u00fcgg\u00e9st l\u00e1tunk  a serd\u00fcl\u0151kori rohamiv\u00e1s \u00e9s a k\u00e9s\u0151bbi kongnit\u00edv probl\u00e9m\u00e1k k\u00f6z\u00f6tt. A myelin, a vel\u0151sh\u00fcvely k\u00e1rosod\u00e1sa t\u00f6rt\u00e9nik meg az alkoholfogyaszt\u00e1s hat\u00e1s\u00e1ra. &#8211;<\/p>\n<p>R\u00e1ad\u00e1sul a serd\u00fcl\u0151 agya nem \u00e9rz\u00e9keny m\u00e9g az alkoholra, vagyis  t\u00f6bb alkoholt\u00f3l lesz csak \u00e1lmos, \u00e9s b\u00f3dult. Asztal al\u00e1 tudja inni a gyerek a sz\u00fcleit-hangs\u00falyozta az addiktol\u00f3gus. <\/p>\n<p>A szakember arra is figyelmeztetett, hogy m\u00edg a cigarett\u00e1s dobozon r\u00e1kos t\u00fcd\u0151 szerepel, addig az alkohol vonz\u00f3 csomagol\u00e1sban, \u00e9des\u00edtett, \u00edzes\u00edtett mixekben h\u00edvogatja a serd\u00fcl\u0151ket iv\u00e1sra. R\u00e1ad\u00e1sul ma m\u00e1r nem k\u00ednos ha r\u00e9szeg egy kamasz, s\u0151t b\u00fcszk\u00e9n fel is teszik \u00e1llapotukr\u00f3l k\u00e9sz\u00fclt fot\u00f3kat a k\u00f6z\u00f6ss\u00e9gi oldalra. Sok m\u00falik a sz\u00fcl\u0151k\u00f6n: biztons\u00e1gos k\u00f6t\u0151d\u00e9s, t\u00e1mogat\u00f3 l\u00e9gk\u00f6r,  b\u00fcntet\u00e9s helyett jutalmaz\u00e1s, nem iv\u00f3s bar\u00e1tok jelenl\u00e9te  a k\u00f6rnyezetben, a sport \u00e9s a tartalmas szabadid\u0151s tev\u00e9kenys\u00e9g sokat seg\u00edthet-tette hozz\u00e1 a pszichi\u00e1ter.<br \/>\n<br \/>\n<div style=\"width: 640px;\" class=\"wp-video\"><!--[if lt IE 9]><script>document.createElement('video');<\/script><![endif]-->\n<video class=\"wp-video-shortcode\" id=\"video-9146-1\" width=\"640\" height=\"360\" preload=\"metadata\" controls=\"controls\"><source type=\"video\/mp4\" src=\"\/spots\/hir\/hir_180531_02.mp4?_=1\" \/><a href=\"\/spots\/hir\/hir_180531_02.mp4\">\/spots\/hir\/hir_180531_02.mp4<\/a><\/video><\/div><\/p>\n","protected":false},"excerpt":{"rendered":"<p>Addiktol\u00f3gusoknak, pszichi\u00e1tereknek, pszichol\u00f3gusoknak, pedag\u00f3gusoknak, drogmegel\u0151z\u00e9ssel \u00e9s k\u00edn\u00e1latcs\u00f6kkent\u00e9ssel foglalkoz\u00f3 szakembereknek, rend\u0151r\u00f6knek, ifj\u00fas\u00e1g seg\u00edt\u0151knek sz\u00f3lt az \u00f6nkorm\u00e1nyzat K\u00e1b\u00edt\u00f3szer\u00fcgyi Egyeztet\u0151 F\u00f3rum\u00e1nak el\u0151ad\u00e1sa a serd\u00fcl\u0151kori rohamiv\u00e1sr\u00f3l. Tatain\u00e9 F\u00f6ldv\u00e1ri M\u00e1rta eln\u00f6k K\u00e1b\u00edt\u00f3szer\u00fcgyi Egyeztet\u0151 F\u00f3rum : -&#8220;A 12-18 \u00e9ves koroszt\u00e1ly k\u00f6r\u00e9ben felvett felm\u00e9r\u00e9s aslapj\u00e1n a v\u00e1laszad\u00f3k csup\u00e1n 17 %-a mondta azt, hogy m\u00e9g nem pr\u00f3b\u00e1lta ki az alkoholt. Ez egy k\u00f6zel [&hellip;]<\/p>\n","protected":false},"author":2,"featured_media":0,"comment_status":"closed","ping_status":"closed","sticky":false,"template":"","format":"standard","meta":[],"categories":[9],"tags":[],"_links":{"self":[{"href":"http:\/\/archiv.szolnoktv.hu\/index.php?rest_route=\/wp\/v2\/posts\/9146"}],"collection":[{"href":"http:\/\/archiv.szolnoktv.hu\/index.php?rest_route=\/wp\/v2\/posts"}],"about":[{"href":"http:\/\/archiv.szolnoktv.hu\/index.php?rest_route=\/wp\/v2\/types\/post"}],"author":[{"embeddable":true,"href":"http:\/\/archiv.szolnoktv.hu\/index.php?rest_route=\/wp\/v2\/users\/2"}],"replies":[{"embeddable":true,"href":"http:\/\/archiv.szolnoktv.hu\/index.php?rest_route=%2Fwp%2Fv2%2Fcomments&post=9146"}],"version-history":[{"count":1,"href":"http:\/\/archiv.szolnoktv.hu\/index.php?rest_route=\/wp\/v2\/posts\/9146\/revisions"}],"predecessor-version":[{"id":9189,"href":"http:\/\/archiv.szolnoktv.hu\/index.php?rest_route=\/wp\/v2\/posts\/9146\/revisions\/9189"}],"wp:attachment":[{"href":"http:\/\/archiv.szolnoktv.hu\/index.php?rest_route=%2Fwp%2Fv2%2Fmedia&parent=9146"}],"wp:term":[{"taxonomy":"category","embeddable":true,"href":"http:\/\/archiv.szolnoktv.hu\/index.php?rest_route=%2Fwp%2Fv2%2Fcategories&post=9146"},{"taxonomy":"post_tag","embeddable":true,"href":"http:\/\/archiv.szolnoktv.hu\/index.php?rest_route=%2Fwp%2Fv2%2Ftags&post=9146"}],"curies":[{"name":"wp","href":"https:\/\/api.w.org\/{rel}","templated":true}]}}