{"id":9143,"date":"2018-05-30T17:18:20","date_gmt":"2018-05-30T17:18:20","guid":{"rendered":"http:\/\/archiv.szolnoktv.hu\/?p=9143"},"modified":"2021-08-14T14:18:57","modified_gmt":"2021-08-14T14:18:57","slug":"egeszsegugyi-sport-turisztikai-es-szocialis-bizottsag","status":"publish","type":"post","link":"http:\/\/archiv.szolnoktv.hu\/?p=9143","title":{"rendered":"Eg\u00e9szs\u00e9g\u00fcgyi, sport, turisztikai \u00e9s szoci\u00e1lis bizotts\u00e1g"},"content":{"rendered":"<div class='booster-block booster-read-block'><\/div><p>R\u00e9gi, lelakott, rossz \u00e1llapotban l\u00e9v\u0151 ingatlanok a Katona J\u00f3zsef utc\u00e1ban. Hamarosan viszont m\u00e1s k\u00e9pet mutatnak majd az ingatlanok \u00e9s maga a k\u00f6rny\u00e9k is. Hiszen a -Katona J\u00f3zsef utcai szegreg\u00e1tum komplex hum\u00e1n fejleszt\u00e9s\u00e9re&#8221; 100 milli\u00f3 forintot, infrastrukt\u00far\u00e1lis fejleszt\u00e9s\u00e9re pedig 180 milli\u00f3 forintot nyert a v\u00e1ros. Ut\u00f3bbib\u00f3l 10 \u00f6nkorm\u00e1nyzati b\u00e9rlak\u00e1st \u00faj\u00edtanak fel. N\u00f6velik az \u00e9p\u00fcletek komfortfokozat\u00e1t, l\u00e9trehoznak egy szolg\u00e1ltat\u00f3 pontot, de a meg\u00edt\u00e9lt t\u00e1mogat\u00e1sb\u00f3l fedezik a k\u00fcls\u0151 h\u0151szigetel\u00e9st, a ny\u00edl\u00e1sz\u00e1r\u00f3k cser\u00e9j\u00e9t, a padl\u00e1st\u00e9rben a v\u00e1laszfalak kialak\u00edt\u00e1s\u00e1t, a ker\u00edt\u00e9s jav\u00edt\u00e1s\u00e1t \u00e9s a tereprendez\u00e9st is.<\/p>\n<p>-Ez a projekt 100 sz\u00e1zal\u00e9kos intenzit\u00e1s\u00fa, teh\u00e1t \u00f6ner\u0151t az \u00f6nkorm\u00e1nyzatnak nem kell beletenni ebbe a p\u00e1ly\u00e1zatba, ami az\u00e9rt \u00f6r\u00f6m valljuk be \u0151szint\u00e9n. &#8221;  &#8211;   mondta Tasn\u00e1di Zolt\u00e1n eln\u00f6k (Fidesz-KDNP), eg\u00e9szs\u00e9g\u00fcgyi, sport, turisztikai \u00e9s szoci\u00e1lis bizotts\u00e1g.<\/p>\n<p>A hum\u00e1n fejleszt\u00e9sre ford\u00edthat\u00f3 100 milli\u00f3 forintb\u00f3l pedig t\u00f6bbek k\u00f6z\u00f6tt a k\u00f6zbiztons\u00e1g jav\u00edt\u00e1s\u00e1t c\u00e9lz\u00f3, eg\u00e9szs\u00e9gnevel\u0151 \u00e9s oktat\u00f3 programokat szerveznek, de nagy hangs\u00falyt fektetnek a foglalkoztat\u00e1s el\u0151seg\u00edt\u00e9s\u00e9re is.<\/p>\n<p>-Ennek a c\u00e9lja az lesz, hogy az ott \u00e9l\u0151k t\u00e1rsadalmi integr\u00e1ci\u00f3j\u00e1t el\u0151seg\u00edts\u00fck illetve a k\u00f6zmunk\u00e1t meghonos\u00edtsuk azon a ter\u00fcleten \u00e9s az ott \u00e9l\u0151 gyermekeknek a tan\u00f3r\u00e1n k\u00edv\u00fcli foglalkoztat\u00e1s\u00e1t meg tudjuk oldani.&#8221;  &#8211;   tette hozz\u00e1 Tasn\u00e1di Zolt\u00e1n.<\/p>\n<p>Ez m\u00e1r a -Munkalehet\u0151s\u00e9g a J\u00f6v\u0151\u00e9rt&#8221; Szolnok Nonprofit Kft. n\u00f6v\u00e9nyh\u00e1za. A t\u00e1rsas\u00e1g itt neveli azokat a vir\u00e1gokat, melyek a megyesz\u00e9khelyet sz\u00ednes\u00edtik. M\u00e1jusban pedig m\u00e1r vir\u00e1gba borult Szolnok. Kandel\u00e1berekbe  \u00e9s vir\u00e1g\u00e1gy\u00e1sokba helyezt\u00e9k ki az \u00e9l\u0151-d\u00edszeket. Tavaly 194-en dolgoztak a t\u00e1rsas\u00e1gn\u00e1l, id\u00e9n kevesebb szorgos k\u00e9z jut ezekre a feladatokra, hiszen rengetegen elhelyezkedtek \u00e9s \u00e1lland\u00f3 munkahelyet tal\u00e1ltak.<\/p>\n<p>-Magyarorsz\u00e1gon m\u00e1r  &#8211;   h\u00e1la az \u00e9gnek  &#8211;   munkaer\u0151 hi\u00e1ny van a fizikai munk\u00e1sok k\u00f6z\u00f6tt. A c\u00e9gek, v\u00e1llalatok keresik a fizikai dolgoz\u00f3kat ez\u00e9rt a k\u00f6zfoglalkoztatottak l\u00e9tsz\u00e1ma egyre kevesebb, egyre kevesebben vannak azok a munkan\u00e9lk\u00fcliek, akik k\u00f6zfoglalkoztatottk\u00e9nt tudnak csak elhelyezkedni.&#8221;  &#8211;   mondta Fodor Gy\u00f6rgy \u00fcgyvezet\u0151 igazgat\u00f3,  -Munkalehet\u0151s\u00e9g a J\u00f6v\u0151\u00e9rt&#8221; Szolnok Nonprofit Kft.<\/p>\n<p>A besz\u00e1mol\u00f3 szerint a Munkalehet\u0151s\u00e9g a J\u00f6v\u0151\u00e9rt&#8221; Szolnok Nonprofit Kft. eredm\u00e9nyes \u00e9vet z\u00e1rt tavaly \u00e9s id\u00e9n is biztos\u00edtott a feladataik ell\u00e1t\u00e1sa. T\u00f6bbek k\u00f6z\u00f6tt a k\u00f6zter\u00fcletek takar\u00edt\u00e1sa \u00e9s a n\u00f6v\u00e9nyek gondoz\u00e1sa.<\/p>\n<div style=\"width: 640px;\" class=\"wp-video\"><!--[if lt IE 9]><script>document.createElement('video');<\/script><![endif]-->\n<video class=\"wp-video-shortcode\" id=\"video-9143-1\" width=\"640\" height=\"360\" preload=\"metadata\" controls=\"controls\"><source type=\"video\/mp4\" src=\"\/spots\/hir\/hir_180530_05.mp4?_=1\" \/><a href=\"\/spots\/hir\/hir_180530_05.mp4\">\/spots\/hir\/hir_180530_05.mp4<\/a><\/video><\/div>\n","protected":false},"excerpt":{"rendered":"<p>R\u00e9gi, lelakott, rossz \u00e1llapotban l\u00e9v\u0151 ingatlanok a Katona J\u00f3zsef utc\u00e1ban. Hamarosan viszont m\u00e1s k\u00e9pet mutatnak majd az ingatlanok \u00e9s maga a k\u00f6rny\u00e9k is. Hiszen a -Katona J\u00f3zsef utcai szegreg\u00e1tum komplex hum\u00e1n fejleszt\u00e9s\u00e9re&#8221; 100 milli\u00f3 forintot, infrastrukt\u00far\u00e1lis fejleszt\u00e9s\u00e9re pedig 180 milli\u00f3 forintot nyert a v\u00e1ros. Ut\u00f3bbib\u00f3l 10 \u00f6nkorm\u00e1nyzati b\u00e9rlak\u00e1st \u00faj\u00edtanak fel. N\u00f6velik az \u00e9p\u00fcletek komfortfokozat\u00e1t, l\u00e9trehoznak [&hellip;]<\/p>\n","protected":false},"author":2,"featured_media":0,"comment_status":"closed","ping_status":"closed","sticky":false,"template":"","format":"standard","meta":[],"categories":[9],"tags":[],"_links":{"self":[{"href":"http:\/\/archiv.szolnoktv.hu\/index.php?rest_route=\/wp\/v2\/posts\/9143"}],"collection":[{"href":"http:\/\/archiv.szolnoktv.hu\/index.php?rest_route=\/wp\/v2\/posts"}],"about":[{"href":"http:\/\/archiv.szolnoktv.hu\/index.php?rest_route=\/wp\/v2\/types\/post"}],"author":[{"embeddable":true,"href":"http:\/\/archiv.szolnoktv.hu\/index.php?rest_route=\/wp\/v2\/users\/2"}],"replies":[{"embeddable":true,"href":"http:\/\/archiv.szolnoktv.hu\/index.php?rest_route=%2Fwp%2Fv2%2Fcomments&post=9143"}],"version-history":[{"count":1,"href":"http:\/\/archiv.szolnoktv.hu\/index.php?rest_route=\/wp\/v2\/posts\/9143\/revisions"}],"predecessor-version":[{"id":9192,"href":"http:\/\/archiv.szolnoktv.hu\/index.php?rest_route=\/wp\/v2\/posts\/9143\/revisions\/9192"}],"wp:attachment":[{"href":"http:\/\/archiv.szolnoktv.hu\/index.php?rest_route=%2Fwp%2Fv2%2Fmedia&parent=9143"}],"wp:term":[{"taxonomy":"category","embeddable":true,"href":"http:\/\/archiv.szolnoktv.hu\/index.php?rest_route=%2Fwp%2Fv2%2Fcategories&post=9143"},{"taxonomy":"post_tag","embeddable":true,"href":"http:\/\/archiv.szolnoktv.hu\/index.php?rest_route=%2Fwp%2Fv2%2Ftags&post=9143"}],"curies":[{"name":"wp","href":"https:\/\/api.w.org\/{rel}","templated":true}]}}