{"id":9142,"date":"2018-05-30T17:14:57","date_gmt":"2018-05-30T17:14:57","guid":{"rendered":"http:\/\/archiv.szolnoktv.hu\/?p=9142"},"modified":"2021-08-14T14:18:58","modified_gmt":"2021-08-14T14:18:58","slug":"penteken-nyit-a-dokk-terasz","status":"publish","type":"post","link":"http:\/\/archiv.szolnoktv.hu\/?p=9142","title":{"rendered":"P\u00e9nteken nyit a DOKK Terasz"},"content":{"rendered":"<div class='booster-block booster-read-block'><\/div><p>J\u00f3 hangulat \u00e9s foglalt asztalok-a DOKK Terasz m\u00e1r tavaly n\u00e9pszer\u0171 volt. A szolnoki k\u00f6z\u00e9piskol\u00e1sok \u00f6tlete alapj\u00e1n megval\u00f3s\u00edtott k\u00f6z\u00f6ss\u00e9gi t\u00e9r id\u00e9n \u00faj elemekkel v\u00e1rja a sz\u00f3rakozni \u00e9s kikapcsol\u00f3dni v\u00e1gy\u00f3kat. A futball vil\u00e1gbajnoks\u00e1got a rajong\u00f3k a terasz \u00f3ri\u00e1s kivet\u00edt\u0151je el\u0151tt izgulhatj\u00e1k v\u00e9gig, de ak\u00e1r maguk is p\u00e1ly\u00e1ra l\u00e9phetnek azon a kisp\u00e1ly\u00e1n, melynek kialak\u00edt\u00e1sa ma kezd\u0151d\u00f6tt meg. <\/p>\n<p>-Nem szerett\u00fck volna, hogy kimaradjanak a Szolnokiak a VB esem\u00e9nyeir\u0151l \u00e9s k\u00f6z\u00f6sen n\u00e9zhess\u00e9k, meg abb\u00f3l se, hogy mozogjanak a foci kapcs\u00e1n azon a kisp\u00e1ly\u00e1nkon, amint kifejezetten a ezekre az esem\u00e9nyekre tal\u00e1ltunk ki. Most ez a \u00e1ttelep\u00fcl ide a DOKK mell\u00e9. M\u00e1s lesz a talaja nem z\u00f6ld m\u0171f\u0171, hanem kiv\u00e1l\u00f3 d\u00f6ng\u00f6lt homok lesz.&#8221;- mondta Pap B\u00e9la a Szolnoki Sportcentrum munkat\u00e1rsa.<\/p>\n<p>A DOKK els\u0151dleges c\u00e9lja a kultur\u00e1lt sz\u00f3rakoz\u00e1s megteremt\u00e9se a v\u00e1rosban. Ny\u00e1ron a v\u00e1ros tehets\u00e9ges zen\u00e9szei -open mike&#8221; keret\u00e9ben mutathatj\u00e1k meg magukat, de m\u00e1s \u00fajdons\u00e1gok is v\u00e1rj\u00e1k a fiatalokat.<br \/>-A DOKK Teraszhoz l\u00e1togat\u00f3k az est\u00e9k, illetve a Tiszapart hangulat\u00e1t id\u00e9n ny\u00e1ron f\u00e9nyk\u00e9pek form\u00e1j\u00e1ban is magukkal vihetik, hiszen a szervez\u0151k, ezzel a szelfi ponttal k\u00e9sz\u00fcltek a l\u00e1togat\u00f3knak.&#8221;<\/p>\n<p>A s\u00e1rga, k\u00e9k, z\u00f6ld \u00e9s piros raklapb\u00fatorokat k\u00e9tszer akkora ter\u00fcleten helyezik el mint az el\u0151z\u0151 \u00e9vben. A DOKK Terasz csapata 22 asztallal \u00e9s 44 \u00fcl\u0151k\u00e9vel k\u00e9sz\u00fcl a szezonra. A k\u00eds\u00e9r\u0151 rendezv\u00e9nyekre a V\u00e1rosfejleszt\u0151 Nonprofit Zrt. a Szolnoki Sportcentrummal, az NHSZ Szolnok \u00e9s a K\u00f6z\u00e9p-Tisza-vid\u00e9ki V\u00edz\u00fcgyi Igazgat\u00f3s\u00e1ggal k\u00f6z\u00f6sen k\u00e9sz\u00fclt. <\/p>\n<p>-Ez arr\u00f3l sz\u00f3l, hogy \u00e9rezze j\u00f3l mag\u00e1t, tal\u00e1lkozzon a bar\u00e1taival, ismer\u0151seivel. Nyilv\u00e1n nem titkoltan ez arr\u00f3l is sz\u00f3l, hogy akik \u00e9v k\u00f6zben esetleg m\u00e1s v\u00e1rosban vannak: nem Szolnokon tanulnak, dolgoznak, b\u00e1rmit csin\u00e1lnak. Ny\u00e1ron, amikor haza j\u00f6nnek nem kell keresg\u00e9lni a megl\u00e9v\u0151 vagy m\u00e1r nem megl\u00e9v\u0151 kapcsolataikat. Itt b\u00e1rmikor \u00f6sszetudnak futni.&#8221;- mondta Csat\u00e1ri Istv\u00e1n a Szolnoki V\u00e1rosfejleszt\u0151 Nonprofit Zrt. vez\u00e9rigazgat\u00f3ja.<\/p>\n<p>A DOKK p\u00e9nteken nyitja meg kapuit. A tan\u00e9v v\u00e9g\u00e9ig h\u00e9tv\u00e9g\u00e9n v\u00e1rja a l\u00e1togat\u00f3kat. J\u00fanius 15-t\u0151l h\u00e9tk\u00f6znap 14 \u00f3r\u00e1t\u00f3l \u00e9jf\u00e9lig, h\u00e9tv\u00e9g\u00e9n pedig hajnal kett\u0151ig \u00e9rezhetik j\u00f3l magukat a Tiszaparton a bar\u00e1ti t\u00e1rsas\u00e1gok.<br \/>\n<br \/>\n<div style=\"width: 640px;\" class=\"wp-video\"><!--[if lt IE 9]><script>document.createElement('video');<\/script><![endif]-->\n<video class=\"wp-video-shortcode\" id=\"video-9142-1\" width=\"640\" height=\"360\" preload=\"metadata\" controls=\"controls\"><source type=\"video\/mp4\" src=\"\/spots\/hir\/hir_180530_04.mp4?_=1\" \/><a href=\"\/spots\/hir\/hir_180530_04.mp4\">\/spots\/hir\/hir_180530_04.mp4<\/a><\/video><\/div><\/p>\n","protected":false},"excerpt":{"rendered":"<p>J\u00f3 hangulat \u00e9s foglalt asztalok-a DOKK Terasz m\u00e1r tavaly n\u00e9pszer\u0171 volt. A szolnoki k\u00f6z\u00e9piskol\u00e1sok \u00f6tlete alapj\u00e1n megval\u00f3s\u00edtott k\u00f6z\u00f6ss\u00e9gi t\u00e9r id\u00e9n \u00faj elemekkel v\u00e1rja a sz\u00f3rakozni \u00e9s kikapcsol\u00f3dni v\u00e1gy\u00f3kat. A futball vil\u00e1gbajnoks\u00e1got a rajong\u00f3k a terasz \u00f3ri\u00e1s kivet\u00edt\u0151je el\u0151tt izgulhatj\u00e1k v\u00e9gig, de ak\u00e1r maguk is p\u00e1ly\u00e1ra l\u00e9phetnek azon a kisp\u00e1ly\u00e1n, melynek kialak\u00edt\u00e1sa ma kezd\u0151d\u00f6tt meg. -Nem [&hellip;]<\/p>\n","protected":false},"author":2,"featured_media":0,"comment_status":"closed","ping_status":"closed","sticky":false,"template":"","format":"standard","meta":[],"categories":[9],"tags":[],"_links":{"self":[{"href":"http:\/\/archiv.szolnoktv.hu\/index.php?rest_route=\/wp\/v2\/posts\/9142"}],"collection":[{"href":"http:\/\/archiv.szolnoktv.hu\/index.php?rest_route=\/wp\/v2\/posts"}],"about":[{"href":"http:\/\/archiv.szolnoktv.hu\/index.php?rest_route=\/wp\/v2\/types\/post"}],"author":[{"embeddable":true,"href":"http:\/\/archiv.szolnoktv.hu\/index.php?rest_route=\/wp\/v2\/users\/2"}],"replies":[{"embeddable":true,"href":"http:\/\/archiv.szolnoktv.hu\/index.php?rest_route=%2Fwp%2Fv2%2Fcomments&post=9142"}],"version-history":[{"count":1,"href":"http:\/\/archiv.szolnoktv.hu\/index.php?rest_route=\/wp\/v2\/posts\/9142\/revisions"}],"predecessor-version":[{"id":9193,"href":"http:\/\/archiv.szolnoktv.hu\/index.php?rest_route=\/wp\/v2\/posts\/9142\/revisions\/9193"}],"wp:attachment":[{"href":"http:\/\/archiv.szolnoktv.hu\/index.php?rest_route=%2Fwp%2Fv2%2Fmedia&parent=9142"}],"wp:term":[{"taxonomy":"category","embeddable":true,"href":"http:\/\/archiv.szolnoktv.hu\/index.php?rest_route=%2Fwp%2Fv2%2Fcategories&post=9142"},{"taxonomy":"post_tag","embeddable":true,"href":"http:\/\/archiv.szolnoktv.hu\/index.php?rest_route=%2Fwp%2Fv2%2Ftags&post=9142"}],"curies":[{"name":"wp","href":"https:\/\/api.w.org\/{rel}","templated":true}]}}