{"id":9141,"date":"2018-05-30T17:11:54","date_gmt":"2018-05-30T17:11:54","guid":{"rendered":"http:\/\/archiv.szolnoktv.hu\/?p=9141"},"modified":"2021-08-14T14:18:58","modified_gmt":"2021-08-14T14:18:58","slug":"nyugdijas-korra-nem-marad-fogunk","status":"publish","type":"post","link":"http:\/\/archiv.szolnoktv.hu\/?p=9141","title":{"rendered":"Nyugd\u00edjas korra nem marad fogunk"},"content":{"rendered":"<div class='booster-block booster-read-block'><\/div><p>Alapos eb\u00e9d ut\u00e1ni fogmos\u00e1s jellemz\u0151 valamennyi b\u00f6lcs\u0151d\u00e9ben \u00e9s \u00f3vod\u00e1ban. A sz\u00e1j\u00e1pol\u00e1st ugyanis m\u00e1r csecsem\u0151kort\u00f3l el kell kezdeni.  Egy friss felm\u00e9r\u00e9s szerint azonban  Eur\u00f3p\u00e1ban a magyar gyerekek fogazata a legrosszabb. Egy \u00e1tlagos magyar hatodikosnak m\u00e1r t\u00f6bb mint 3 rossz foga van. <\/p>\n<p> Dr. L\u00e1szl\u00f3 Ilona fogorvos, gyermekfogszakorvos: <\/p>\n<p>-&#8220;M\u00e1r \u00f3vod\u00e1s korban is, hiszen \u00f3vod\u00e1sokat is sz\u0171r\u00f6k, \u00e1ltal\u00e1nos iskol\u00e1ban is, k\u00f6z\u00e9piskol\u00e1ban pedig m\u00e9g ink\u00e1bb lehet azt tapasztalni, hogy a gyerekek fogazata az ut\u00f3bbi 2-3 \u00e9vben jelent\u0151sen romlott. &#8211; <\/p>\n<p>30 gyerekb\u0151l 20-25-n\u00e9l tal\u00e1l szuvas, lyukas fogat az orvos. Az \u00e9vtizedekkel ezel\u0151tti fluor adagol\u00e1si program megsz\u0171nte \u00f3ta l\u00e1that\u00f3an romlik a gyerekek foga. Ehhez hozz\u00e1j\u00e1rul az eg\u00e9szs\u00e9gtelen t\u00e1pl\u00e1lkoz\u00e1s, a sok cukros, \u00e9des\u00edt\u0151s \u00fcd\u00edt\u0151, a p\u00e9pes \u00e9telek fogyaszt\u00e1sa \u00e9s a r\u00e1g\u00e1s hi\u00e1nya. Sok m\u00falik a sz\u00fcl\u0151k\u00f6n-v\u00e9lik a szakemberek. Legal\u00e1bb reggel este, de legink\u00e1bb minden \u00e9tkez\u00e9s ut\u00e1n elengedhetetlen a  fogselyem haszn\u00e1lata \u00e9s  a fogmos\u00e1s. <\/p>\n<p>Nagy Melinda : <\/p>\n<p>-&#8220;\u00c9n h\u00e1romszor mosok fogat \u00e9s szerintem az\u00e9rt kell foghat mosni, hogy ne legyen fekete a fogunk! &#8211;<\/p>\n<p> Csukodi K\u00e1rmen Erzs\u00e9bet :<\/p>\n<p>-&#8220;Az\u00e9rt fontos a fogmos\u00e1s, mert hogyha nem mossuk meg alaposan a fogunkat akkor a fogman\u00f3 ki tudja lukasztani. &#8211;<\/p>\n<p>K\u00e1rmen otthon elektromos fogkef\u00e9t haszn\u00e1l. Ezt egy\u00e9bk\u00e9nt maguk a fogorvosok is javasolj\u00e1k. <br \/>Ezen t\u00fal \u00e9vente k\u00e9tszer el kellene menni sz\u0171r\u0151vizsg\u00e1latra . Ezt Szolnokon az iskolafog\u00e1szati ell\u00e1t\u00e1s ingyenesen  biztos\u00edtja. <br \/>A doktorn\u0151 kezelt  olyan 1,5 \u00e9ves kisgyermeket is, akinek az els\u0151 fogai m\u00e1r mind szuvasodtak. De nem ritka, hogy egy nagycsoportos \u00f3vod\u00e1snak m\u00e1r t\u00f6bb t\u00f6m\u00f6tt foga is van. S\u0151t van akinek m\u00e1r als\u00f3ban maradand\u00f3 fog\u00e1t kell  kih\u00fazni. <\/p>\n<p>Dr. L\u00e1szl\u00f3 Ilona fogorvos, gyermekfogszakorvos:<\/p>\n<p>-&#8220;K\u00f6r\u00fclbel\u00fcl olyan k\u00e9t \u00e9ve tapasztalom, hogy am\u00edg egy 30 f\u0151s oszt\u00e1lyban volt 5 gyerek akinek javasoltunk fogszab\u00e1lyz\u00e1st, most a 30 f\u0151s oszt\u00e1lyb\u00f3l 20-26 gyereknek. \u00c9s ez megint arra vezethet\u0151 vissza, hogy korai fogelveszt\u00e9s, ak\u00e1r m\u00e1r marad\u00f3 fogakn\u00e1l is. Sok sz\u00fcl\u0151 pl nincs tiszt\u00e1ban azzal, hogy az els\u0151 marad\u00f3 fog ugye a hatos fog.&#8221; <\/p>\n<p>A marad\u00f3 fogak szuvasod\u00e1sa eset\u00e9n ak\u00e1r 12 \u00e9vesen is fogh\u00faz\u00e1s a v\u00e9ge. <br \/>Ezen a fogszab\u00e1lyz\u00e1son is rengetegen vannak reggelente. Akik kezel\u00e9sbe ker\u00fclnek m\u00e1r biztosan jobban odafigyelnek fogazatukra. Ehhez azonban meg kell tanulni helyesen fogat mosni. <br \/>Csoki \u00e9s csipsz helyett r\u00e9p\u00e1t, z\u00f6lds\u00e9get, gy\u00fcm\u00f6lcs\u00f6t kelleme r\u00e1gni \u00e9s ker\u00fclni a fogakba k\u00f6nnyen beleragad\u00f3 feldolgozott, \u00e9des\u00edtett p\u00e9ks\u00fctem\u00e9nyeket, \u00e9lelmiszereket, <br \/>\u00fcd\u00edt\u0151 helyett pedig vizet kellene inni. &#8211; javasolj\u00e1k a fogorvosok.<br \/>\n<br \/>\n<div style=\"width: 640px;\" class=\"wp-video\"><!--[if lt IE 9]><script>document.createElement('video');<\/script><![endif]-->\n<video class=\"wp-video-shortcode\" id=\"video-9141-1\" width=\"640\" height=\"360\" preload=\"metadata\" controls=\"controls\"><source type=\"video\/mp4\" src=\"\/spots\/hir\/hir_180530_03.mp4?_=1\" \/><a href=\"\/spots\/hir\/hir_180530_03.mp4\">\/spots\/hir\/hir_180530_03.mp4<\/a><\/video><\/div><\/p>\n","protected":false},"excerpt":{"rendered":"<p>Alapos eb\u00e9d ut\u00e1ni fogmos\u00e1s jellemz\u0151 valamennyi b\u00f6lcs\u0151d\u00e9ben \u00e9s \u00f3vod\u00e1ban. A sz\u00e1j\u00e1pol\u00e1st ugyanis m\u00e1r csecsem\u0151kort\u00f3l el kell kezdeni. Egy friss felm\u00e9r\u00e9s szerint azonban Eur\u00f3p\u00e1ban a magyar gyerekek fogazata a legrosszabb. Egy \u00e1tlagos magyar hatodikosnak m\u00e1r t\u00f6bb mint 3 rossz foga van. Dr. L\u00e1szl\u00f3 Ilona fogorvos, gyermekfogszakorvos: -&#8220;M\u00e1r \u00f3vod\u00e1s korban is, hiszen \u00f3vod\u00e1sokat is sz\u0171r\u00f6k, \u00e1ltal\u00e1nos iskol\u00e1ban [&hellip;]<\/p>\n","protected":false},"author":2,"featured_media":0,"comment_status":"closed","ping_status":"closed","sticky":false,"template":"","format":"standard","meta":[],"categories":[9],"tags":[],"_links":{"self":[{"href":"http:\/\/archiv.szolnoktv.hu\/index.php?rest_route=\/wp\/v2\/posts\/9141"}],"collection":[{"href":"http:\/\/archiv.szolnoktv.hu\/index.php?rest_route=\/wp\/v2\/posts"}],"about":[{"href":"http:\/\/archiv.szolnoktv.hu\/index.php?rest_route=\/wp\/v2\/types\/post"}],"author":[{"embeddable":true,"href":"http:\/\/archiv.szolnoktv.hu\/index.php?rest_route=\/wp\/v2\/users\/2"}],"replies":[{"embeddable":true,"href":"http:\/\/archiv.szolnoktv.hu\/index.php?rest_route=%2Fwp%2Fv2%2Fcomments&post=9141"}],"version-history":[{"count":1,"href":"http:\/\/archiv.szolnoktv.hu\/index.php?rest_route=\/wp\/v2\/posts\/9141\/revisions"}],"predecessor-version":[{"id":9194,"href":"http:\/\/archiv.szolnoktv.hu\/index.php?rest_route=\/wp\/v2\/posts\/9141\/revisions\/9194"}],"wp:attachment":[{"href":"http:\/\/archiv.szolnoktv.hu\/index.php?rest_route=%2Fwp%2Fv2%2Fmedia&parent=9141"}],"wp:term":[{"taxonomy":"category","embeddable":true,"href":"http:\/\/archiv.szolnoktv.hu\/index.php?rest_route=%2Fwp%2Fv2%2Fcategories&post=9141"},{"taxonomy":"post_tag","embeddable":true,"href":"http:\/\/archiv.szolnoktv.hu\/index.php?rest_route=%2Fwp%2Fv2%2Ftags&post=9141"}],"curies":[{"name":"wp","href":"https:\/\/api.w.org\/{rel}","templated":true}]}}