{"id":9140,"date":"2018-05-30T17:07:14","date_gmt":"2018-05-30T17:07:14","guid":{"rendered":"http:\/\/archiv.szolnoktv.hu\/?p=9140"},"modified":"2021-08-14T14:18:58","modified_gmt":"2021-08-14T14:18:58","slug":"rekonstrualjak-a-zagyva-parti-tamfalat","status":"publish","type":"post","link":"http:\/\/archiv.szolnoktv.hu\/?p=9140","title":{"rendered":"Rekonstru\u00e1lj\u00e1k a Zagyva-parti t\u00e1mfalat"},"content":{"rendered":"<div class='booster-block booster-read-block'><\/div><p>Az 1970-es \u00e9vek v\u00e9g\u00e9n \u00e9p\u00fclt meg el\u0151sz\u00f6r a Zagyva-parti t\u00e1mfal a v\u00e1ros \u00e1rv\u00edzv\u00e9delme \u00e9rdek\u00e9ben. Akkor m\u00e9g term\u00e9sk\u0151 anyag\u00fa \u00fan.parapetfalat h\u00faztak fel a foly\u00f3 ment\u00e9n. Ezt  &#8211;   a nagy 2010-es \u00e1rvizet k\u00f6vet\u0151en- elbontott\u00e1k, hiszen a v\u00edz nyom\u00e1s\u00e1ra megbillent.<\/p>\n<p> A Zagyva-parti t\u00e1mfal ezen oldal\u00e1t 2015-ben teljesen \u00fajj\u00e1\u00e9p\u00edtett\u00e9k. A 680 m\u00e9teren h\u00faz\u00f3d\u00f3 t\u00f6m\u00f6r\u00edtett f\u00f6ldm\u0171 folyamatos mozg\u00e1sban van. \u00c9ppen ez\u00e9rt, a 8 m\u00e9teres vasbeton elemeket ilyen dilet\u00e1ci\u00f3s anyagokkal illesztik \u00f6ssze.<\/p>\n<p>A dilet\u00e1ci\u00f3s h\u00e9zagokra akkor van sz\u00fcks\u00e9g, ha a beton ak\u00e1r f\u00fcgg\u0151leges, ak\u00e1r v\u00edzszintes ir\u00e1ny\u00fa mozg\u00e1sa v\u00e1rhat\u00f3an akad\u00e1lyba \u00fctk\u00f6zik. A 2015-\u00f6s fel\u00faj\u00edt\u00e1s sor\u00e1n a fal tetej\u00e9t el\u0151regy\u00e1rtott m\u0171k\u0151 fedlappal z\u00e1rt\u00e1k le, a fal felsz\u00edn feletti r\u00e9sze pedig k\u00e9toldali fagy\u00e1ll\u00f3 term\u00e9sk\u0151-burkolatot kapott.<\/p>\n<p>-A mozg\u00e1s hat\u00e1s\u00e1ra a rajtuk l\u00e9v\u0151 term\u00e9sk\u0151-burkolat  &#8211;   has\u00edtott term\u00e9sk\u0151-burkolat  &#8211;   szint\u00e9n megmozdul \u00e9s itt, a dilet\u00e1ci\u00f3kn\u00e1l van, hogy leesik, illetve megreped \u00e9s ezeket kell kijav\u00edtanunk.&#8221; &#8211; nyilatkozta Csibr\u00e1n Zolt\u00e1n, a K\u00d6TI-V\u00cdZIG \u00c1rv\u00edzv\u00e9delmi \u00e9s Foly\u00f3gazd\u00e1lkod\u00e1si Oszt\u00e1ly\u00e1nak vezet\u0151je.<\/p>\n<p>A falon egy kor\u00e1bbi rekonstrukci\u00f3 sor\u00e1n 1 m\u00e9ter vastag v\u00edzz\u00e1r\u00f3 agyagtakar\u00e1st \u00e9s \u00faj hossz-sziv\u00e1rg\u00f3kat alak\u00edtottak ki. A m\u00e9lysziv\u00e1rg\u00f3k dr\u00e9ncs\u00f6vekb\u0151l \u00e1llnak, melyeket geotext\u00edlia vesz k\u00f6r\u00fcl. A jelenlegi karbantart\u00e1s garanci\u00e1lis munka keret\u00e9ben folyik a kivitelez\u0151-v\u00e1llalkoz\u00f3 \u00e1ltal. V\u00e1rhat\u00f3an egy h\u00e9ten bel\u00fcl az utols\u00f3 sim\u00edt\u00e1sokkal is v\u00e9geznek.<br \/>\n<br \/>\n<div style=\"width: 640px;\" class=\"wp-video\"><!--[if lt IE 9]><script>document.createElement('video');<\/script><![endif]-->\n<video class=\"wp-video-shortcode\" id=\"video-9140-1\" width=\"640\" height=\"360\" preload=\"metadata\" controls=\"controls\"><source type=\"video\/mp4\" src=\"\/spots\/hir\/hir_180530_02.mp4?_=1\" \/><a href=\"\/spots\/hir\/hir_180530_02.mp4\">\/spots\/hir\/hir_180530_02.mp4<\/a><\/video><\/div><\/p>\n","protected":false},"excerpt":{"rendered":"<p>Az 1970-es \u00e9vek v\u00e9g\u00e9n \u00e9p\u00fclt meg el\u0151sz\u00f6r a Zagyva-parti t\u00e1mfal a v\u00e1ros \u00e1rv\u00edzv\u00e9delme \u00e9rdek\u00e9ben. Akkor m\u00e9g term\u00e9sk\u0151 anyag\u00fa \u00fan.parapetfalat h\u00faztak fel a foly\u00f3 ment\u00e9n. Ezt &#8211; a nagy 2010-es \u00e1rvizet k\u00f6vet\u0151en- elbontott\u00e1k, hiszen a v\u00edz nyom\u00e1s\u00e1ra megbillent. A Zagyva-parti t\u00e1mfal ezen oldal\u00e1t 2015-ben teljesen \u00fajj\u00e1\u00e9p\u00edtett\u00e9k. A 680 m\u00e9teren h\u00faz\u00f3d\u00f3 t\u00f6m\u00f6r\u00edtett f\u00f6ldm\u0171 folyamatos mozg\u00e1sban van. \u00c9ppen [&hellip;]<\/p>\n","protected":false},"author":2,"featured_media":0,"comment_status":"closed","ping_status":"closed","sticky":false,"template":"","format":"standard","meta":[],"categories":[9],"tags":[],"_links":{"self":[{"href":"http:\/\/archiv.szolnoktv.hu\/index.php?rest_route=\/wp\/v2\/posts\/9140"}],"collection":[{"href":"http:\/\/archiv.szolnoktv.hu\/index.php?rest_route=\/wp\/v2\/posts"}],"about":[{"href":"http:\/\/archiv.szolnoktv.hu\/index.php?rest_route=\/wp\/v2\/types\/post"}],"author":[{"embeddable":true,"href":"http:\/\/archiv.szolnoktv.hu\/index.php?rest_route=\/wp\/v2\/users\/2"}],"replies":[{"embeddable":true,"href":"http:\/\/archiv.szolnoktv.hu\/index.php?rest_route=%2Fwp%2Fv2%2Fcomments&post=9140"}],"version-history":[{"count":1,"href":"http:\/\/archiv.szolnoktv.hu\/index.php?rest_route=\/wp\/v2\/posts\/9140\/revisions"}],"predecessor-version":[{"id":9195,"href":"http:\/\/archiv.szolnoktv.hu\/index.php?rest_route=\/wp\/v2\/posts\/9140\/revisions\/9195"}],"wp:attachment":[{"href":"http:\/\/archiv.szolnoktv.hu\/index.php?rest_route=%2Fwp%2Fv2%2Fmedia&parent=9140"}],"wp:term":[{"taxonomy":"category","embeddable":true,"href":"http:\/\/archiv.szolnoktv.hu\/index.php?rest_route=%2Fwp%2Fv2%2Fcategories&post=9140"},{"taxonomy":"post_tag","embeddable":true,"href":"http:\/\/archiv.szolnoktv.hu\/index.php?rest_route=%2Fwp%2Fv2%2Ftags&post=9140"}],"curies":[{"name":"wp","href":"https:\/\/api.w.org\/{rel}","templated":true}]}}