{"id":9139,"date":"2018-05-30T17:03:42","date_gmt":"2018-05-30T17:03:42","guid":{"rendered":"http:\/\/archiv.szolnoktv.hu\/?p=9139"},"modified":"2021-08-14T14:18:58","modified_gmt":"2021-08-14T14:18:58","slug":"tobb-evtizedes-kutatomunka-eredmenye-a-reptar-elso-kotete","status":"publish","type":"post","link":"http:\/\/archiv.szolnoktv.hu\/?p=9139","title":{"rendered":"T\u00f6bb \u00e9vtizedes kutat\u00f3munka eredm\u00e9nye a Rept\u00e1r els\u0151 k\u00f6tete"},"content":{"rendered":"<div class='booster-block booster-read-block'><\/div><p>Hiteles t\u00f6rt\u00e9neti \u00e1ttekint\u00e9st ny\u00fajtani &#8211;  ez volt a szerz\u0151 legfontosabb c\u00e9lja. Szolnok rep\u00fcl\u00e9st\u00f6rt\u00e9nete 1945 ig c\u00edm\u0171 kiadv\u00e1ny Mag\u00f3 K\u00e1roly munk\u00e1ja. A z\u00e1szl\u00f3s, a szolnoki Helikopter B\u00e1zis kutat\u00f3ja, a Rept\u00e1r munkat\u00e1rsa hossz\u00fa \u00e9vek \u00f3ta foglalkozik a megyesz\u00e9khely rep\u00fcl\u0151s m\u00faltj\u00e1val.  <br \/>A k\u00f6nyv alapj\u00e1ul a szerz\u0151 f\u0151iskolai szakdolgozata szolg\u00e1lt. <\/p>\n<p>&#8211; Amikor \u00e1ll\u00edtottam \u00f6ssze az anyagot, m\u00e1r akkor l\u00e1ttam, hogy nagyon sok hi\u00e1nyoss\u00e1g van azokban az adatokban amik m\u00e1r megjelentek. Vannak benne ellentmond\u00e1sok \u00e9s olyan inform\u00e1ci\u00f3k, melyek nem fedik pontosan a val\u00f3s\u00e1got. A folyamatos kutat\u00e1snak az lett a v\u00e9ge, hogy \u00f6ssze\u00e1llt egy k\u00f6nyvanyag. &#8211; &#8211; mondta Mag\u00f3 K\u00e1roly, szerz\u0151. <\/p>\n<p>A kiadv\u00e1ny eddig m\u00e9g publik\u00e1latlan f\u00e9nyk\u00e9pekkel, dokumentumokkal mutatja be Szolnok rep\u00fcl\u0151g\u00e9pekkel, rep\u00fcl\u0151s\u00f6kkel kapcsolatos t\u00f6rt\u00e9nelm\u00e9t. A maxim\u00e1lis szakmai ig\u00e9nyess\u00e9g mellett a szerz\u0151 arra is t\u00f6rekedett, hogy a rep\u00fcl\u00e9st\u00f6rt\u00e9net ir\u00e1nt kev\u00e9sb\u00e9 \u00e9rdekl\u0151d\u0151 olvas\u00f3 sz\u00e1m\u00e1ra is izgalmas legyen a kiadv\u00e1ny. <\/p>\n<p>-Vannak olyan f\u00e9nyk\u00e9pek, amelyek 1941-ben k\u00e9sz\u00fcltek kint a helikopter b\u00e1zison \u00e9s l\u00e1tszanak a r\u00e9gi \u00e9p\u00fcletek \u00e9s a r\u00e9gi rep\u00fcl\u0151k. Nekem ezek nagyon \u00e9rdekesek, mivel \u00e9n minden nap ott dolgozom. \u00c9s l\u00e1tszik, hogy egy egy \u00e9p\u00fclet m\u00e9g megvan abb\u00f3l az id\u0151b\u0151l. &#8211;<\/p>\n<p>A Rept\u00e1rban foly\u00f3 szakmai -kutat\u00f3munk\u00e1nak k\u00f6sz\u00f6nhet\u0151en a k\u00f6zgy\u0171jtem\u00e9ny tov\u00e1bbi k\u00f6nyvek megjelentet\u00e9s\u00e9t tervezi. A Rept\u00e1r els\u0151 k\u00f6nyvbemutat\u00f3ja telt h\u00e1z el\u0151tt zajlott.<br \/>\n<br \/>\n<div style=\"width: 640px;\" class=\"wp-video\"><!--[if lt IE 9]><script>document.createElement('video');<\/script><![endif]-->\n<video class=\"wp-video-shortcode\" id=\"video-9139-1\" width=\"640\" height=\"360\" preload=\"metadata\" controls=\"controls\"><source type=\"video\/mp4\" src=\"\/spots\/hir\/hir_180530_01.mp4?_=1\" \/><a href=\"\/spots\/hir\/hir_180530_01.mp4\">\/spots\/hir\/hir_180530_01.mp4<\/a><\/video><\/div><\/p>\n","protected":false},"excerpt":{"rendered":"<p>Hiteles t\u00f6rt\u00e9neti \u00e1ttekint\u00e9st ny\u00fajtani &#8211; ez volt a szerz\u0151 legfontosabb c\u00e9lja. Szolnok rep\u00fcl\u00e9st\u00f6rt\u00e9nete 1945 ig c\u00edm\u0171 kiadv\u00e1ny Mag\u00f3 K\u00e1roly munk\u00e1ja. A z\u00e1szl\u00f3s, a szolnoki Helikopter B\u00e1zis kutat\u00f3ja, a Rept\u00e1r munkat\u00e1rsa hossz\u00fa \u00e9vek \u00f3ta foglalkozik a megyesz\u00e9khely rep\u00fcl\u0151s m\u00faltj\u00e1val. A k\u00f6nyv alapj\u00e1ul a szerz\u0151 f\u0151iskolai szakdolgozata szolg\u00e1lt. &#8211; Amikor \u00e1ll\u00edtottam \u00f6ssze az anyagot, m\u00e1r akkor l\u00e1ttam, [&hellip;]<\/p>\n","protected":false},"author":2,"featured_media":0,"comment_status":"closed","ping_status":"closed","sticky":false,"template":"","format":"standard","meta":[],"categories":[9],"tags":[],"_links":{"self":[{"href":"http:\/\/archiv.szolnoktv.hu\/index.php?rest_route=\/wp\/v2\/posts\/9139"}],"collection":[{"href":"http:\/\/archiv.szolnoktv.hu\/index.php?rest_route=\/wp\/v2\/posts"}],"about":[{"href":"http:\/\/archiv.szolnoktv.hu\/index.php?rest_route=\/wp\/v2\/types\/post"}],"author":[{"embeddable":true,"href":"http:\/\/archiv.szolnoktv.hu\/index.php?rest_route=\/wp\/v2\/users\/2"}],"replies":[{"embeddable":true,"href":"http:\/\/archiv.szolnoktv.hu\/index.php?rest_route=%2Fwp%2Fv2%2Fcomments&post=9139"}],"version-history":[{"count":1,"href":"http:\/\/archiv.szolnoktv.hu\/index.php?rest_route=\/wp\/v2\/posts\/9139\/revisions"}],"predecessor-version":[{"id":9196,"href":"http:\/\/archiv.szolnoktv.hu\/index.php?rest_route=\/wp\/v2\/posts\/9139\/revisions\/9196"}],"wp:attachment":[{"href":"http:\/\/archiv.szolnoktv.hu\/index.php?rest_route=%2Fwp%2Fv2%2Fmedia&parent=9139"}],"wp:term":[{"taxonomy":"category","embeddable":true,"href":"http:\/\/archiv.szolnoktv.hu\/index.php?rest_route=%2Fwp%2Fv2%2Fcategories&post=9139"},{"taxonomy":"post_tag","embeddable":true,"href":"http:\/\/archiv.szolnoktv.hu\/index.php?rest_route=%2Fwp%2Fv2%2Ftags&post=9139"}],"curies":[{"name":"wp","href":"https:\/\/api.w.org\/{rel}","templated":true}]}}