{"id":9138,"date":"2018-05-29T19:09:26","date_gmt":"2018-05-29T19:09:26","guid":{"rendered":"http:\/\/archiv.szolnoktv.hu\/?p=9138"},"modified":"2021-08-14T14:18:58","modified_gmt":"2021-08-14T14:18:58","slug":"oktatasi-bizottsag-3","status":"publish","type":"post","link":"http:\/\/archiv.szolnoktv.hu\/?p=9138","title":{"rendered":"Oktat\u00e1si bizotts\u00e1g"},"content":{"rendered":"<div class='booster-block booster-read-block'><\/div><p>Az \u00dajv\u00e1rosi Fejleszt\u00e9si Program T\u00e1rsadalomfejleszt\u00e9si tev\u00e9kenys\u00e9g\u00e9nek c\u00e9lja tavaly a halmozottan h\u00e1tr\u00e1nyos fiatalok \u00e9s feln\u0151ttek t\u00e1rsadalomba t\u00f6rt\u00e9n\u0151 vissza illeszked\u00e9s\u00e9t, illetve a munkaer\u0151piacon t\u00f6rt\u00e9n\u0151 foglalkoztat\u00e1s\u00e1nak el\u0151seg\u00edt\u00e9s\u00e9t t\u0171zte ki c\u00e9lul. A projekt az \u00dajv\u00e1rosi Fejleszt\u00e9si Iroda, valamint a civil \u00e9s egyh\u00e1zi szf\u00e9ra bevon\u00e1s\u00e1val val\u00f3sult meg. A programnak k\u00f6sz\u00f6nhet\u0151en 2017-ben cs\u00f6kkent a h\u00e1tr\u00e1nyos helyzet\u0171 csal\u00e1dok vesz\u00e9lyeztetetts\u00e9ge \u00e9s javult az \u00e9letmin\u0151s\u00e9g. <\/p>\n<p>-Az integr\u00e1ci\u00f3s k\u00e9rd\u00e9sek folyamatosan napirenden vannak \u00e9s a v\u00e1ros m\u0171k\u00f6dtet itt egy olyan programot, amellyel az lenne a c\u00e9lunk, hogy ebben a v\u00e1rosr\u00e9szben \u00e9l\u0151 emberek sz\u00e1m\u00e1ra egy olyan felz\u00e1rk\u00f3z\u00e1si lehet\u0151s\u00e9get biztos\u00edtsunk, amely a v\u00e1ros m\u00e1s, szerencs\u00e9sebb helyzetben l\u00e9v\u0151 pontjain m\u00e1r megval\u00f3sult.&#8221;- mondta Falusi Vajk az oktat\u00e1si, kultur\u00e1lis \u00e9s ifj\u00fas\u00e1gi bizotts\u00e1g eln\u00f6ke.<\/p>\n<p>A bizotts\u00e1g a Szolnok Hazav\u00e1r Program eredm\u00e9nyit is v\u00e9lem\u00e9nyezte. A 10 \u00e9ve \u00e9letre h\u00edvott program a szolnoki k\u00f6t\u0151d\u00e9s\u0171 fiatalok fels\u0151oktat\u00e1si tanulm\u00e1nyait, illetve p\u00e1lyakezd\u00e9s\u00e9t seg\u00edti. A projekt a fiatalok lak\u00e1shoz jut\u00e1s\u00e1t is t\u00e1mogatja. A felt\u00e9teleknek megfelel\u0151k 500.000 forint lak\u00e1sc\u00e9l\u00fa seg\u00edts\u00e9get kapnak. <\/p>\n<p>-Az elm\u00falt \u00e9veben t\u00f6bb elemmel b\u0151v\u00fclt ez a program. Szerett\u00fck volna kinyitni \u00e9s ki is nyitottuk ezt a programot a szakk\u00e9pz\u00e9sben tanul\u00f3 fiatalok sz\u00e1m\u00e1ra, valamint a Szolnoki F\u0151iskol\u00e1n tanul\u00f3 fiatalokat is szerett\u00fck volna ezzel a programmal megsz\u00f3l\u00edtani. Ennek a programnak a keret\u00e9ben \u00f6szt\u00f6nd\u00edjhoz tudnak jutni, els\u0151 lak\u00e1shoz vagy \u00e9ppen \u00f6nkorm\u00e1nyzati lak\u00e1shoz.&#8221;-tette hozz\u00e1 Falusi Vajk.<\/p>\n<p>A Szolnok Hazav\u00e1r Program keret\u00e9ben j\u00f6tt l\u00e9tre a v\u00e1ros gyakornoki programja. 2016 \u00f3ta a programhoz 17 fiatal \u00e9s 3 \u00faj foglalkoztat\u00f3 c\u00e9g csatlakozott. A projekt id\u00e9n ny\u00e1ron -Szolnokon a J\u00f6v\u0151d!&#8221; c\u00edmmel folytat\u00f3dik- hangzott el az oktat\u00e1si, kultur\u00e1lis \u00e9s ifj\u00fas\u00e1gi bizotts\u00e1g \u00fcl\u00e9s\u00e9n.<br \/>\n<br \/>\n<div style=\"width: 640px;\" class=\"wp-video\"><!--[if lt IE 9]><script>document.createElement('video');<\/script><![endif]-->\n<video class=\"wp-video-shortcode\" id=\"video-9138-1\" width=\"640\" height=\"360\" preload=\"metadata\" controls=\"controls\"><source type=\"video\/mp4\" src=\"\/spots\/hir\/hir_180529_07.mp4?_=1\" \/><a href=\"\/spots\/hir\/hir_180529_07.mp4\">\/spots\/hir\/hir_180529_07.mp4<\/a><\/video><\/div><\/p>\n","protected":false},"excerpt":{"rendered":"<p>Az \u00dajv\u00e1rosi Fejleszt\u00e9si Program T\u00e1rsadalomfejleszt\u00e9si tev\u00e9kenys\u00e9g\u00e9nek c\u00e9lja tavaly a halmozottan h\u00e1tr\u00e1nyos fiatalok \u00e9s feln\u0151ttek t\u00e1rsadalomba t\u00f6rt\u00e9n\u0151 vissza illeszked\u00e9s\u00e9t, illetve a munkaer\u0151piacon t\u00f6rt\u00e9n\u0151 foglalkoztat\u00e1s\u00e1nak el\u0151seg\u00edt\u00e9s\u00e9t t\u0171zte ki c\u00e9lul. A projekt az \u00dajv\u00e1rosi Fejleszt\u00e9si Iroda, valamint a civil \u00e9s egyh\u00e1zi szf\u00e9ra bevon\u00e1s\u00e1val val\u00f3sult meg. A programnak k\u00f6sz\u00f6nhet\u0151en 2017-ben cs\u00f6kkent a h\u00e1tr\u00e1nyos helyzet\u0171 csal\u00e1dok vesz\u00e9lyeztetetts\u00e9ge \u00e9s javult az [&hellip;]<\/p>\n","protected":false},"author":2,"featured_media":0,"comment_status":"closed","ping_status":"closed","sticky":false,"template":"","format":"standard","meta":[],"categories":[9],"tags":[],"_links":{"self":[{"href":"http:\/\/archiv.szolnoktv.hu\/index.php?rest_route=\/wp\/v2\/posts\/9138"}],"collection":[{"href":"http:\/\/archiv.szolnoktv.hu\/index.php?rest_route=\/wp\/v2\/posts"}],"about":[{"href":"http:\/\/archiv.szolnoktv.hu\/index.php?rest_route=\/wp\/v2\/types\/post"}],"author":[{"embeddable":true,"href":"http:\/\/archiv.szolnoktv.hu\/index.php?rest_route=\/wp\/v2\/users\/2"}],"replies":[{"embeddable":true,"href":"http:\/\/archiv.szolnoktv.hu\/index.php?rest_route=%2Fwp%2Fv2%2Fcomments&post=9138"}],"version-history":[{"count":1,"href":"http:\/\/archiv.szolnoktv.hu\/index.php?rest_route=\/wp\/v2\/posts\/9138\/revisions"}],"predecessor-version":[{"id":9197,"href":"http:\/\/archiv.szolnoktv.hu\/index.php?rest_route=\/wp\/v2\/posts\/9138\/revisions\/9197"}],"wp:attachment":[{"href":"http:\/\/archiv.szolnoktv.hu\/index.php?rest_route=%2Fwp%2Fv2%2Fmedia&parent=9138"}],"wp:term":[{"taxonomy":"category","embeddable":true,"href":"http:\/\/archiv.szolnoktv.hu\/index.php?rest_route=%2Fwp%2Fv2%2Fcategories&post=9138"},{"taxonomy":"post_tag","embeddable":true,"href":"http:\/\/archiv.szolnoktv.hu\/index.php?rest_route=%2Fwp%2Fv2%2Ftags&post=9138"}],"curies":[{"name":"wp","href":"https:\/\/api.w.org\/{rel}","templated":true}]}}