{"id":9137,"date":"2018-05-29T19:05:53","date_gmt":"2018-05-29T19:05:53","guid":{"rendered":"http:\/\/archiv.szolnoktv.hu\/?p=9137"},"modified":"2021-08-14T14:18:58","modified_gmt":"2021-08-14T14:18:58","slug":"varosfejlesztesi-bizottsag-4","status":"publish","type":"post","link":"http:\/\/archiv.szolnoktv.hu\/?p=9137","title":{"rendered":"V\u00e1rosfejleszt\u00e9si bizotts\u00e1g"},"content":{"rendered":"<div class='booster-block booster-read-block'><\/div><p>Javult Szolnok \u00e9s a v\u00e1rosi rend\u0151rkapit\u00e1nys\u00e1g illet\u00e9kess\u00e9gi ter\u00fclet\u00e9nek k\u00f6zbiztons\u00e1gi helyzete  &#8211;   hangzott el a bizotts\u00e1gi \u00fcl\u00e9sen. 2016-hoz k\u00e9pest tavaly 14 sz\u00e1zal\u00e9kkal cs\u00f6kkent a regisztr\u00e1lt b\u0171ncselekm\u00e9nyek sz\u00e1ma. <\/p>\n<p>-Ami jelent\u0151s az a rabl\u00e1sok sz\u00e1ma, ott is van egy minim\u00e1lis cs\u00f6kken\u00e9s. Teh\u00e1t a tendencia 2012-t\u0151l kezd\u0151d\u0151en az, hogy cs\u00f6kkennek a b\u0171ncselekm\u00e9nyek, b\u00edzunk benne, hogy ez a tendencia megmarad \u00e9s a tov\u00e1bbiakban is kedvez\u0151 lesz a helyzet.&#8221;  &#8211;   mondta Moln\u00e1r Iv\u00e1n eln\u00f6k (Fidesz-KDNP), v\u00e1rosfejleszt\u00e9si \u00e9s \u00fczemeltet\u00e9si bizotts\u00e1g.<\/p>\n<p>A kapit\u00e1nys\u00e1g illet\u00e9kess\u00e9gi ter\u00fclete \u00e9s a megyesz\u00e9khely \u00e9lete  &#8211;   rendv\u00e9delmi szempontb\u00f3l  &#8211;   sz\u00e9ls\u0151s\u00e9gmentes volt  &#8211;   der\u00fcl ki a kapit\u00e1nys\u00e1g \u00e1ltal k\u00e9sz\u00edtett besz\u00e1mol\u00f3b\u00f3l.  2017-ben 2.528 b\u0171ncselekm\u00e9nyt regisztr\u00e1ltak, ebb\u0151l Szolnokon1.916-ot, ez 10 sz\u00e1zal\u00e9kos cs\u00f6kken\u00e9st mutat az el\u0151z\u0151 \u00e9v adataihoz k\u00e9pest. A k\u00f6zter\u00fcleten elk\u00f6vetett b\u0171ncselekm\u00e9nyek sz\u00e1ma 2,5, a kiemelten kezeltek\u00e9 18,6, a bet\u00f6r\u00e9ses lop\u00e1sok sz\u00e1ma pedig 13,6 sz\u00e1zal\u00e9kkal cs\u00f6kkent. Nyomoz\u00e1seredm\u00e9nyess\u00e9g ter\u00e9n is nagy a javul\u00e1s: 63,7 sz\u00e1zal\u00e9kos a mutat\u00f3, ez 21,6 sz\u00e1zal\u00e9kos emelked\u00e9s.<\/p>\n<p>-Mind a helyi \u00f6nkorm\u00e1nyzattal, mind a polg\u00e1r\u0151rs\u00e9ggel, k\u00f6zleked\u00e9s fel\u00fcgyelettel a kapcsolatunk, egy\u00fcttm\u0171k\u00f6d\u00e9s\u00fcnk kiemelked\u0151en j\u00f3, sz\u00e1m\u00edt az elk\u00f6vetkezend\u0151kben is ezeknek \u00e9s m\u00e1s szervezeteknek az egy\u00fcttm\u0171k\u00f6d\u00e9s\u00e9re, hiszen az el\u00e9rt sikerek nem csak a rend\u0151rs\u00e9g sikere, hanem k\u00f6z\u00f6s munka eredm\u00e9nye.&#8221;  &#8211;   mondta Egedi Istv\u00e1n r.ezredes, kapit\u00e1nys\u00e1gvezet\u0151, Szolnoki Rend\u0151rkapit\u00e1nys\u00e1g.<\/p>\n<p>A kapit\u00e1nys\u00e1g a j\u00f6v\u0151ben is kiemelten kezeli a t\u00e1rsszervekkel val\u00f3 egy\u00fcttm\u0171k\u00f6d\u00e9st \u00e9s annak hat\u00e9konys\u00e1g\u00e1nak n\u00f6vel\u00e9s\u00e9t. Ez m\u00e1r a V\u00e1rosi Sportcsarnok, homlokzat\u00e1ra hamarosan napelemket szerelnek majd. De nem csak a sportl\u00e9tes\u00edtm\u00e9ny energetikai korszer\u0171s\u00edt\u00e9s\u00e9re jut forr\u00e1s. Az \u00f6nkorm\u00e1nyzat erre a c\u00e9lra valamivel t\u00f6bb, mint 833 milli\u00f3 forintot nyert. T\u00f6bbek k\u00f6z\u00f6tt az Aba-Nov\u00e1k Ag\u00f3ra Kultur\u00e1lis K\u00f6zpont \u00e9s a V\u00e1rosh\u00e1za homlokzat\u00e1ra is ker\u00fcl majd napelem. T\u00f6bb \u00e9p\u00fcletben pedig  &#8211;   p\u00e9ld\u00e1ul a V\u00e1rosmajor \u00fati orvosi rendel\u0151 valamint a b\u00f6lcs\u0151de eset\u00e9ben is  &#8211;   ny\u00edl\u00e1sz\u00e1r\u00f3 csere, f\u0171t\u00e9srendszer fel\u00faj\u00edt\u00e1s, tet\u0151szigetel\u00e9s lesz.<\/p>\n<p>-K\u00f6r\u00fclbel\u00fcl 20-25 \u00e9p\u00fcletet \u00e9rint, a Kacsa \u00fatt\u00f3l kezdve a Sz\u00e9chenyiig, a szandasz\u0151l\u0151si \u00e9p\u00fcletekt\u0151l kezdve a belv\u00e1rosig sok helyen. ez egy olyan program, ami az eg\u00e9sz v\u00e1rosban jelent\u0151s.&#8221;  &#8211;   tette hozz\u00e1 Moln\u00e1r Iv\u00e1n eln\u00f6k (Fidesz-KDNP), v\u00e1rosfejleszt\u00e9si \u00e9s \u00fczemeltet\u00e9si bizotts\u00e1g.<\/p>\n<p>A k\u00f6zbeszerz\u00e9sek f\u00fcggv\u00e9ny\u00e9ben a tervek szerint \u0151sszel kezd\u0151dik a munka.<br \/>\n<br \/>\n<div style=\"width: 640px;\" class=\"wp-video\"><!--[if lt IE 9]><script>document.createElement('video');<\/script><![endif]-->\n<video class=\"wp-video-shortcode\" id=\"video-9137-1\" width=\"640\" height=\"360\" preload=\"metadata\" controls=\"controls\"><source type=\"video\/mp4\" src=\"\/spots\/hir\/hir_180529_06.mp4?_=1\" \/><a href=\"\/spots\/hir\/hir_180529_06.mp4\">\/spots\/hir\/hir_180529_06.mp4<\/a><\/video><\/div><\/p>\n","protected":false},"excerpt":{"rendered":"<p>Javult Szolnok \u00e9s a v\u00e1rosi rend\u0151rkapit\u00e1nys\u00e1g illet\u00e9kess\u00e9gi ter\u00fclet\u00e9nek k\u00f6zbiztons\u00e1gi helyzete &#8211; hangzott el a bizotts\u00e1gi \u00fcl\u00e9sen. 2016-hoz k\u00e9pest tavaly 14 sz\u00e1zal\u00e9kkal cs\u00f6kkent a regisztr\u00e1lt b\u0171ncselekm\u00e9nyek sz\u00e1ma. -Ami jelent\u0151s az a rabl\u00e1sok sz\u00e1ma, ott is van egy minim\u00e1lis cs\u00f6kken\u00e9s. Teh\u00e1t a tendencia 2012-t\u0151l kezd\u0151d\u0151en az, hogy cs\u00f6kkennek a b\u0171ncselekm\u00e9nyek, b\u00edzunk benne, hogy ez a tendencia megmarad [&hellip;]<\/p>\n","protected":false},"author":2,"featured_media":0,"comment_status":"closed","ping_status":"closed","sticky":false,"template":"","format":"standard","meta":[],"categories":[9],"tags":[],"_links":{"self":[{"href":"http:\/\/archiv.szolnoktv.hu\/index.php?rest_route=\/wp\/v2\/posts\/9137"}],"collection":[{"href":"http:\/\/archiv.szolnoktv.hu\/index.php?rest_route=\/wp\/v2\/posts"}],"about":[{"href":"http:\/\/archiv.szolnoktv.hu\/index.php?rest_route=\/wp\/v2\/types\/post"}],"author":[{"embeddable":true,"href":"http:\/\/archiv.szolnoktv.hu\/index.php?rest_route=\/wp\/v2\/users\/2"}],"replies":[{"embeddable":true,"href":"http:\/\/archiv.szolnoktv.hu\/index.php?rest_route=%2Fwp%2Fv2%2Fcomments&post=9137"}],"version-history":[{"count":1,"href":"http:\/\/archiv.szolnoktv.hu\/index.php?rest_route=\/wp\/v2\/posts\/9137\/revisions"}],"predecessor-version":[{"id":9198,"href":"http:\/\/archiv.szolnoktv.hu\/index.php?rest_route=\/wp\/v2\/posts\/9137\/revisions\/9198"}],"wp:attachment":[{"href":"http:\/\/archiv.szolnoktv.hu\/index.php?rest_route=%2Fwp%2Fv2%2Fmedia&parent=9137"}],"wp:term":[{"taxonomy":"category","embeddable":true,"href":"http:\/\/archiv.szolnoktv.hu\/index.php?rest_route=%2Fwp%2Fv2%2Fcategories&post=9137"},{"taxonomy":"post_tag","embeddable":true,"href":"http:\/\/archiv.szolnoktv.hu\/index.php?rest_route=%2Fwp%2Fv2%2Ftags&post=9137"}],"curies":[{"name":"wp","href":"https:\/\/api.w.org\/{rel}","templated":true}]}}