{"id":9136,"date":"2018-05-29T19:00:18","date_gmt":"2018-05-29T19:00:18","guid":{"rendered":"http:\/\/archiv.szolnoktv.hu\/?p=9136"},"modified":"2021-08-14T14:18:58","modified_gmt":"2021-08-14T14:18:58","slug":"viii-szakmai-kozlekedesrendeszeti-verseny-megyei-donto","status":"publish","type":"post","link":"http:\/\/archiv.szolnoktv.hu\/?p=9136","title":{"rendered":"VIII. Szakmai K\u00f6zleked\u00e9srend\u00e9szeti Verseny  &#8211;   megyei d\u00f6nt\u0151"},"content":{"rendered":"<div class='booster-block booster-read-block'><\/div><p>K\u00e9zzel ir\u00e1ny\u00edtj\u00e1k a forgalmat a Th\u00f6k\u00f6ly \u00fat \u00e9s a Sz\u00e1nt\u00f3 krt. keresztez\u0151d\u00e9s\u00e9ben a rend\u0151r\u00f6k. A k\u00f6zleked\u00e9si l\u00e1mp\u00e1kat kikapcsolt\u00e1k, mert a mostani karos forgalomir\u00e1ny\u00edt\u00e1s c\u00e9lja, hogy megtal\u00e1lj\u00e1k azt a rend\u0151rt, aki a megyei d\u00f6nt\u0151b\u0151l tov\u00e1bb jutva az orsz\u00e1gos versenyen indulhat ebben a kateg\u00f3ri\u00e1ban. <\/p>\n<p>-Mindenkinek van egy\u00e9nis\u00e9ge az ir\u00e1ny\u00edt\u00e1s k\u00f6zben. A rend\u0151ri jelz\u00e9seket a KRESZ szab\u00e1lyozza \u00e1ltal\u00e1noss\u00e1gban \u00e9s a mozdulatoknak az egy\u00e9nis\u00e9g\u00e9t, a karnak az emel\u00e9s\u00e9t, lejt\u00e9s\u00e9t ezt pedig egy\u00e9nileg az\u00e9rt hozz\u00e1teszik. Ett\u0151l f\u00fcggetlen\u00fcl \u00fagy \u00edt\u00e9lj\u00fck meg, hogy minden koll\u00e9g\u00e1nk szab\u00e1lyosan a KRESZ el\u0151\u00edr\u00e1s\u00e1nak megfelel\u0151en ir\u00e1ny\u00edtja a forgalmat.&#8221;  &#8211;   mondta Koszty\u00f3 G\u00e1bor r. alezredes, k\u00f6zleked\u00e9srend\u00e9szeti oszt\u00e1lyvezet\u0151  <\/p>\n<p>A karos forgalomir\u00e1ny\u00edt\u00f3 versenyen 6 nevez\u0151 volt, \u0151k mintegy 5-5 percig ir\u00e1ny\u00edtott\u00e1k a forgalmat. A teljes\u00edtm\u00e9ny\u00fcket szakmai zs\u0171ri \u00e9rt\u00e9kelte, amely a szab\u00e1lyoss\u00e1g mellett a kommunik\u00e1ci\u00f3t \u00e9s a mozdulatokat is figyelembe vette a pontoz\u00e1sn\u00e1l. <\/p>\n<p>-H\u00e1rom zs\u0171ri van, aki pontozza a tev\u00e9kenys\u00e9g\u00fcket, t\u00f6bb szempont van: els\u0151 a szab\u00e1lyoss\u00e1g, ezen k\u00edv\u00fcl az \u00f6sszhat\u00e1st, a kommunik\u00e1ci\u00f3t a j\u00e1rm\u0171vezet\u0151kkel, a gyalogosokkal, a forgalom dinamik\u00e1j\u00e1nak a biztos\u00edt\u00e1s\u00e1t, teh\u00e1t t\u00f6bb szempont van, amit pontozniuk kell. A v\u00e9g\u00e9n majd az el\u00e9rt pontok alapj\u00e1n alak\u00edtjuk majd ki a v\u00e9geredm\u00e9nyt.&#8221;  &#8211;   emelte ki Koszty\u00f3 G\u00e1bor   <\/p>\n<p>Ma 3 versenysz\u00e1mban versenyeztek a rend\u0151r\u00f6k, a forgalomir\u00e1ny\u00edt\u00e1son k\u00edv\u00fcl a motoros-, \u00e9s a g\u00e9pkocsiz\u00f3 j\u00e1r\u0151r\u00f6k is \u00f6sszem\u00e9rt\u00e9k tud\u00e1sukat. A rend\u0151r szakmai verseny megyei d\u00f6nt\u0151j\u00e9n 21 versenyz\u0151 indult, a kateg\u00f3ri\u00e1k legjobbjai j\u00f6v\u0151 h\u00e9ten Gyul\u00e1n, az orsz\u00e1gos d\u00f6nt\u0151ben k\u00e9pviselik majd JNSZ megy\u00e9t.<br \/>\n<br \/>\n<div style=\"width: 640px;\" class=\"wp-video\"><!--[if lt IE 9]><script>document.createElement('video');<\/script><![endif]-->\n<video class=\"wp-video-shortcode\" id=\"video-9136-1\" width=\"640\" height=\"360\" preload=\"metadata\" controls=\"controls\"><source type=\"video\/mp4\" src=\"\/spots\/hir\/hir_180529_05.mp4?_=1\" \/><a href=\"\/spots\/hir\/hir_180529_05.mp4\">\/spots\/hir\/hir_180529_05.mp4<\/a><\/video><\/div><\/p>\n","protected":false},"excerpt":{"rendered":"<p>K\u00e9zzel ir\u00e1ny\u00edtj\u00e1k a forgalmat a Th\u00f6k\u00f6ly \u00fat \u00e9s a Sz\u00e1nt\u00f3 krt. keresztez\u0151d\u00e9s\u00e9ben a rend\u0151r\u00f6k. A k\u00f6zleked\u00e9si l\u00e1mp\u00e1kat kikapcsolt\u00e1k, mert a mostani karos forgalomir\u00e1ny\u00edt\u00e1s c\u00e9lja, hogy megtal\u00e1lj\u00e1k azt a rend\u0151rt, aki a megyei d\u00f6nt\u0151b\u0151l tov\u00e1bb jutva az orsz\u00e1gos versenyen indulhat ebben a kateg\u00f3ri\u00e1ban. -Mindenkinek van egy\u00e9nis\u00e9ge az ir\u00e1ny\u00edt\u00e1s k\u00f6zben. A rend\u0151ri jelz\u00e9seket a KRESZ szab\u00e1lyozza \u00e1ltal\u00e1noss\u00e1gban [&hellip;]<\/p>\n","protected":false},"author":2,"featured_media":0,"comment_status":"closed","ping_status":"closed","sticky":false,"template":"","format":"standard","meta":[],"categories":[9],"tags":[],"_links":{"self":[{"href":"http:\/\/archiv.szolnoktv.hu\/index.php?rest_route=\/wp\/v2\/posts\/9136"}],"collection":[{"href":"http:\/\/archiv.szolnoktv.hu\/index.php?rest_route=\/wp\/v2\/posts"}],"about":[{"href":"http:\/\/archiv.szolnoktv.hu\/index.php?rest_route=\/wp\/v2\/types\/post"}],"author":[{"embeddable":true,"href":"http:\/\/archiv.szolnoktv.hu\/index.php?rest_route=\/wp\/v2\/users\/2"}],"replies":[{"embeddable":true,"href":"http:\/\/archiv.szolnoktv.hu\/index.php?rest_route=%2Fwp%2Fv2%2Fcomments&post=9136"}],"version-history":[{"count":1,"href":"http:\/\/archiv.szolnoktv.hu\/index.php?rest_route=\/wp\/v2\/posts\/9136\/revisions"}],"predecessor-version":[{"id":9199,"href":"http:\/\/archiv.szolnoktv.hu\/index.php?rest_route=\/wp\/v2\/posts\/9136\/revisions\/9199"}],"wp:attachment":[{"href":"http:\/\/archiv.szolnoktv.hu\/index.php?rest_route=%2Fwp%2Fv2%2Fmedia&parent=9136"}],"wp:term":[{"taxonomy":"category","embeddable":true,"href":"http:\/\/archiv.szolnoktv.hu\/index.php?rest_route=%2Fwp%2Fv2%2Fcategories&post=9136"},{"taxonomy":"post_tag","embeddable":true,"href":"http:\/\/archiv.szolnoktv.hu\/index.php?rest_route=%2Fwp%2Fv2%2Ftags&post=9136"}],"curies":[{"name":"wp","href":"https:\/\/api.w.org\/{rel}","templated":true}]}}