{"id":9135,"date":"2018-05-29T18:58:02","date_gmt":"2018-05-29T18:58:02","guid":{"rendered":"http:\/\/archiv.szolnoktv.hu\/?p=9135"},"modified":"2021-08-14T14:18:59","modified_gmt":"2021-08-14T14:18:59","slug":"szakmai-konferenciat-tartott-a-szolnok-varosi-ovodak","status":"publish","type":"post","link":"http:\/\/archiv.szolnoktv.hu\/?p=9135","title":{"rendered":"Szakmai Konferenci\u00e1t tartott a Szolnok V\u00e1rosi \u00f3vod\u00e1k"},"content":{"rendered":"<div class='booster-block booster-read-block'><\/div><p>10 \u00e9vvel ezel\u0151tt alakult meg a Szolnok V\u00e1rosi \u00d3vod\u00e1k. Az int\u00e9zm\u00e9ny dolgoz\u00f3i ma \u00e9s holnap egy szakmai konferencia keret\u00e9ben azt \u00f6sszegzik, hogy az egy \u00e9vtized alatt milyen eredm\u00e9nyeket \u00e9rtek el, illetve jelenleg hol tartanak a kit\u0171z\u00f6tt c\u00e9lok megval\u00f3s\u00edt\u00e1s\u00e1ban. <\/p>\n<p>-Ez a konferencia arra szolg\u00e1l most nek\u00fcnk, hogy valamennyi partner\u00fcnket, valamennyi szponzorunkat, valamennyi szakmai kapcsolatrendszer\u00fcnket megh\u00edvtuk erre a rendezv\u00e9nysorozatra \u00e9s egym\u00e1sra tekint\u00fcnk most \u00e9s eszmecser\u00e9l\u00fcnk \u00e9s j\u00f3 el\u0151ad\u00e1sokat hallgatunk.&#8221; &#8211; mondta Ferenczn\u00e9 Teleky \u00c9va igazgat\u00f3<\/p>\n<p>A k\u00e9t napos programon a szolnoki int\u00e9zm\u00e9ny mintegy 200 pedag\u00f3gusa vesz r\u00e9szt, de emellett \u00e9rkeztek r\u00e9sztvev\u0151k Szabadk\u00e1r\u00f3l, J\u00e1szber\u00e9nyb\u0151l, Kecskem\u00e9tr\u0151l, Mez\u0151t\u00farr\u00f3l \u00e9s Budapestr\u0151l is. A keddi el\u0151ad\u00e1sok tematik\u00e1ja els\u0151sorban az ember mint munkav\u00e1llal\u00f3, valamint a dolgoz\u00f3k motiv\u00e1l\u00e1sa k\u00f6r\u00e9 \u00e9p\u00fclt.  <\/p>\n<p>-Itt a munkav\u00e1llal\u00f3k motiv\u00e1l\u00e1sa, motiv\u00e1ci\u00f3ja, ezzel kapcsolatos el\u0151ad\u00e1sokat fogunk hallgatni \u00e9s a m\u00e1sodik nap kifejezetten az \u00f3vodapedag\u00f3gi\u00e1\u00e9. Itt k\u00fcl\u00f6nb\u00f6z\u0151 nevel\u00e9si ter\u00fcleteken zajlanak majd olyan workshopok, amelyek a gyakorlati munk\u00e1t mutatj\u00e1k be.&#8221;  &#8211;   mondta Ferenczn\u00e9 Teleky \u00c9va<\/p>\n<p>A szerdai napon az el\u0151ad\u00e1sok els\u0151sorban az egy\u00e9ni b\u00e1n\u00e1sm\u00f3d t\u00e9mak\u00f6r\u00e9b\u0151l mer\u00edtenek, sz\u00f3 lesz p\u00e9ld\u00e1ul a nehezen kezelhet\u0151 gyermekek nevel\u00e9s\u00e9r\u0151l, valamint az atipikus fejl\u0151d\u00e9s\u0171 gyerekekr\u0151l is. <\/p>\n<div style=\"width: 640px;\" class=\"wp-video\"><!--[if lt IE 9]><script>document.createElement('video');<\/script><![endif]-->\n<video class=\"wp-video-shortcode\" id=\"video-9135-1\" width=\"640\" height=\"360\" preload=\"metadata\" controls=\"controls\"><source type=\"video\/mp4\" src=\"\/spots\/hir\/hir_180529_04.mp4?_=1\" \/><a href=\"\/spots\/hir\/hir_180529_04.mp4\">\/spots\/hir\/hir_180529_04.mp4<\/a><\/video><\/div>\n","protected":false},"excerpt":{"rendered":"<p>10 \u00e9vvel ezel\u0151tt alakult meg a Szolnok V\u00e1rosi \u00d3vod\u00e1k. Az int\u00e9zm\u00e9ny dolgoz\u00f3i ma \u00e9s holnap egy szakmai konferencia keret\u00e9ben azt \u00f6sszegzik, hogy az egy \u00e9vtized alatt milyen eredm\u00e9nyeket \u00e9rtek el, illetve jelenleg hol tartanak a kit\u0171z\u00f6tt c\u00e9lok megval\u00f3s\u00edt\u00e1s\u00e1ban. -Ez a konferencia arra szolg\u00e1l most nek\u00fcnk, hogy valamennyi partner\u00fcnket, valamennyi szponzorunkat, valamennyi szakmai kapcsolatrendszer\u00fcnket megh\u00edvtuk erre [&hellip;]<\/p>\n","protected":false},"author":2,"featured_media":0,"comment_status":"closed","ping_status":"closed","sticky":false,"template":"","format":"standard","meta":[],"categories":[9],"tags":[],"_links":{"self":[{"href":"http:\/\/archiv.szolnoktv.hu\/index.php?rest_route=\/wp\/v2\/posts\/9135"}],"collection":[{"href":"http:\/\/archiv.szolnoktv.hu\/index.php?rest_route=\/wp\/v2\/posts"}],"about":[{"href":"http:\/\/archiv.szolnoktv.hu\/index.php?rest_route=\/wp\/v2\/types\/post"}],"author":[{"embeddable":true,"href":"http:\/\/archiv.szolnoktv.hu\/index.php?rest_route=\/wp\/v2\/users\/2"}],"replies":[{"embeddable":true,"href":"http:\/\/archiv.szolnoktv.hu\/index.php?rest_route=%2Fwp%2Fv2%2Fcomments&post=9135"}],"version-history":[{"count":1,"href":"http:\/\/archiv.szolnoktv.hu\/index.php?rest_route=\/wp\/v2\/posts\/9135\/revisions"}],"predecessor-version":[{"id":9200,"href":"http:\/\/archiv.szolnoktv.hu\/index.php?rest_route=\/wp\/v2\/posts\/9135\/revisions\/9200"}],"wp:attachment":[{"href":"http:\/\/archiv.szolnoktv.hu\/index.php?rest_route=%2Fwp%2Fv2%2Fmedia&parent=9135"}],"wp:term":[{"taxonomy":"category","embeddable":true,"href":"http:\/\/archiv.szolnoktv.hu\/index.php?rest_route=%2Fwp%2Fv2%2Fcategories&post=9135"},{"taxonomy":"post_tag","embeddable":true,"href":"http:\/\/archiv.szolnoktv.hu\/index.php?rest_route=%2Fwp%2Fv2%2Ftags&post=9135"}],"curies":[{"name":"wp","href":"https:\/\/api.w.org\/{rel}","templated":true}]}}