{"id":9134,"date":"2018-05-29T18:52:15","date_gmt":"2018-05-29T18:52:15","guid":{"rendered":"http:\/\/archiv.szolnoktv.hu\/?p=9134"},"modified":"2021-08-14T14:18:59","modified_gmt":"2021-08-14T14:18:59","slug":"regeszet-napja","status":"publish","type":"post","link":"http:\/\/archiv.szolnoktv.hu\/?p=9134","title":{"rendered":"R\u00e9g\u00e9szet napja"},"content":{"rendered":"<div class='booster-block booster-read-block'><\/div><p>Kov\u00e1csoltvas sz\u00f6gekkel, vasb\u00f3l k\u00e9sz\u00fclt nagy m\u00e9ret\u0171 \u00e1gy\u00fagoly\u00f3kkal ismerkedhettek meg azok, akik r\u00e9szt vettek a leg\u00fajabb r\u00e9g\u00e9szeti \u00e1sat\u00e1sok eredm\u00e9nyeir\u0151l sz\u00f3l\u00f3, t\u00e1rgysimogat\u00e1ssal egybek\u00f6t\u00f6tt el\u0151ad\u00e1son. Ez\u00fattal az \u00c1rp\u00e1d kor volt a f\u00f3kuszban, de k\u00e9s\u0151 k\u00f6z\u00e9pkori leleteket is bemutattak a r\u00e9g\u00e9szek. Az eg\u00e9sz napos esem\u00e9nysor  c\u00e9lja a r\u00e9g\u00e9szet n\u00e9pszer\u0171s\u00edt\u00e9se volt. <\/p>\n<p>-Olyan napon is meg tudjuk magunkat mutatni, a m\u00fazeum r\u00e9g\u00e9szeti \u00e9rt\u00e9keit meg tudjuk mutatni, ami nem \u00e1sat\u00e1s, nem egy k\u00f6t\u00f6tt foglalkoz\u00e1s, sokkal szabadabb, amikor a gyerekek futkoshatnak, egy szabadabb hangulat\u00fa nyitott napot szerett\u00fcnk volna tartani a nagyk\u00f6z\u00f6ns\u00e9gnek. &#8211; -mondta Dr. T\u00e1rnoki Judit r\u00e9g\u00e9sz <\/p>\n<p>A l\u00e1togat\u00f3k \u00f6r\u00f6m\u00e9re ism\u00e9t megnyitotta kapuit a restaur\u00e1tor m\u0171hely. <br \/>A m\u00fazeum d\u00edszudvar\u00e1n mindek\u00f6zben elk\u00e9peszt\u0151 csata indult a hagyom\u00e1ny\u0151rz\u0151knek k\u00f6sz\u00f6nhet\u0151en.  A nap kiemelt l\u00e1tnival\u00f3ja volt a Kunmadarason el\u0151ker\u00fclt ez\u00fcstp\u00e9nz lelet eddig restaur\u00e1lt darabjait tartalmaz\u00f3 vitrin, mely el\u0151tt sokan elid\u0151ztek. A legkisebbekre is gondoltak a szervez\u0151k: egyedi t\u00e1rgyakat k\u00e9sz\u00edthettek a harmadik alkalommal megszervezett r\u00e9g\u00e9szet napj\u00e1n.<br \/>\n<br \/>\n<div style=\"width: 640px;\" class=\"wp-video\"><!--[if lt IE 9]><script>document.createElement('video');<\/script><![endif]-->\n<video class=\"wp-video-shortcode\" id=\"video-9134-1\" width=\"640\" height=\"360\" preload=\"metadata\" controls=\"controls\"><source type=\"video\/mp4\" src=\"\/spots\/hir\/hir_180529_03.mp4?_=1\" \/><a href=\"\/spots\/hir\/hir_180529_03.mp4\">\/spots\/hir\/hir_180529_03.mp4<\/a><\/video><\/div><\/p>\n","protected":false},"excerpt":{"rendered":"<p>Kov\u00e1csoltvas sz\u00f6gekkel, vasb\u00f3l k\u00e9sz\u00fclt nagy m\u00e9ret\u0171 \u00e1gy\u00fagoly\u00f3kkal ismerkedhettek meg azok, akik r\u00e9szt vettek a leg\u00fajabb r\u00e9g\u00e9szeti \u00e1sat\u00e1sok eredm\u00e9nyeir\u0151l sz\u00f3l\u00f3, t\u00e1rgysimogat\u00e1ssal egybek\u00f6t\u00f6tt el\u0151ad\u00e1son. Ez\u00fattal az \u00c1rp\u00e1d kor volt a f\u00f3kuszban, de k\u00e9s\u0151 k\u00f6z\u00e9pkori leleteket is bemutattak a r\u00e9g\u00e9szek. Az eg\u00e9sz napos esem\u00e9nysor c\u00e9lja a r\u00e9g\u00e9szet n\u00e9pszer\u0171s\u00edt\u00e9se volt. -Olyan napon is meg tudjuk magunkat mutatni, a m\u00fazeum [&hellip;]<\/p>\n","protected":false},"author":2,"featured_media":0,"comment_status":"closed","ping_status":"closed","sticky":false,"template":"","format":"standard","meta":[],"categories":[9],"tags":[],"_links":{"self":[{"href":"http:\/\/archiv.szolnoktv.hu\/index.php?rest_route=\/wp\/v2\/posts\/9134"}],"collection":[{"href":"http:\/\/archiv.szolnoktv.hu\/index.php?rest_route=\/wp\/v2\/posts"}],"about":[{"href":"http:\/\/archiv.szolnoktv.hu\/index.php?rest_route=\/wp\/v2\/types\/post"}],"author":[{"embeddable":true,"href":"http:\/\/archiv.szolnoktv.hu\/index.php?rest_route=\/wp\/v2\/users\/2"}],"replies":[{"embeddable":true,"href":"http:\/\/archiv.szolnoktv.hu\/index.php?rest_route=%2Fwp%2Fv2%2Fcomments&post=9134"}],"version-history":[{"count":1,"href":"http:\/\/archiv.szolnoktv.hu\/index.php?rest_route=\/wp\/v2\/posts\/9134\/revisions"}],"predecessor-version":[{"id":9201,"href":"http:\/\/archiv.szolnoktv.hu\/index.php?rest_route=\/wp\/v2\/posts\/9134\/revisions\/9201"}],"wp:attachment":[{"href":"http:\/\/archiv.szolnoktv.hu\/index.php?rest_route=%2Fwp%2Fv2%2Fmedia&parent=9134"}],"wp:term":[{"taxonomy":"category","embeddable":true,"href":"http:\/\/archiv.szolnoktv.hu\/index.php?rest_route=%2Fwp%2Fv2%2Fcategories&post=9134"},{"taxonomy":"post_tag","embeddable":true,"href":"http:\/\/archiv.szolnoktv.hu\/index.php?rest_route=%2Fwp%2Fv2%2Ftags&post=9134"}],"curies":[{"name":"wp","href":"https:\/\/api.w.org\/{rel}","templated":true}]}}