{"id":9133,"date":"2018-05-29T18:46:28","date_gmt":"2018-05-29T18:46:28","guid":{"rendered":"http:\/\/archiv.szolnoktv.hu\/?p=9133"},"modified":"2021-08-14T14:18:59","modified_gmt":"2021-08-14T14:18:59","slug":"kerekparos-bekenagykovet","status":"publish","type":"post","link":"http:\/\/archiv.szolnoktv.hu\/?p=9133","title":{"rendered":"Ker\u00e9kp\u00e1ros b\u00e9kenagyk\u00f6vet"},"content":{"rendered":"<div class='booster-block booster-read-block'><\/div><p>&#8220;Soha t\u00f6bb\u00e9 h\u00e1bor\u00fat.&#8221; Ezzel a szlogennel indult \u00fatra m\u00e1jus 22-\u00e9n Zelei J\u00f3zsef a Vil\u00e1g Ker\u00e9kp\u00e1ros B\u00e9kenagyk\u00f6vete. Az orsz\u00e1got k\u00f6rbekerekezve keresi fel haz\u00e1nk I. Vil\u00e1gh\u00e1bor\u00fas eml\u00e9km\u0171veit, temet\u0151it. Szolnokon a v\u00e1rosh\u00e1z\u00e1n fogadt\u00e1k. B\u00e9kek\u00f6nyv\u00e9be a b\u00e9ke gondolatait \u00edrt\u00e1k bele. Zelei J\u00f3zsef 2010-ben \u00fcltette a megyesz\u00e9khelyen azt a B\u00e9kef\u00e1t, melynek most eligazgatta a k\u00f6rnyezet\u00e9t.<\/p>\n<p>A Hild t\u00e9ren a legkisebbeket v\u00e1rta balesetmegel\u0151z\u0151 roadshow-val, hogy \u00edgy h\u00edvja fel a figyelmet a szab\u00e1lyos k\u00f6zleked\u00e9sre. A sportember 15 \u00e9ve j\u00e1rja a vil\u00e1g \u00fatjait. T\u00f6bb, mint 80ezer kilom\u00e9tert tett m\u00e1r meg, j\u00e1rt valamennyi kontinensen \u00e9s t\u00f6bb, mint 100 orsz\u00e1gban.<\/p>\n<p>&#8220;Csod\u00e1latos, nem lenn\u00e9k erre k\u00e9pes. J\u00f3 dolog? Igen, hogy hisz abban, hogy hat\u00e1ssal lehet m\u00e1sokra, Gratul\u00e1lok neki, szuper.&#8221; -mondta V\u00c1S\u00c1RHELYI \u00c9VA.<\/p>\n<p>N\u00e9gy \u00e9vvel ezel\u0151tt \u00fagy d\u00f6nt\u00f6tt, hogy az I. Vil\u00e1gh\u00e1bor\u00fa centen\u00e1rium\u00e1nak eml\u00e9k\u00e9re bej\u00e1rja Eur\u00f3pa harcmez\u0151it. T\u00f6bb, mint 12ezer kilom\u00e9tert tett meg. C\u00e9lja, hogy felh\u00edvja a figyelmet a b\u00e9ke meg\u0151rz\u00e9s\u00e9re &#8211; b\u00e1r sz\u00e1m\u00e1ra nem csak a fegyvermentes id\u0151szak jelenti a b\u00e9k\u00e9t.<\/p>\n<p>&#8220;Sokaknak t\u00e9nyleg nem a h\u00e1bor\u00fahoz, hanem a bels\u0151 harm\u00f3nia,a bels\u0151 b\u00e9ke, a szomsz\u00e9dokkal a j\u00f3 kapcsolat, \u00e9s a t\u00e1rsadalomban, hogy mindenki b\u00e9k\u00e9ben \u00e9ljen, f\u00fcggetlen\u00fcl att\u00f3l milyen politikai \u00e9s vall\u00e1si n\u00e9zetei vannak.&#8221; -mondta ZELEI J\u00d3ZSEF a Vil\u00e1g Ker\u00e9kp\u00e1ros B\u00e9kenagyk\u00f6vete.<\/p>\n<p>Az idei az 5-ik ker\u00e9kp\u00e1ros \u00fatja. 2018-ban csak Magyarorsz\u00e1gon kerekezik. Vallja, hogy ha az ember lelk\u00e9ben b\u00e9ke van, akkor nem lesz fizikai h\u00e1bor\u00fa sem.<br \/>\n<br \/>\n<div style=\"width: 640px;\" class=\"wp-video\"><!--[if lt IE 9]><script>document.createElement('video');<\/script><![endif]-->\n<video class=\"wp-video-shortcode\" id=\"video-9133-1\" width=\"640\" height=\"360\" preload=\"metadata\" controls=\"controls\"><source type=\"video\/mp4\" src=\"\/spots\/hir\/hir_180529_02.mp4?_=1\" \/><a href=\"\/spots\/hir\/hir_180529_02.mp4\">\/spots\/hir\/hir_180529_02.mp4<\/a><\/video><\/div><\/p>\n","protected":false},"excerpt":{"rendered":"<p>&#8220;Soha t\u00f6bb\u00e9 h\u00e1bor\u00fat.&#8221; Ezzel a szlogennel indult \u00fatra m\u00e1jus 22-\u00e9n Zelei J\u00f3zsef a Vil\u00e1g Ker\u00e9kp\u00e1ros B\u00e9kenagyk\u00f6vete. Az orsz\u00e1got k\u00f6rbekerekezve keresi fel haz\u00e1nk I. Vil\u00e1gh\u00e1bor\u00fas eml\u00e9km\u0171veit, temet\u0151it. Szolnokon a v\u00e1rosh\u00e1z\u00e1n fogadt\u00e1k. B\u00e9kek\u00f6nyv\u00e9be a b\u00e9ke gondolatait \u00edrt\u00e1k bele. Zelei J\u00f3zsef 2010-ben \u00fcltette a megyesz\u00e9khelyen azt a B\u00e9kef\u00e1t, melynek most eligazgatta a k\u00f6rnyezet\u00e9t. A Hild t\u00e9ren a legkisebbeket [&hellip;]<\/p>\n","protected":false},"author":2,"featured_media":0,"comment_status":"closed","ping_status":"closed","sticky":false,"template":"","format":"standard","meta":[],"categories":[9],"tags":[],"_links":{"self":[{"href":"http:\/\/archiv.szolnoktv.hu\/index.php?rest_route=\/wp\/v2\/posts\/9133"}],"collection":[{"href":"http:\/\/archiv.szolnoktv.hu\/index.php?rest_route=\/wp\/v2\/posts"}],"about":[{"href":"http:\/\/archiv.szolnoktv.hu\/index.php?rest_route=\/wp\/v2\/types\/post"}],"author":[{"embeddable":true,"href":"http:\/\/archiv.szolnoktv.hu\/index.php?rest_route=\/wp\/v2\/users\/2"}],"replies":[{"embeddable":true,"href":"http:\/\/archiv.szolnoktv.hu\/index.php?rest_route=%2Fwp%2Fv2%2Fcomments&post=9133"}],"version-history":[{"count":1,"href":"http:\/\/archiv.szolnoktv.hu\/index.php?rest_route=\/wp\/v2\/posts\/9133\/revisions"}],"predecessor-version":[{"id":9202,"href":"http:\/\/archiv.szolnoktv.hu\/index.php?rest_route=\/wp\/v2\/posts\/9133\/revisions\/9202"}],"wp:attachment":[{"href":"http:\/\/archiv.szolnoktv.hu\/index.php?rest_route=%2Fwp%2Fv2%2Fmedia&parent=9133"}],"wp:term":[{"taxonomy":"category","embeddable":true,"href":"http:\/\/archiv.szolnoktv.hu\/index.php?rest_route=%2Fwp%2Fv2%2Fcategories&post=9133"},{"taxonomy":"post_tag","embeddable":true,"href":"http:\/\/archiv.szolnoktv.hu\/index.php?rest_route=%2Fwp%2Fv2%2Ftags&post=9133"}],"curies":[{"name":"wp","href":"https:\/\/api.w.org\/{rel}","templated":true}]}}