{"id":9131,"date":"2018-05-28T17:03:58","date_gmt":"2018-05-28T17:03:58","guid":{"rendered":"http:\/\/archiv.szolnoktv.hu\/?p=9131"},"modified":"2021-08-14T14:18:59","modified_gmt":"2021-08-14T14:18:59","slug":"nem-vart-siker-a-pizza-sprint-felmaraton-es-elmenyfutason","status":"publish","type":"post","link":"http:\/\/archiv.szolnoktv.hu\/?p=9131","title":{"rendered":"Nem v\u00e1rt siker a Pizza Sprint F\u00e9lmaraton \u00e9s \u00c9lm\u00e9nyfut\u00e1son"},"content":{"rendered":"<div class='booster-block booster-read-block'><\/div><p>A rajt el\u0151tt egy \u00f3r\u00e1val m\u00e1ris kultur\u00e1lis esem\u00e9nyek fogadt\u00e1k a Kossuth t\u00e9ren az \u00e9rkez\u0151ket. Hip Hop t\u00e1ncosok, \u00e9s profi tr\u00e9nerek hozt\u00e1k form\u00e1ba a fut\u00f3kat.<\/p>\n<p>A versenyre t\u00f6bb, mint 400-an neveztek egy\u00e9niben \u00e9s h\u00e1rmas v\u00e1lt\u00f3 fut\u00e1sban. A versenyz\u0151k fele Szolnokr\u00f3l, m\u00edg m\u00e1sik fele a megyesz\u00e9khelyen t\u00falr\u00f3l \u00e9rkezett. Legmesszebbr\u0151l Csopakr\u00f3l neveztek.<\/p>\n<p>&#8220;V\u00e1rosunkban komoly \u00e9s sok atl\u00e9ta dolgozik, van aki olimpi\u00e1n is j\u00e1rt. Ez a mai verseny, ha nem is lesz mindenkinek  olyan, mint az olimpia, de komoly megm\u00e9rettet\u00e9st kell, hogy hozzon.&#8221; -mondta SZALAY FERENC polg\u00e1rmester.<\/p>\n<p>Nagy izgalmak ut\u00e1n elrajtoltak a versenyz\u0151k.<\/p>\n<p>Els\u0151k\u00e9nt a f\u00e9lmaraton \u00e9s a 3&#215;7 km-es v\u00e1lt\u00f3 rajtolt, majd a 14 \u00e9s a 7 km-es egy\u00e9ni fut\u00f3k indultak. A belv\u00e1rost, a Tisza partot \u00e9s a Tiszaligetet \u00e9rintve r\u00f3tt\u00e1k a kilom\u00e9tereket. A versenyz\u0151ket a t\u00e1v \u00e1llom\u00e1sain koncertek fogadt\u00e1k.<\/p>\n<p>A 21 kilom\u00e9tert fut\u00f3knak 3 k\u00f6rt kellet tenni\u00fck. Lajtos M\u00e1rton maratonista semmi p\u00e9nz\u00e9rt nem hagyta volna ki a versenyt.<\/p>\n<p>&#8220;\u00d6r\u00fcl\u00f6k, hogy ism\u00e9t van fut\u00f3verseny Szolnokon, Sok szolnoki fut most m\u00e1sutt, de nem \u00e1rt tudni, hogy most egy h\u00e9tv\u00e9g\u00e9n van annyi fut\u00f3verseny az orsz\u00e1gban, mint m\u00e1skor eg\u00e9sz \u00e9v alatt.&#8221; -mondta LAJTOS M\u00c1RTON fut\u00f3.<br \/>A legid\u0151sebb versenyz\u0151, a 83 \u00e9ves Feh\u00e9r K\u00e1roly, t\u00f6bb, mint 100 f\u00e9lmaratonnal a h\u00e1ta m\u00f6g\u00f6tt most is teljes\u00edtette a t\u00e1vot. A verseny \u00e9s a k\u00f6zvet\u00edt\u00e9s -rem\u00e9lve, hogy lesz folytat\u00e1s- az \u0151 befut\u00f3j\u00e1val z\u00e1rult.<br \/>\n<br \/>\n<div style=\"width: 640px;\" class=\"wp-video\"><!--[if lt IE 9]><script>document.createElement('video');<\/script><![endif]-->\n<video class=\"wp-video-shortcode\" id=\"video-9131-1\" width=\"640\" height=\"360\" preload=\"metadata\" controls=\"controls\"><source type=\"video\/mp4\" src=\"\/spots\/hir\/hir_180528_05.mp4?_=1\" \/><a href=\"\/spots\/hir\/hir_180528_05.mp4\">\/spots\/hir\/hir_180528_05.mp4<\/a><\/video><\/div><\/p>\n","protected":false},"excerpt":{"rendered":"<p>A rajt el\u0151tt egy \u00f3r\u00e1val m\u00e1ris kultur\u00e1lis esem\u00e9nyek fogadt\u00e1k a Kossuth t\u00e9ren az \u00e9rkez\u0151ket. Hip Hop t\u00e1ncosok, \u00e9s profi tr\u00e9nerek hozt\u00e1k form\u00e1ba a fut\u00f3kat. A versenyre t\u00f6bb, mint 400-an neveztek egy\u00e9niben \u00e9s h\u00e1rmas v\u00e1lt\u00f3 fut\u00e1sban. A versenyz\u0151k fele Szolnokr\u00f3l, m\u00edg m\u00e1sik fele a megyesz\u00e9khelyen t\u00falr\u00f3l \u00e9rkezett. Legmesszebbr\u0151l Csopakr\u00f3l neveztek. &#8220;V\u00e1rosunkban komoly \u00e9s sok atl\u00e9ta dolgozik, [&hellip;]<\/p>\n","protected":false},"author":2,"featured_media":0,"comment_status":"closed","ping_status":"closed","sticky":false,"template":"","format":"standard","meta":[],"categories":[9],"tags":[],"_links":{"self":[{"href":"http:\/\/archiv.szolnoktv.hu\/index.php?rest_route=\/wp\/v2\/posts\/9131"}],"collection":[{"href":"http:\/\/archiv.szolnoktv.hu\/index.php?rest_route=\/wp\/v2\/posts"}],"about":[{"href":"http:\/\/archiv.szolnoktv.hu\/index.php?rest_route=\/wp\/v2\/types\/post"}],"author":[{"embeddable":true,"href":"http:\/\/archiv.szolnoktv.hu\/index.php?rest_route=\/wp\/v2\/users\/2"}],"replies":[{"embeddable":true,"href":"http:\/\/archiv.szolnoktv.hu\/index.php?rest_route=%2Fwp%2Fv2%2Fcomments&post=9131"}],"version-history":[{"count":1,"href":"http:\/\/archiv.szolnoktv.hu\/index.php?rest_route=\/wp\/v2\/posts\/9131\/revisions"}],"predecessor-version":[{"id":9204,"href":"http:\/\/archiv.szolnoktv.hu\/index.php?rest_route=\/wp\/v2\/posts\/9131\/revisions\/9204"}],"wp:attachment":[{"href":"http:\/\/archiv.szolnoktv.hu\/index.php?rest_route=%2Fwp%2Fv2%2Fmedia&parent=9131"}],"wp:term":[{"taxonomy":"category","embeddable":true,"href":"http:\/\/archiv.szolnoktv.hu\/index.php?rest_route=%2Fwp%2Fv2%2Fcategories&post=9131"},{"taxonomy":"post_tag","embeddable":true,"href":"http:\/\/archiv.szolnoktv.hu\/index.php?rest_route=%2Fwp%2Fv2%2Ftags&post=9131"}],"curies":[{"name":"wp","href":"https:\/\/api.w.org\/{rel}","templated":true}]}}