{"id":9130,"date":"2018-05-28T16:38:51","date_gmt":"2018-05-28T16:38:51","guid":{"rendered":"http:\/\/archiv.szolnoktv.hu\/?p=9130"},"modified":"2021-08-14T14:18:59","modified_gmt":"2021-08-14T14:18:59","slug":"nyilt-nap-a-helikopterbazison","status":"publish","type":"post","link":"http:\/\/archiv.szolnoktv.hu\/?p=9130","title":{"rendered":"Ny\u00edlt nap a helikopterb\u00e1zison"},"content":{"rendered":"<div class='booster-block booster-read-block'><\/div><p>Szolnok legifjabb v\u00e9d\u0151je \u00e9ppen az ellens\u00e9ggel n\u00e9z farkasszemet. M\u00edg \u0151 a betolakod\u00f3kat apr\u00edtja, od\u00e9bb egy harci helikopterrel ismerkedik az ut\u00e1np\u00f3tl\u00e1s m\u00e9g ifjabb rem\u00e9nys\u00e9ge. A szolnoki ny\u00edlt napra csaknem h\u00e1romezer \u00f6tsz\u00e1zan regisztr\u00e1ltak.<\/p>\n<p>&#8220;A magyar emberek tisztelik, szeretik a magyar honv\u00e9ds\u00e9get, hiszen l\u00e1tszik az, hogy mennyi ember megjelent itt \u00e9s egyre szimpatikusabb\u00e1 kezd v\u00e1lni a katonai hivat\u00e1s.&#8221;- mondta el k\u00e9rd\u00e9s\u00fcnkre Dr. Koller J\u00f3zsef  dand\u00e1rt\u00e1bornok.<\/p>\n<p>A f\u00f6ld\u00f6n is \u00e1t\u00e9lhet\u0151k a rep\u00fcl\u00e9s izgalmai. A szimul\u00e1tor mellett azonban \u00e9rdemes volt az alakulat teljes l\u00e9gi arzen\u00e1lj\u00e1t is szem\u00fcgyre venni.  A Kecskem\u00e9tr\u0151l \u00e9rkezett Gripen bemutatkoz\u00f3 man\u0151verei vezett\u00e9k fel a dinamikus l\u00e9gi bemutat\u00f3t. Ezt k\u00f6vet\u0151en a szolnoki b\u00e1zis helikopterei vett\u00e9k \u00e1t a staf\u00e9t\u00e1t. A ny\u00edlt nap eddig jobb\u00e1ra az alakulatn\u00e1l dolgoz\u00f3k csal\u00e1dtagjainak sz\u00f3lt. Most viszont minden \u00e9rdekl\u0151d\u0151 civil el\u0151tt sz\u00e9lesre t\u00e1rt\u00e1k a kapukat.<br \/>\n<br \/>\n<div style=\"width: 640px;\" class=\"wp-video\"><!--[if lt IE 9]><script>document.createElement('video');<\/script><![endif]-->\n<video class=\"wp-video-shortcode\" id=\"video-9130-1\" width=\"640\" height=\"360\" preload=\"metadata\" controls=\"controls\"><source type=\"video\/mp4\" src=\"\/spots\/hir\/hir_180528_06.mp4?_=1\" \/><a href=\"\/spots\/hir\/hir_180528_06.mp4\">\/spots\/hir\/hir_180528_06.mp4<\/a><\/video><\/div><\/p>\n","protected":false},"excerpt":{"rendered":"<p>Szolnok legifjabb v\u00e9d\u0151je \u00e9ppen az ellens\u00e9ggel n\u00e9z farkasszemet. M\u00edg \u0151 a betolakod\u00f3kat apr\u00edtja, od\u00e9bb egy harci helikopterrel ismerkedik az ut\u00e1np\u00f3tl\u00e1s m\u00e9g ifjabb rem\u00e9nys\u00e9ge. A szolnoki ny\u00edlt napra csaknem h\u00e1romezer \u00f6tsz\u00e1zan regisztr\u00e1ltak. &#8220;A magyar emberek tisztelik, szeretik a magyar honv\u00e9ds\u00e9get, hiszen l\u00e1tszik az, hogy mennyi ember megjelent itt \u00e9s egyre szimpatikusabb\u00e1 kezd v\u00e1lni a katonai hivat\u00e1s.&#8221;- [&hellip;]<\/p>\n","protected":false},"author":2,"featured_media":0,"comment_status":"closed","ping_status":"closed","sticky":false,"template":"","format":"standard","meta":[],"categories":[9],"tags":[],"_links":{"self":[{"href":"http:\/\/archiv.szolnoktv.hu\/index.php?rest_route=\/wp\/v2\/posts\/9130"}],"collection":[{"href":"http:\/\/archiv.szolnoktv.hu\/index.php?rest_route=\/wp\/v2\/posts"}],"about":[{"href":"http:\/\/archiv.szolnoktv.hu\/index.php?rest_route=\/wp\/v2\/types\/post"}],"author":[{"embeddable":true,"href":"http:\/\/archiv.szolnoktv.hu\/index.php?rest_route=\/wp\/v2\/users\/2"}],"replies":[{"embeddable":true,"href":"http:\/\/archiv.szolnoktv.hu\/index.php?rest_route=%2Fwp%2Fv2%2Fcomments&post=9130"}],"version-history":[{"count":1,"href":"http:\/\/archiv.szolnoktv.hu\/index.php?rest_route=\/wp\/v2\/posts\/9130\/revisions"}],"predecessor-version":[{"id":9205,"href":"http:\/\/archiv.szolnoktv.hu\/index.php?rest_route=\/wp\/v2\/posts\/9130\/revisions\/9205"}],"wp:attachment":[{"href":"http:\/\/archiv.szolnoktv.hu\/index.php?rest_route=%2Fwp%2Fv2%2Fmedia&parent=9130"}],"wp:term":[{"taxonomy":"category","embeddable":true,"href":"http:\/\/archiv.szolnoktv.hu\/index.php?rest_route=%2Fwp%2Fv2%2Fcategories&post=9130"},{"taxonomy":"post_tag","embeddable":true,"href":"http:\/\/archiv.szolnoktv.hu\/index.php?rest_route=%2Fwp%2Fv2%2Ftags&post=9130"}],"curies":[{"name":"wp","href":"https:\/\/api.w.org\/{rel}","templated":true}]}}