{"id":9129,"date":"2018-05-28T16:23:39","date_gmt":"2018-05-28T16:23:39","guid":{"rendered":"http:\/\/archiv.szolnoktv.hu\/?p=9129"},"modified":"2021-08-14T14:19:00","modified_gmt":"2021-08-14T14:19:00","slug":"elsosegely-kepzes-kozepiskolaban","status":"publish","type":"post","link":"http:\/\/archiv.szolnoktv.hu\/?p=9129","title":{"rendered":"Els\u0151seg\u00e9ly k\u00e9pz\u00e9s k\u00f6z\u00e9piskol\u00e1ban"},"content":{"rendered":"<div class='booster-block booster-read-block'><\/div><p>\u00dajra\u00e9leszt\u00e9s defibrill\u00e1tor alkalmaz\u00e1s\u00e1val, eszk\u00f6z n\u00e9lk\u00fcli l\u00e9legeztet\u00e9s \u00e9s a stabil oldalfekv\u0151 helyzet helyes kialak\u00edt\u00e1sa. Ezeket is megtanult\u00e1k azok a 9. oszt\u00e1lyos di\u00e1kok, akik r\u00e9szt vettek a v\u00e1ros els\u0151 els\u0151seg\u00e9ly k\u00e9pz\u00e9s\u00e9n. Az alapokat a tanul\u00f3k heti 6 \u00f3r\u00e1ban 9 szolnoki ment\u0151tisztt\u0151l saj\u00e1t\u00edtott\u00e1k el.<\/p>\n<p>-A mi oszt\u00e1lyunk el\u00e9g nagy ez\u00e9rt k\u00e9t csoportba voltunk osztva. Mint ahogy mondtam nagyon k\u00f6tetlenek voltak ezek az \u00f3r\u00e1k. Eleinte nem mindig voltunk akt\u00edvak, de amint valamelyik\u00fcnk elindult, k\u00e9rdezett, akkor r\u00f6gt\u00f6n bekapcsol\u00f3dott a m\u00e1sik is.&#8221;-mondta Nagy Janka.<\/p>\n<p>A programhoz a Szolnoki Szolg\u00e1ltat\u00e1si Szakk\u00e9pz\u00e9si Centrum, a Szolnoki M\u0171szaki Szakk\u00e9pz\u00e9si Centrum \u00e9s a Tiszaparti R\u00f3mai Katolikus \u00c1ltal\u00e1nos Iskola \u00e9s Gimn\u00e1zium csatlakozott. A tanul\u00f3k \u00f6sszesen 372 \u00f3r\u00e1t kaptak. A gyerekek az \u00fajra\u00e9leszt\u00e9s mellett a csontt\u00f6r\u00e9sek, illetve \u00e9g\u00e9si s\u00e9r\u00fcl\u00e9sek megfelel\u0151 ell\u00e1t\u00e1s\u00e1t is megtanult\u00e1k. <\/p>\n<p>-Hogy sebeket kell kezelni az nem egy \u00fajfajta dolog, mivel, hogy mi is szerz\u00fcnk sebeket. Az, hogy mint k\u00e9ne akkor tenni, hogy ne v\u00e9rezzen el valaki, ahhoz is ez a tanfolyam nagyon j\u00f3 volt, hogy ez megvolt.&#8221;- tette hozz\u00e1 Acsai-Kocsis \u00c1ron.<\/p>\n<p>A program c\u00e9lja, hogy a fiatalok baj eset\u00e9n merjenek seg\u00edteni \u00e9s seg\u00edts\u00e9get k\u00e9rni. Kardos J\u00f3zsef a J\u00e1sz-Nagykun-Szolnok Megyei ment\u0151szolg\u00e1lat vezet\u0151 ment\u0151tisztje kiemelte, hogy az els\u0151seg\u00e9ly ny\u00fajt\u00e1s alapjainak oktat\u00e1s\u00e1t m\u00e1r k\u00f6z\u00e9piskol\u00e1s korb\u00e1n meg kell kezdeni, hiszen hirtelen rosszull\u00e9t eset\u00e9n a ment\u0151k ki\u00e9rkez\u00e9s\u00e9\u00e9ig els\u0151seg\u00e9ly ny\u00fajt\u00e1ssal \u00e9letek menthet\u0151k meg. <\/p>\n<p>-T\u00f6bb olyan dolog van, amelyhez nagyon nagyon fontos, hogy, aki a helysz\u00ednen van betud avatkozni vagy nem. \u00dagy gondlom, hogy ezek a dolgok ma m\u00e1r az alapm\u0171velts\u00e9g r\u00e9szei kell, hogy legyenek. Ez\u00e9rt nagyon \u00f6r\u00fcltem, mikor polg\u00e1rmester \u00farral megtudtuk, azt besz\u00e9lni, hogy Szolnokon ember ne ker\u00fclj\u00f6n ki k\u00f6z\u00e9piskol\u00e1b\u00f3l \u00fagy, hogy az alapokhoz legal\u00e1bb nem \u00e9rt.&#8221;- mondta Kardos J\u00f3zsef megyei vezet\u0151 ment\u0151tiszt.<\/p>\n<p>Az \u00f6nkorm\u00e1nyzat, a k\u00f6z\u00e9piskol\u00e1k, illetve a ment\u0151szolg\u00e1lat megyei kirendelts\u00e9ge az egy\u00fcttm\u0171k\u00f6d\u00e9si meg\u00e1llapod\u00e1st tavaly a V\u00e1rosi Csal\u00e1di Eg\u00e9szs\u00e9gnap keret\u00e9ben \u00edrta al\u00e1. Az oktat\u00e1st a v\u00e1ros t\u00f6bb mint 2 milli\u00f3 5 ezer forinttal t\u00e1mogatta, valamint 2 db defibrill\u00e1tort \u00e9s gyakorl\u00f3 fantom k\u00e9sz\u00fcl\u00e9ket is v\u00e1s\u00e1rolt. A k\u00e9pz\u00e9s siker\u00e9nek k\u00f6sz\u00f6nhet\u0151en az egy\u00fcttm\u0171k\u00f6d\u00e9s a j\u00f6v\u0151ben is folytat\u00f3dik. Mondta a sajt\u00f3t\u00e1j\u00e9koztat\u00f3n Szab\u00f3 Istv\u00e1n alpolg\u00e1rmester.<br \/>\n<br \/>\n<div style=\"width: 640px;\" class=\"wp-video\"><!--[if lt IE 9]><script>document.createElement('video');<\/script><![endif]-->\n<video class=\"wp-video-shortcode\" id=\"video-9129-1\" width=\"640\" height=\"360\" preload=\"metadata\" controls=\"controls\"><source type=\"video\/mp4\" src=\"\/spots\/hir\/hir_180528_07.mp4?_=1\" \/><a href=\"\/spots\/hir\/hir_180528_07.mp4\">\/spots\/hir\/hir_180528_07.mp4<\/a><\/video><\/div><\/p>\n","protected":false},"excerpt":{"rendered":"<p>\u00dajra\u00e9leszt\u00e9s defibrill\u00e1tor alkalmaz\u00e1s\u00e1val, eszk\u00f6z n\u00e9lk\u00fcli l\u00e9legeztet\u00e9s \u00e9s a stabil oldalfekv\u0151 helyzet helyes kialak\u00edt\u00e1sa. Ezeket is megtanult\u00e1k azok a 9. oszt\u00e1lyos di\u00e1kok, akik r\u00e9szt vettek a v\u00e1ros els\u0151 els\u0151seg\u00e9ly k\u00e9pz\u00e9s\u00e9n. Az alapokat a tanul\u00f3k heti 6 \u00f3r\u00e1ban 9 szolnoki ment\u0151tisztt\u0151l saj\u00e1t\u00edtott\u00e1k el. -A mi oszt\u00e1lyunk el\u00e9g nagy ez\u00e9rt k\u00e9t csoportba voltunk osztva. Mint ahogy mondtam nagyon [&hellip;]<\/p>\n","protected":false},"author":2,"featured_media":0,"comment_status":"closed","ping_status":"closed","sticky":false,"template":"","format":"standard","meta":[],"categories":[9],"tags":[],"_links":{"self":[{"href":"http:\/\/archiv.szolnoktv.hu\/index.php?rest_route=\/wp\/v2\/posts\/9129"}],"collection":[{"href":"http:\/\/archiv.szolnoktv.hu\/index.php?rest_route=\/wp\/v2\/posts"}],"about":[{"href":"http:\/\/archiv.szolnoktv.hu\/index.php?rest_route=\/wp\/v2\/types\/post"}],"author":[{"embeddable":true,"href":"http:\/\/archiv.szolnoktv.hu\/index.php?rest_route=\/wp\/v2\/users\/2"}],"replies":[{"embeddable":true,"href":"http:\/\/archiv.szolnoktv.hu\/index.php?rest_route=%2Fwp%2Fv2%2Fcomments&post=9129"}],"version-history":[{"count":1,"href":"http:\/\/archiv.szolnoktv.hu\/index.php?rest_route=\/wp\/v2\/posts\/9129\/revisions"}],"predecessor-version":[{"id":9206,"href":"http:\/\/archiv.szolnoktv.hu\/index.php?rest_route=\/wp\/v2\/posts\/9129\/revisions\/9206"}],"wp:attachment":[{"href":"http:\/\/archiv.szolnoktv.hu\/index.php?rest_route=%2Fwp%2Fv2%2Fmedia&parent=9129"}],"wp:term":[{"taxonomy":"category","embeddable":true,"href":"http:\/\/archiv.szolnoktv.hu\/index.php?rest_route=%2Fwp%2Fv2%2Fcategories&post=9129"},{"taxonomy":"post_tag","embeddable":true,"href":"http:\/\/archiv.szolnoktv.hu\/index.php?rest_route=%2Fwp%2Fv2%2Ftags&post=9129"}],"curies":[{"name":"wp","href":"https:\/\/api.w.org\/{rel}","templated":true}]}}