{"id":9127,"date":"2018-05-28T16:08:07","date_gmt":"2018-05-28T16:08:07","guid":{"rendered":"http:\/\/archiv.szolnoktv.hu\/?p=9127"},"modified":"2021-08-14T14:19:00","modified_gmt":"2021-08-14T14:19:00","slug":"9-millio-jut-a-nyari-napkozis-taborra","status":"publish","type":"post","link":"http:\/\/archiv.szolnoktv.hu\/?p=9127","title":{"rendered":"9 milli\u00f3 jut a ny\u00e1ri napk\u00f6zis t\u00e1borra"},"content":{"rendered":"<div class='booster-block booster-read-block'><\/div><p>Egyebek mellett az idei k\u00f6lts\u00e9gvet\u00e9s m\u00f3dos\u00edt\u00e1s\u00e1t is t\u00e1rgyalta mai \u00fcl\u00e9s\u00e9n a p\u00e9nz\u00fcgyi bizotts\u00e1g. Be\u00e9rkeztek ugyanis a m\u00e1r megk\u00f6t\u00f6tt t\u00e1mogat\u00e1si szerz\u0151d\u00e9sek alapj\u00e1n egyes fejleszt\u00e9si p\u00e1ly\u00e1zatok el\u0151legei.<\/p>\n<p>Bagdi S\u00e1ndorn\u00e9 eln\u00f6k p\u00e9nz\u00fcgyi bizotts\u00e1g:<\/p>\n<p>A legnagyobb t\u00e9tel egy 1 milli\u00e1rd 800 milli\u00f3 forintos fejleszt\u00e9si t\u00e1mogat\u00e1s, ami 4 projekt fejleszt\u00e9si megval\u00f3s\u00edt\u00e1s\u00e1ra vonatkozik. A belv\u00e1rosi z\u00f6ld ter\u00fclet fejleszt\u00e9se, fenntarthat\u00f3 v\u00e1rosi k\u00f6zleked\u00e9s fejleszt\u00e9se, a Sz\u00e9chenyi k\u00f6r\u00fati sportiskola energetikai fejleszt\u00e9se \u00e9s a Szolnoki M\u0171v\u00e9sztelep rehabilit\u00e1ci\u00f3j\u00e1ra vonatkozik. <\/p>\n<p>A Kossuth t\u00e9ri, megrong\u00e1lt szobor 1 milli\u00f3 forintos k\u00e1rt\u00e9r\u00edt\u00e9s\u00e9nek 125 ezer forintos els\u0151 r\u00e9szlete be\u00e9rkezett az \u00f6nkorm\u00e1nyzathoz, \u00edgy ez is n\u00f6veli a bev\u00e9teli oldalt. Mindezek mellett alap\u00edtv\u00e1nyi t\u00e1mogat\u00e1sokr\u00f3l is t\u00e1rgyalt a bizotts\u00e1g. <\/p>\n<p>Bagdi S\u00e1ndorn\u00e9 eln\u00f6k p\u00e9nz\u00fcgyi bizotts\u00e1g:<\/p>\n<p> Ezek k\u00f6z\u00fcl kiemeln\u00e9m a 9 milli\u00f3 forintos t\u00e1mogat\u00e1st, melyet a Gyermek \u00e9s Ifj\u00fas\u00e1gi K\u00f6zalap\u00edtv\u00e1ny kap a hagyom\u00e1nyos ny\u00e1ri napk\u00f6zis t\u00e1bor megrendez\u00e9s\u00e9re. <\/p>\n<p>Egy l\u00e9giment\u00e9ssel foglalkoz\u00f3 alap\u00edtv\u00e1ny ultrahang k\u00e9sz\u00fcl\u00e9k v\u00e1s\u00e1rl\u00e1s\u00e1t 20 ezer forinttal, az \u00c9rtelmes \u00c9let\u00e9rt Alap\u00edtv\u00e1ny m\u0171k\u00f6d\u00e9s\u00e9t pedig 300 ezer forinttal t\u00e1mogatja a szolnoki \u00f6nkorm\u00e1nyzat. <\/p>\n<div style=\"width: 640px;\" class=\"wp-video\"><!--[if lt IE 9]><script>document.createElement('video');<\/script><![endif]-->\n<video class=\"wp-video-shortcode\" id=\"video-9127-1\" width=\"640\" height=\"360\" preload=\"metadata\" controls=\"controls\"><source type=\"video\/mp4\" src=\"\/spots\/hir\/hir_180528_04.mp4?_=1\" \/><a href=\"\/spots\/hir\/hir_180528_04.mp4\">\/spots\/hir\/hir_180528_04.mp4<\/a><\/video><\/div>\n","protected":false},"excerpt":{"rendered":"<p>Egyebek mellett az idei k\u00f6lts\u00e9gvet\u00e9s m\u00f3dos\u00edt\u00e1s\u00e1t is t\u00e1rgyalta mai \u00fcl\u00e9s\u00e9n a p\u00e9nz\u00fcgyi bizotts\u00e1g. Be\u00e9rkeztek ugyanis a m\u00e1r megk\u00f6t\u00f6tt t\u00e1mogat\u00e1si szerz\u0151d\u00e9sek alapj\u00e1n egyes fejleszt\u00e9si p\u00e1ly\u00e1zatok el\u0151legei. Bagdi S\u00e1ndorn\u00e9 eln\u00f6k p\u00e9nz\u00fcgyi bizotts\u00e1g: A legnagyobb t\u00e9tel egy 1 milli\u00e1rd 800 milli\u00f3 forintos fejleszt\u00e9si t\u00e1mogat\u00e1s, ami 4 projekt fejleszt\u00e9si megval\u00f3s\u00edt\u00e1s\u00e1ra vonatkozik. A belv\u00e1rosi z\u00f6ld ter\u00fclet fejleszt\u00e9se, fenntarthat\u00f3 v\u00e1rosi k\u00f6zleked\u00e9s [&hellip;]<\/p>\n","protected":false},"author":2,"featured_media":0,"comment_status":"closed","ping_status":"closed","sticky":false,"template":"","format":"standard","meta":[],"categories":[9],"tags":[],"_links":{"self":[{"href":"http:\/\/archiv.szolnoktv.hu\/index.php?rest_route=\/wp\/v2\/posts\/9127"}],"collection":[{"href":"http:\/\/archiv.szolnoktv.hu\/index.php?rest_route=\/wp\/v2\/posts"}],"about":[{"href":"http:\/\/archiv.szolnoktv.hu\/index.php?rest_route=\/wp\/v2\/types\/post"}],"author":[{"embeddable":true,"href":"http:\/\/archiv.szolnoktv.hu\/index.php?rest_route=\/wp\/v2\/users\/2"}],"replies":[{"embeddable":true,"href":"http:\/\/archiv.szolnoktv.hu\/index.php?rest_route=%2Fwp%2Fv2%2Fcomments&post=9127"}],"version-history":[{"count":1,"href":"http:\/\/archiv.szolnoktv.hu\/index.php?rest_route=\/wp\/v2\/posts\/9127\/revisions"}],"predecessor-version":[{"id":9208,"href":"http:\/\/archiv.szolnoktv.hu\/index.php?rest_route=\/wp\/v2\/posts\/9127\/revisions\/9208"}],"wp:attachment":[{"href":"http:\/\/archiv.szolnoktv.hu\/index.php?rest_route=%2Fwp%2Fv2%2Fmedia&parent=9127"}],"wp:term":[{"taxonomy":"category","embeddable":true,"href":"http:\/\/archiv.szolnoktv.hu\/index.php?rest_route=%2Fwp%2Fv2%2Fcategories&post=9127"},{"taxonomy":"post_tag","embeddable":true,"href":"http:\/\/archiv.szolnoktv.hu\/index.php?rest_route=%2Fwp%2Fv2%2Ftags&post=9127"}],"curies":[{"name":"wp","href":"https:\/\/api.w.org\/{rel}","templated":true}]}}