{"id":9126,"date":"2018-05-28T16:02:45","date_gmt":"2018-05-28T16:02:45","guid":{"rendered":"http:\/\/archiv.szolnoktv.hu\/?p=9126"},"modified":"2021-08-14T14:19:00","modified_gmt":"2021-08-14T14:19:00","slug":"az-aldozatokra-emlekeztek","status":"publish","type":"post","link":"http:\/\/archiv.szolnoktv.hu\/?p=9126","title":{"rendered":"Az \u00e1ldozatokra eml\u00e9keztek"},"content":{"rendered":"<div class='booster-block booster-read-block'><\/div><p>&#8216;<\/p>\n<p>T\u00f6rt\u00e9nelmi z\u00e1szl\u00f3k alatt vonultak \u00e9vsz\u00e1zadokon \u00e1t a magyar vit\u00e9zek, majd k\u00e9s\u0151bb katon\u00e1k a csat\u00e1kba \u00e9s a h\u00e1bor\u00fakba. <\/p>\n<p>-\u00c1rp\u00e1d kor\u00e1t\u00f3l szinte nem volt olyan \u00e9vsz\u00e1zad, amikor ne kellett volna megv\u00e9deni a haz\u00e1t \u00e9s a szabads\u00e1got valamely k\u00fcls\u0151 t\u00e1mad\u00f3val, agresszorral szemben. Eml\u00e9kezz\u00fcnk a tat\u00e1rok ellen rem\u00e9nytelen\u00fcl harcol\u00f3kra, Hunyadi v\u00e9rteseire, a t\u00f6r\u00f6k v\u00e9sz v\u00e9gv\u00e1ri vit\u00e9zeire, a kuruc bocskorosokra \u00e9s talpasokra \u00e9s &#038;#8217<br \/>\n<br \/>\n48-ig viselt valamennyi h\u00e1bor\u00faban \u00f6sszesen. Az orsz\u00e1g akkori teljes ter\u00fclet\u00e9r\u0151l, t\u00f6bb mint 1,5 milli\u00f3an vonultak a z\u00e1szl\u00f3k al\u00e1. A vesztes\u00e9gek minden el\u0151zetes v\u00e1rakoz\u00e1st f\u00f6l\u00fclm\u00faltak, ez\u00e9rt ennek p\u00f3tl\u00e1s\u00e1ra a h\u00e1bor\u00fa sor\u00e1n, m\u00e9g 2 milli\u00f3 f\u00e9rfit k\u00f6teleztek \u00e1lland\u00f3 katonai szolg\u00e1latra. A bevonultak 17 sz\u00e1zal\u00e9ka elesett, 20 sz\u00e1zal\u00e9ka megsebes\u00fclt.&#8221;   &#8211;   mondta Eszes Gy\u00f6rgy sz\u00e1zados<\/p>\n<p>1924-ben t\u00f6rv\u00e9nyben is r\u00f6gz\u00edtett\u00e9k, hogy minden \u00e9v m\u00e1jus utols\u00f3 vas\u00e1rnapja a magyar nemzet h\u0151si halottainak eml\u00e9knapja. A nemzet \u00edgy igyekezett \u00e9s az ut\u00f3dok \u00edgy igyekeztek tisztelegni el\u0151deik eml\u00e9ke el\u0151tt.<\/p>\n<p>Az els\u0151 vil\u00e1g\u00e9g\u00e9s ut\u00e1n alig telt el k\u00e9t \u00e9vtized, amikor \u00fajra hadba h\u00edvt\u00e1k a magyar f\u00e9rfiakat, \u00e9s \u00fajabb er\u0151fesz\u00edt\u00e9st v\u00e1rtak el az otthon maradt sz\u00fcl\u0151kt\u0151l, feles\u00e9gekt\u0151l \u00e9s gyermekekt\u0151l. <\/p>\n<p>-&#038;#8217<\/p>\n","protected":false},"excerpt":{"rendered":"<p>&#8216; T\u00f6rt\u00e9nelmi z\u00e1szl\u00f3k alatt vonultak \u00e9vsz\u00e1zadokon \u00e1t a magyar vit\u00e9zek, majd k\u00e9s\u0151bb katon\u00e1k a csat\u00e1kba \u00e9s a h\u00e1bor\u00fakba. -\u00c1rp\u00e1d kor\u00e1t\u00f3l szinte nem volt olyan \u00e9vsz\u00e1zad, amikor ne kellett volna megv\u00e9deni a haz\u00e1t \u00e9s a szabads\u00e1got valamely k\u00fcls\u0151 t\u00e1mad\u00f3val, agresszorral szemben. Eml\u00e9kezz\u00fcnk a tat\u00e1rok ellen rem\u00e9nytelen\u00fcl harcol\u00f3kra, Hunyadi v\u00e9rteseire, a t\u00f6r\u00f6k v\u00e9sz v\u00e9gv\u00e1ri vit\u00e9zeire, a kuruc [&hellip;]<\/p>\n","protected":false},"author":2,"featured_media":0,"comment_status":"closed","ping_status":"closed","sticky":false,"template":"","format":"standard","meta":[],"categories":[9],"tags":[],"_links":{"self":[{"href":"http:\/\/archiv.szolnoktv.hu\/index.php?rest_route=\/wp\/v2\/posts\/9126"}],"collection":[{"href":"http:\/\/archiv.szolnoktv.hu\/index.php?rest_route=\/wp\/v2\/posts"}],"about":[{"href":"http:\/\/archiv.szolnoktv.hu\/index.php?rest_route=\/wp\/v2\/types\/post"}],"author":[{"embeddable":true,"href":"http:\/\/archiv.szolnoktv.hu\/index.php?rest_route=\/wp\/v2\/users\/2"}],"replies":[{"embeddable":true,"href":"http:\/\/archiv.szolnoktv.hu\/index.php?rest_route=%2Fwp%2Fv2%2Fcomments&post=9126"}],"version-history":[{"count":1,"href":"http:\/\/archiv.szolnoktv.hu\/index.php?rest_route=\/wp\/v2\/posts\/9126\/revisions"}],"predecessor-version":[{"id":9209,"href":"http:\/\/archiv.szolnoktv.hu\/index.php?rest_route=\/wp\/v2\/posts\/9126\/revisions\/9209"}],"wp:attachment":[{"href":"http:\/\/archiv.szolnoktv.hu\/index.php?rest_route=%2Fwp%2Fv2%2Fmedia&parent=9126"}],"wp:term":[{"taxonomy":"category","embeddable":true,"href":"http:\/\/archiv.szolnoktv.hu\/index.php?rest_route=%2Fwp%2Fv2%2Fcategories&post=9126"},{"taxonomy":"post_tag","embeddable":true,"href":"http:\/\/archiv.szolnoktv.hu\/index.php?rest_route=%2Fwp%2Fv2%2Ftags&post=9126"}],"curies":[{"name":"wp","href":"https:\/\/api.w.org\/{rel}","templated":true}]}}