{"id":9125,"date":"2018-05-28T15:56:50","date_gmt":"2018-05-28T15:56:50","guid":{"rendered":"http:\/\/archiv.szolnoktv.hu\/?p=9125"},"modified":"2021-08-14T14:19:00","modified_gmt":"2021-08-14T14:19:00","slug":"iden-is-nagy-sikert-aratott-a-varosi-gyermeknap","status":"publish","type":"post","link":"http:\/\/archiv.szolnoktv.hu\/?p=9125","title":{"rendered":"Id\u00e9n is nagy sikert aratott a v\u00e1rosi gyermeknap"},"content":{"rendered":"<div class='booster-block booster-read-block'><\/div><p>M\u00e1r a kora d\u00e9lel\u0151tti \u00f3r\u00e1kban nagy volt a sorban \u00e1ll\u00e1s a n\u00e9pszer\u0171 dodzsem el\u0151tt. A kisebbek a gyors aut\u00f3k helyett ink\u00e1bb a kisvonatot vagy a k\u00f6rhint\u00e1t v\u00e1lasztott\u00e1k. A kirakod\u00f3v\u00e1s\u00e1r f\u0151leg a l\u00e1nyokat vonzotta. <\/p>\n<p>A mini vid\u00e1mpark mellett eg\u00e9sz nap sz\u00ednpadi programokkal v\u00e1rt\u00e1k a csal\u00e1dokat.  A Soldance t\u00e1ncosai sokat gyakoroltak, produkci\u00f3jukat vastaps k\u00eds\u00e9rte. <\/p>\n<p>A hagyom\u00e1nyokhoz h\u0171en a fi\u00fak nagy \u00f6r\u00f6m\u00e9re a rend\u0151rs\u00e9g is k\u00e9pviseltette mag\u00e1t. <\/p>\n<p>A v\u00e1rosi gyermeknapon nemcsak az \u00fcnnepeltek, hanem sz\u00fcleik is j\u00f3l \u00e9rezt\u00e9k magukat. A Vir\u00e1g csal\u00e1d el\u0151sz\u00f6r l\u00e1togatott el a rendezv\u00e9nyre, de hamar elnyerte a tetsz\u00e9s\u00fcket. <\/p>\n<p>  A gyermeknapot 28. alkalommal szervezte meg az 1990-ben alap\u00edtott  Szolnoki Gyermek \u00e9s Ifj\u00fas\u00e1gi K\u00f6zalap\u00edtv\u00e1ny.<\/p>\n<p>Id\u00e9n sem maradhattak el a szt\u00e1rfell\u00e9p\u0151k, Cozombolis \u00e9s a Unique is nagy sikert aratott. A kicsik f\u0151k\u00e9nt F\u00e1bi\u00e1n \u00c9v\u00e1t v\u00e1rt\u00e1k.  <\/p>\n<p>A\u00a0gyermeknap\u00a0a vil\u00e1g sok orsz\u00e1g\u00e1ban \u00fcnnepnap.\u00a0 Magyarorsz\u00e1gon\u00a01931-t\u0151l \u00fcnneplik, akkor m\u00e9g gyermekh\u00e9tnek h\u00edvt\u00e1k. \u00a01950\u00a0\u00f3ta visziont m\u00e1r csak egy napig tart \u00e9s\u00a0m\u00e1jus\u00a0utols\u00f3 vas\u00e1rnapj\u00e1n tartj\u00e1k. \u00a0Az \u00fcnnep c\u00e9lja, hogy megeml\u00e9kezzenek a vil\u00e1g gyermekeinek testv\u00e9ris\u00e9g\u00e9r\u0151l \u00e9s egym\u00e1s k\u00f6zti meg\u00e9rt\u00e9sr\u0151l, valamint a gyermekek j\u00f3l\u00e9te \u00e9rdek\u00e9ben kifejtett k\u00fczdelemr\u0151l. <\/p>\n<div style=\"width: 640px;\" class=\"wp-video\"><!--[if lt IE 9]><script>document.createElement('video');<\/script><![endif]-->\n<video class=\"wp-video-shortcode\" id=\"video-9125-1\" width=\"640\" height=\"360\" preload=\"metadata\" controls=\"controls\"><source type=\"video\/mp4\" src=\"\/spots\/hir\/hir_180528_02.mp4?_=1\" \/><a href=\"\/spots\/hir\/hir_180528_02.mp4\">\/spots\/hir\/hir_180528_02.mp4<\/a><\/video><\/div>\n","protected":false},"excerpt":{"rendered":"<p>M\u00e1r a kora d\u00e9lel\u0151tti \u00f3r\u00e1kban nagy volt a sorban \u00e1ll\u00e1s a n\u00e9pszer\u0171 dodzsem el\u0151tt. A kisebbek a gyors aut\u00f3k helyett ink\u00e1bb a kisvonatot vagy a k\u00f6rhint\u00e1t v\u00e1lasztott\u00e1k. A kirakod\u00f3v\u00e1s\u00e1r f\u0151leg a l\u00e1nyokat vonzotta. A mini vid\u00e1mpark mellett eg\u00e9sz nap sz\u00ednpadi programokkal v\u00e1rt\u00e1k a csal\u00e1dokat. A Soldance t\u00e1ncosai sokat gyakoroltak, produkci\u00f3jukat vastaps k\u00eds\u00e9rte. A hagyom\u00e1nyokhoz h\u0171en [&hellip;]<\/p>\n","protected":false},"author":2,"featured_media":0,"comment_status":"closed","ping_status":"closed","sticky":false,"template":"","format":"standard","meta":[],"categories":[9],"tags":[],"_links":{"self":[{"href":"http:\/\/archiv.szolnoktv.hu\/index.php?rest_route=\/wp\/v2\/posts\/9125"}],"collection":[{"href":"http:\/\/archiv.szolnoktv.hu\/index.php?rest_route=\/wp\/v2\/posts"}],"about":[{"href":"http:\/\/archiv.szolnoktv.hu\/index.php?rest_route=\/wp\/v2\/types\/post"}],"author":[{"embeddable":true,"href":"http:\/\/archiv.szolnoktv.hu\/index.php?rest_route=\/wp\/v2\/users\/2"}],"replies":[{"embeddable":true,"href":"http:\/\/archiv.szolnoktv.hu\/index.php?rest_route=%2Fwp%2Fv2%2Fcomments&post=9125"}],"version-history":[{"count":1,"href":"http:\/\/archiv.szolnoktv.hu\/index.php?rest_route=\/wp\/v2\/posts\/9125\/revisions"}],"predecessor-version":[{"id":9210,"href":"http:\/\/archiv.szolnoktv.hu\/index.php?rest_route=\/wp\/v2\/posts\/9125\/revisions\/9210"}],"wp:attachment":[{"href":"http:\/\/archiv.szolnoktv.hu\/index.php?rest_route=%2Fwp%2Fv2%2Fmedia&parent=9125"}],"wp:term":[{"taxonomy":"category","embeddable":true,"href":"http:\/\/archiv.szolnoktv.hu\/index.php?rest_route=%2Fwp%2Fv2%2Fcategories&post=9125"},{"taxonomy":"post_tag","embeddable":true,"href":"http:\/\/archiv.szolnoktv.hu\/index.php?rest_route=%2Fwp%2Fv2%2Ftags&post=9125"}],"curies":[{"name":"wp","href":"https:\/\/api.w.org\/{rel}","templated":true}]}}