{"id":9124,"date":"2018-05-25T18:18:38","date_gmt":"2018-05-25T18:18:38","guid":{"rendered":"http:\/\/archiv.szolnoktv.hu\/?p=9124"},"modified":"2021-08-14T14:19:00","modified_gmt":"2021-08-14T14:19:00","slug":"szolnok-hazavar-gyakornoki-program","status":"publish","type":"post","link":"http:\/\/archiv.szolnoktv.hu\/?p=9124","title":{"rendered":"Szolnok Hazav\u00e1r!- Gyakornoki Program"},"content":{"rendered":"<div class='booster-block booster-read-block'><\/div><p>P\u00e1lyakezd\u0151kkel telt meg ma a v\u00e1rosh\u00e1za jegyz\u0151i terme. A 2008-ban indult Szolnok Hazav\u00e1r Projekt keret\u00e9ben meghirdetett gyakornoki program els\u0151 etapja k\u00e9t \u00e9vvel ezel\u0151tt kezd\u0151d\u00f6tt. Oravecz Istv\u00e1n ekkor kapta meg a lehet\u0151s\u00e9get. \u00d5 a Jendrassik Gy\u00f6rgy G\u00e9pipari Szakgimn\u00e1ziumban v\u00e9gzett cad-cam informatikus szakon.<\/p>\n<p>-Velem egy\u00fctt 5-en indultunk ebbe a teljesen pilot programban, szinte teljesen kezd\u0151k\u00e9nt, mert ugye semmit nem tudtunk a programr\u00f3l. Mikor az els\u0151 k\u00f6z\u00f6s \u00f3r\u00e1ink megkezd\u0151dtek Reni\u00e9kkel \u00e9s \u00fagymond az eg\u00e9sz programmal \u00e9s azokat akik t\u00e1mogatni fognak minket ezen az \u00faton. Voltak j\u00e1t\u00e9kos \u00f6sszecsiszol\u00f3d\u00e1sok.&#8221;-mondta Oravecz Istv\u00e1n.<\/p>\n<p>A m\u00e1sodik k\u00eds\u00e9rleti \u00e9v 2017 j\u00fanius\u00e1ban indul el, 3 \u00faj foglalkoztat\u00f3 c\u00e9g csatlakoz\u00e1s\u00e1val. A tavaly a fiatalok egy r\u00e9sze a B\u00e9res Gy\u00f3gyszergy\u00e1rban, a Het\u00e9nyi G\u00e9za K\u00f3rh\u00e1zban \u00e9s a M\u00c1V J\u00e1rm\u0171jav\u00edt\u00f3ban kapott gyakornoki lehet\u0151s\u00e9get.<\/p>\n<p>-\u00c9n vegyipari technikus vagyok \u00e9s gy\u00f3gyszergy\u00e1rt\u00f3 a munkak\u00f6r\u00f6m. Itt igaz\u00e1b\u00f3l vannak t\u00f6bbf\u00e9le munkar\u00e9szek. Igaz\u00e1b\u00f3l a gy\u00f3gyszergy\u00e1r d\u00f6nti el, hogy hova fog berakni, \u00e1ltal\u00e1ban egy alaplaboros v\u00e9gz\u00e9s az els\u0151 \u00e9s ut\u00e1na meg l\u00e1tj\u00e1k hol van \u00fcresed\u00e9s.&#8221;-mondta T\u00f3th Luca.<\/p>\n<p>-Szolnokon vagyok a M\u00c1V J\u00e1rm\u0171jav\u00edt\u00f3nak a telep\u00e9n. A munkahely nagyon j\u00f3, sajnos m\u00e1r kevesen vannak ott \u00e9s id\u0151sek az emberek, \u00fagyhogy nagyon v\u00e1rj\u00e1k a fiatalokat, akik frissen elv\u00e9gezt\u00e9k az iskol\u00e1t. Nagyon nagy szakmai tapasztalattal rendelkeznek \u00e9s az a sz\u00e1nd\u00e9kuk, hogy min\u00e9l t\u00f6bbet \u00e1tadjanak.&#8221;-mondta M\u00e1rkus J\u00e1nos.<\/p>\n<p>Az els\u0151 \u00e9vben csak a M\u0171szaki Szakk\u00e9pz\u00e9si Cetrum int\u00e9zm\u00e9nyei vettek r\u00e9szt programban, azonban tavaly a Szolnoki Szolg\u00e1ltat\u00e1si Szakk\u00e9pz\u00e9si Centrum iskol\u00e1i is csatlakoztak a kezdem\u00e9nyez\u00e9shez. A fiatalokat a c\u00e9gekn\u00e9l t\u00f6rt\u00e9n\u0151 gyakorlat mellett, mentor\u00e1l\u00e1ssal, illetve havonta p\u00e9nzbeli seg\u00edts\u00e9ggel is t\u00e1mogatj\u00e1k.<\/p>\n<p>-\u00c1tbesz\u00e9lj\u00fck vel\u00fck, hogy mit v\u00e1rnak a programt\u00f3l \u00e9s j\u00f6v\u0151t\u0151l. Miden kell seg\u00edteni. Van egy 25 \u00f3r\u00e1s egy\u00e9ni hat\u00e9konys\u00e1g szoci\u00e1lis-kompetencia fejleszt\u0151. Itt igyeksz\u00fcnk minden munkav\u00e1llal\u00f3i kompetenci\u00e1t sz\u00e1mba venni. Ezt mind j\u00e1t\u00e9kos form\u00e1ban feldolgozni. Amikor \u0151k be\u00e1llnak a c\u00e9ghez ott kapnak \u00fajabb 25 \u00f3r\u00e1s csoportfoglalkoz\u00e1st, ez a beilleszked\u00e9s\u00fcket t\u00e1mogatja \u00e9s van a szem\u00e9lyes mentor\u00e1l\u00e1s.&#8221;- mondta Bakos-Szab\u00f3 Ren\u00e1ta az Impulzus Egyes\u00fclet szakmai programvezet\u0151je.<\/p>\n<p>-Nagyon komoly k\u00e9pess\u00e9gek vannak bennetek \u00e9s ebben a koroszt\u00e1lyban. Ezt pr\u00f3b\u00e1ltuk kicsit felturb\u00f3zni, hogy min\u00e9l t\u00f6bb j\u00f6jj\u00f6n m\u00e1r ki bel\u0151letek. Term\u00e9szetesen fontos p\u00e9nz, mert mindenki boltba v\u00e1s\u00e1rol, de az sem mindegy mennyire k\u00f6t\u0151dik egy munkahelyhez. Az a munkahely megakarja tartani a fiatalt vagy nem.&#8221;- mondta Szalay Ferenc polg\u00e1rmester.<\/p>\n<p>A mentor\u00e1l\u00e1s 13 h\u00f3napig tart. A projekt nevet is kap: az \u00f6nkorm\u00e1nyzat c\u00e9lja, hogy a v\u00e9gleges\u00edtett gyakornoki programot id\u00e9n ny\u00e1ron -Szolnok a J\u00f6v\u0151d!&#8221; c\u00edmmel ind\u00edtsa el.<br \/>\n<br \/>\n<div style=\"width: 640px;\" class=\"wp-video\"><!--[if lt IE 9]><script>document.createElement('video');<\/script><![endif]-->\n<video class=\"wp-video-shortcode\" id=\"video-9124-1\" width=\"640\" height=\"360\" preload=\"metadata\" controls=\"controls\"><source type=\"video\/mp4\" src=\"\/spots\/hir\/hir_180525_07.mp4?_=1\" \/><a href=\"\/spots\/hir\/hir_180525_07.mp4\">\/spots\/hir\/hir_180525_07.mp4<\/a><\/video><\/div><\/p>\n","protected":false},"excerpt":{"rendered":"<p>P\u00e1lyakezd\u0151kkel telt meg ma a v\u00e1rosh\u00e1za jegyz\u0151i terme. A 2008-ban indult Szolnok Hazav\u00e1r Projekt keret\u00e9ben meghirdetett gyakornoki program els\u0151 etapja k\u00e9t \u00e9vvel ezel\u0151tt kezd\u0151d\u00f6tt. Oravecz Istv\u00e1n ekkor kapta meg a lehet\u0151s\u00e9get. \u00d5 a Jendrassik Gy\u00f6rgy G\u00e9pipari Szakgimn\u00e1ziumban v\u00e9gzett cad-cam informatikus szakon. -Velem egy\u00fctt 5-en indultunk ebbe a teljesen pilot programban, szinte teljesen kezd\u0151k\u00e9nt, mert ugye [&hellip;]<\/p>\n","protected":false},"author":2,"featured_media":0,"comment_status":"closed","ping_status":"closed","sticky":false,"template":"","format":"standard","meta":[],"categories":[9],"tags":[],"_links":{"self":[{"href":"http:\/\/archiv.szolnoktv.hu\/index.php?rest_route=\/wp\/v2\/posts\/9124"}],"collection":[{"href":"http:\/\/archiv.szolnoktv.hu\/index.php?rest_route=\/wp\/v2\/posts"}],"about":[{"href":"http:\/\/archiv.szolnoktv.hu\/index.php?rest_route=\/wp\/v2\/types\/post"}],"author":[{"embeddable":true,"href":"http:\/\/archiv.szolnoktv.hu\/index.php?rest_route=\/wp\/v2\/users\/2"}],"replies":[{"embeddable":true,"href":"http:\/\/archiv.szolnoktv.hu\/index.php?rest_route=%2Fwp%2Fv2%2Fcomments&post=9124"}],"version-history":[{"count":1,"href":"http:\/\/archiv.szolnoktv.hu\/index.php?rest_route=\/wp\/v2\/posts\/9124\/revisions"}],"predecessor-version":[{"id":9211,"href":"http:\/\/archiv.szolnoktv.hu\/index.php?rest_route=\/wp\/v2\/posts\/9124\/revisions\/9211"}],"wp:attachment":[{"href":"http:\/\/archiv.szolnoktv.hu\/index.php?rest_route=%2Fwp%2Fv2%2Fmedia&parent=9124"}],"wp:term":[{"taxonomy":"category","embeddable":true,"href":"http:\/\/archiv.szolnoktv.hu\/index.php?rest_route=%2Fwp%2Fv2%2Fcategories&post=9124"},{"taxonomy":"post_tag","embeddable":true,"href":"http:\/\/archiv.szolnoktv.hu\/index.php?rest_route=%2Fwp%2Fv2%2Ftags&post=9124"}],"curies":[{"name":"wp","href":"https:\/\/api.w.org\/{rel}","templated":true}]}}