{"id":9123,"date":"2018-05-25T18:14:11","date_gmt":"2018-05-25T18:14:11","guid":{"rendered":"http:\/\/archiv.szolnoktv.hu\/?p=9123"},"modified":"2021-08-14T14:19:01","modified_gmt":"2021-08-14T14:19:01","slug":"on-dont-hogy-mi-legyen-az-adataival","status":"publish","type":"post","link":"http:\/\/archiv.szolnoktv.hu\/?p=9123","title":{"rendered":"\u00d6n d\u00f6nt, hogy mi legyen az adataival"},"content":{"rendered":"<div class='booster-block booster-read-block'><\/div><p>T\u00f6bben hallottak r\u00f3la, sz\u00fcks\u00e9gesnek tartj\u00e1k \u00e9s egyet is \u00e9rtenek vele. <\/p>\n<p>-\u00c9n ezzel teljess\u00e9ggel egyet \u00e9rtek, mert nagyon nem szeretem mikor fent vagyok, l\u00e1tom, hogy emailem van, esetleg v\u00e1rok egy fontosat \u00e9s csal\u00f3dottan l\u00e1tom, hogy nem az, amit akartam, hanem csak egy k\u00e9retlen spam.&#8221;  &#8211;   mondta S\u00edpos L\u00e1szl\u00f3<\/p>\n<p>M\u00e9g t\u00f6bben vannak, akik egy\u00e1ltal\u00e1n nem tudtak az \u00faj szab\u00e1lyoz\u00e1sr\u00f3l, de m\u00e1r kor\u00e1bban is figyeltek az adataik v\u00e9delm\u00e9re.  <\/p>\n<p>-Nem hallottam, de az a helyzet, hogy \u00e9n vigy\u00e1zok mindenemre. Megmondom \u0151szint\u00e9n \u00e9n nagyon vigy\u00e1zok, mert sokba ker\u00fcl.&#8221;  &#8211;   mondta Nagy Istv\u00e1nn\u00e9<\/p>\n<p>Viszont mindenkiben k\u00f6z\u00f6s, hogy sz\u00edvesen fogadj\u00e1k a v\u00e1ltoz\u00e1sokat, mert nem szeretn\u00e9k, hogy a tudtuk \u00e9s hozz\u00e1j\u00e1rul\u00e1suk n\u00e9lk\u00fcl, ismeretlenek kez\u00e9be ker\u00fcljenek az adataik. <\/p>\n<p>-Fontosnak tartom mindenk\u00e9ppen, mert nem tud ezzel az ember mit kezdeni, ha illet\u00e9ktelen kezekbe ker\u00fcl, akkor sajnos j\u00f6nnek a probl\u00e9m\u00e1k.&#8221;  &#8211;   mondta Kis K\u00e1rolyn\u00e9<\/p>\n<p>A GDPR-t az\u00e9rt alkott\u00e1k, hogy az EU tag\u00e1llamainak adatv\u00e9delm\u00e9t egys\u00e9ges\u00edts\u00e9k. Az \u00e1ltal\u00e1nos adatv\u00e9delmi rendelet c\u00e9lja, hogy t\u00f6bb kontrollt adjon a felhaszn\u00e1l\u00f3knak, illetve az adataiknak komolyabb v\u00e9delmet biztos\u00edtson, az azokat kezel\u0151 c\u00e9gekkel szemben. Ezent\u00fal az adatkezel\u00e9sr\u0151l sz\u00f3l\u00f3 t\u00e1j\u00e9koztat\u00f3nak k\u00f6nnyen \u00e9rthet\u0151nek kell lennie, az adatkezel\u00e9shez a felhaszn\u00e1l\u00f3 hozz\u00e1j\u00e1rul\u00e1sa kell, 16 \u00e9vn\u00e9l fiatalabb gyermek eset\u00e9ben a sz\u00fcl\u0151t\u0151l is, illetve, ha m\u00e1r nem haszn\u00e1ljuk a szolg\u00e1ltat\u00e1st jogunk lesz t\u00f6r\u00f6ltetni az adatainkat. Emellett, ha hekkert\u00e1mad\u00e1s \u00e9ri a c\u00e9get, \u00e9s az eset \u00e9rinti a felhaszn\u00e1l\u00f3t, akkor arr\u00f3l \u0151t is \u00e9s az adatv\u00e9delmi hat\u00f3s\u00e1got is \u00e9rtes\u00edteni kell. <\/p>\n<p>Dr. V\u00edgh Judit, \u00fcgyv\u00e9d r\u00e1mutatott: -A rendelet azokra a t\u00e1rsas\u00e1gokra, szervezetekre vonatkozik, akik term\u00e9szetes szem\u00e9lyeknek az adatait kezelik. Ezt \u00fagy \u00e9rtem, hogy ak\u00e1r munkav\u00e1llal\u00f3k adatait, ak\u00e1r partnerek\u00e9t, ak\u00e1r egy\u00e9ni v\u00e1llalkoz\u00f3k, c\u00e9gek, ak\u00e1r term\u00e9szetes szem\u00e9ly k\u00e9pvisel\u0151j\u00e9nek, vagy kapcsolattart\u00f3inak az adatait, illetve h\u00e1t term\u00e9szetesen az online vil\u00e1gban is ugyan ezeket.&#8221;  <\/p>\n<p>Az Eur\u00f3pai Uni\u00f3s \u00e1ltal\u00e1nos adatv\u00e9delmi rendelete 2016-ban l\u00e9pett \u00e9letbe, \u00e9s a 2 \u00e9ves t\u00fcrelmi id\u0151 letelte ut\u00e1n m\u00e1jus 25-t\u0151l kell alkalmazni. A rendeletet megszeg\u0151k b\u00edrs\u00e1gra sz\u00e1m\u00edthatnak: s\u00falyosabb jogs\u00e9rt\u00e9sek eset\u00e9n 20 milli\u00f3 eur\u00f3 vagy a c\u00e9g vil\u00e1gpiaci forgalm\u00e1nak legfeljebb 4 sz\u00e1zal\u00e9ka, kisebb jogs\u00e9rt\u00e9skor pedig, 10 milli\u00f3 eur\u00f3 vagy a vil\u00e1gpiaci forgalom legfeljebb 2\u00a0sz\u00e1zal\u00e9ka lehet a kiszabhat\u00f3 b\u00edrs\u00e1g m\u00e9rt\u00e9ke. Ez mostani \u00e1rfolyamon a s\u00falyosabb b\u00fcntet\u00e9s eset\u00e9n el\u00e9rheti a 6,4 milli\u00e1rd forintot is, amely a hazai c\u00e9gek egy r\u00e9sz\u00e9nek eset\u00e9ben ak\u00e1r a megsz\u0171n\u00e9st is eredm\u00e9nyezheti. <\/p>\n<p>-A korm\u00e1ny mindent megtesz annak \u00e9rdek\u00e9ben, hogy ez a rendelet a kis \u00e9s k\u00f6z\u00e9pv\u00e1llalkoz\u00f3i szektor \u00e9let\u00e9t ne nehez\u00edtse meg, sz\u00e1mukra jelent\u0151s t\u00f6bbletk\u00f6lts\u00e9get ne eredm\u00e9nyezzen. Az osztr\u00e1k mint\u00e1t szeretn\u00e9nk \u00e1tvenni a magyar jogba val\u00f3 \u00e1t\u00fcltet\u00e9skor, ez pedig azt jelenti, hogy a kis- \u00e9s k\u00f6zepes v\u00e1llalkoz\u00e1sokn\u00e1l a Nemzeti Inform\u00e1ci\u00f3 \u00e9s Adatv\u00e9delmi Hat\u00f3s\u00e1g kiz\u00e1r\u00f3lag csak figyelmeztethet \u00e9s m\u00e1s szankci\u00f3t nem alkalmazhat.&#8221; &#8211; Guly\u00e1s Gergely, a Minisztereln\u00f6ks\u00e9get vezet\u0151 miniszter<\/p>\n<p>Az GDPR nem ir\u00e1nyelv, hanem rendelet, ez\u00e9rt a tagorsz\u00e1gokban nem v\u00e1laszt\u00e1s k\u00e9rd\u00e9se volt a bevezet\u00e9se. A rendelet minden tagorsz\u00e1gra egys\u00e9gesen \u00e9rv\u00e9nyes, \u00e9s \u00fajdons\u00e1g az is, hogy az EU-n k\u00edv\u00fcli orsz\u00e1gok c\u00e9geire is vonatkozik, ha azok EU-s mag\u00e1nszem\u00e9lyek vagy c\u00e9gek adatait kezelik.<\/p>\n<div style=\"width: 640px;\" class=\"wp-video\"><!--[if lt IE 9]><script>document.createElement('video');<\/script><![endif]-->\n<video class=\"wp-video-shortcode\" id=\"video-9123-1\" width=\"640\" height=\"360\" preload=\"metadata\" controls=\"controls\"><source type=\"video\/mp4\" src=\"\/spots\/hir\/hir_180525_06.mp4?_=1\" \/><a href=\"\/spots\/hir\/hir_180525_06.mp4\">\/spots\/hir\/hir_180525_06.mp4<\/a><\/video><\/div>\n","protected":false},"excerpt":{"rendered":"<p>T\u00f6bben hallottak r\u00f3la, sz\u00fcks\u00e9gesnek tartj\u00e1k \u00e9s egyet is \u00e9rtenek vele. -\u00c9n ezzel teljess\u00e9ggel egyet \u00e9rtek, mert nagyon nem szeretem mikor fent vagyok, l\u00e1tom, hogy emailem van, esetleg v\u00e1rok egy fontosat \u00e9s csal\u00f3dottan l\u00e1tom, hogy nem az, amit akartam, hanem csak egy k\u00e9retlen spam.&#8221; &#8211; mondta S\u00edpos L\u00e1szl\u00f3 M\u00e9g t\u00f6bben vannak, akik egy\u00e1ltal\u00e1n nem tudtak az [&hellip;]<\/p>\n","protected":false},"author":2,"featured_media":0,"comment_status":"closed","ping_status":"closed","sticky":false,"template":"","format":"standard","meta":[],"categories":[9],"tags":[],"_links":{"self":[{"href":"http:\/\/archiv.szolnoktv.hu\/index.php?rest_route=\/wp\/v2\/posts\/9123"}],"collection":[{"href":"http:\/\/archiv.szolnoktv.hu\/index.php?rest_route=\/wp\/v2\/posts"}],"about":[{"href":"http:\/\/archiv.szolnoktv.hu\/index.php?rest_route=\/wp\/v2\/types\/post"}],"author":[{"embeddable":true,"href":"http:\/\/archiv.szolnoktv.hu\/index.php?rest_route=\/wp\/v2\/users\/2"}],"replies":[{"embeddable":true,"href":"http:\/\/archiv.szolnoktv.hu\/index.php?rest_route=%2Fwp%2Fv2%2Fcomments&post=9123"}],"version-history":[{"count":1,"href":"http:\/\/archiv.szolnoktv.hu\/index.php?rest_route=\/wp\/v2\/posts\/9123\/revisions"}],"predecessor-version":[{"id":9212,"href":"http:\/\/archiv.szolnoktv.hu\/index.php?rest_route=\/wp\/v2\/posts\/9123\/revisions\/9212"}],"wp:attachment":[{"href":"http:\/\/archiv.szolnoktv.hu\/index.php?rest_route=%2Fwp%2Fv2%2Fmedia&parent=9123"}],"wp:term":[{"taxonomy":"category","embeddable":true,"href":"http:\/\/archiv.szolnoktv.hu\/index.php?rest_route=%2Fwp%2Fv2%2Fcategories&post=9123"},{"taxonomy":"post_tag","embeddable":true,"href":"http:\/\/archiv.szolnoktv.hu\/index.php?rest_route=%2Fwp%2Fv2%2Ftags&post=9123"}],"curies":[{"name":"wp","href":"https:\/\/api.w.org\/{rel}","templated":true}]}}