{"id":9122,"date":"2018-05-25T17:45:37","date_gmt":"2018-05-25T17:45:37","guid":{"rendered":"http:\/\/archiv.szolnoktv.hu\/?p=9122"},"modified":"2021-08-14T14:19:01","modified_gmt":"2021-08-14T14:19:01","slug":"cserediakok-a-szegoben","status":"publish","type":"post","link":"http:\/\/archiv.szolnoktv.hu\/?p=9122","title":{"rendered":"Cseredi\u00e1kok a Szeg\u0151ben"},"content":{"rendered":"<div class='booster-block booster-read-block'><\/div><p>Az iskol\u00e1j\u00e1t mutatja be angolul az egyik kisdi\u00e1k a Szeg\u0151 G\u00e1bor \u00c1ltal\u00e1nos Iskol\u00e1ban. Az elm\u00falt 9 h\u00f3napban ketten \u00e9rkeztek Olaszorsz\u00e1gb\u00f3l, hogy hetente egy alkalommal angol, testnevel\u00e9s, \u00e9nek \u00e9s m\u00e1s tan\u00f3r\u00e1kon seg\u00edts\u00e9k a pedag\u00f3gusok munk\u00e1j\u00e1t. A di\u00e1kokkal term\u00e9szetesen angolul besz\u00e9lgettek, ezzel fejlesztve a nyelvtud\u00e1sukat. <\/p>\n<p>&#8220;A b\u00e1tors\u00e1gukat fel\u00e9bresztett\u00e9k, hogy kezdjenek angolul besz\u00e9lni, hogy \u00e1tl\u00e9pj\u00e9k a nyelvi g\u00e1takat.&#8221; -mondta FEJESN\u00c9 BER\u00c9NYI ZSUZSANNA iskolai felel\u0151s.<\/p>\n<p>Az \u00f6nk\u00e9ntesek a szajoli Harm\u00f3nia Alap\u00edtv\u00e1ny szervez\u00e9s\u00e9ben \u00e9rkeztek haz\u00e1nkba. 9 h\u00f3nap alatt 9 megyei \u00e9s 7 megy\u00e9n k\u00edv\u00fcli iskol\u00e1ban j\u00e1rtak \u00e9s seg\u00edtettek.<\/p>\n<p>&#8220;Ami az iskol\u00e1t illeti, nagyon szerett\u00fcnk itt dolgozni, a tan\u00e1rok nagyon aranyosak, nagyon-nagyon kedvesek a gyerekek, m\u00e9g aj\u00e1nd\u00e9kot is kaptunk t\u0151l\u00fck, amit ki fogok tenni a szob\u00e1mba Mil\u00e1n\u00f3ban, hogy eml\u00e9kezzek r\u00e1juk.&#8221; -mondta ROBERTA MAGLIE \u00f6nk\u00e9ntes.<br \/>A k\u00e9t \u00f6nk\u00e9ntes hamarosan indul haza, a hely\u00fckre egy olasz \u00e9s egy finn fiatal \u00e9rkezik majd. Az iskola azonban t\u00f6bb nemzetk\u00f6zi programban is r\u00e9szt vesz. Ez \u00e9v elej\u00e9n szolnoki di\u00e1kok j\u00e1rtak Finnorsz\u00e1gban, \u00e9s onnan fogadtak is finn fiatalokat. Akkor a tolerancia, az egy\u00fctt\u00e9l\u00e9s, az elfogad\u00e1s, a nemek k\u00f6z\u00f6tti egyenl\u0151s\u00e9g t\u00e9mak\u00f6r\u00e9ben dolgoztak egy\u00fctt.<\/p>\n<p>&#8220;Egy h\u00e9tig Finnorsz\u00e1gban voltam, sokat tanultam p\u00e9ld\u00e1ul csoport munk\u00e1ban dolgoztunk \u00e9s besz\u00e9lgett\u00fcnk a szexu\u00e1lis kisebbs\u00e9gekr\u0151l, \u00e9s sok minden m\u00e1s t\u00e9m\u00e1t is felhoztunk.&#8221; -mondta MOLN\u00c1R N\u00c1NDOR tanul\u00f3.<br \/>A csereprogram j\u00faniusban folytat\u00f3dik. Ennek el\u0151k\u00e9sz\u00edt\u00e9s\u00e9re \u00e9rkezett egy pedag\u00f3gus \u00e9s egy di\u00e1k Finnorsz\u00e1gb\u00f3l az iskol\u00e1ba. Egy h\u00e9t alatt kell kidolgozniuk azt a programot, mellyel a ny\u00e1r elej\u00e9n v\u00e1rj\u00e1k mindk\u00e9t orsz\u00e1gban a di\u00e1kokat.<\/p>\n<p>&#8220;A tolerancia kialak\u00edt\u00e1sa, n\u00f6vel\u00e9se l\u00e9pcs\u0151fokokon \u00e1t vezet, \u00e9s ezt kor\u00e1n el kell kezdeni, hogy min\u00e9l hamarabb elkezdj\u00fcnk a gyerekekkel foglalkozni, hogy p\u00e9ld\u00e1ul a migr\u00e1ns helyzetet mik\u00e9nt \u00e9s hogyan kezelj\u00e9k.&#8221; -mondta SANNA JURAKKA a finn deleg\u00e1ci\u00f3 vezet\u0151je.<br \/>A tal\u00e1lkoz\u00f3n fontos t\u00e9ma lesz m\u00e9g a szabadid\u0151 hasznos elt\u00f6lt\u00e9se, n\u00f6velni szeretn\u00e9k a tanul\u00f3k kezdem\u00e9nyez\u0151 k\u00e9szs\u00e9g\u00e9t \u00e9s b\u00e1tors\u00e1g\u00e1t is.<br \/>\n<br \/>\n<div style=\"width: 640px;\" class=\"wp-video\"><!--[if lt IE 9]><script>document.createElement('video');<\/script><![endif]-->\n<video class=\"wp-video-shortcode\" id=\"video-9122-1\" width=\"640\" height=\"360\" preload=\"metadata\" controls=\"controls\"><source type=\"video\/mp4\" src=\"\/spots\/hir\/hir_180525_05.mp4?_=1\" \/><a href=\"\/spots\/hir\/hir_180525_05.mp4\">\/spots\/hir\/hir_180525_05.mp4<\/a><\/video><\/div><\/p>\n","protected":false},"excerpt":{"rendered":"<p>Az iskol\u00e1j\u00e1t mutatja be angolul az egyik kisdi\u00e1k a Szeg\u0151 G\u00e1bor \u00c1ltal\u00e1nos Iskol\u00e1ban. Az elm\u00falt 9 h\u00f3napban ketten \u00e9rkeztek Olaszorsz\u00e1gb\u00f3l, hogy hetente egy alkalommal angol, testnevel\u00e9s, \u00e9nek \u00e9s m\u00e1s tan\u00f3r\u00e1kon seg\u00edts\u00e9k a pedag\u00f3gusok munk\u00e1j\u00e1t. A di\u00e1kokkal term\u00e9szetesen angolul besz\u00e9lgettek, ezzel fejlesztve a nyelvtud\u00e1sukat. &#8220;A b\u00e1tors\u00e1gukat fel\u00e9bresztett\u00e9k, hogy kezdjenek angolul besz\u00e9lni, hogy \u00e1tl\u00e9pj\u00e9k a nyelvi g\u00e1takat.&#8221; [&hellip;]<\/p>\n","protected":false},"author":2,"featured_media":0,"comment_status":"closed","ping_status":"closed","sticky":false,"template":"","format":"standard","meta":[],"categories":[9],"tags":[],"_links":{"self":[{"href":"http:\/\/archiv.szolnoktv.hu\/index.php?rest_route=\/wp\/v2\/posts\/9122"}],"collection":[{"href":"http:\/\/archiv.szolnoktv.hu\/index.php?rest_route=\/wp\/v2\/posts"}],"about":[{"href":"http:\/\/archiv.szolnoktv.hu\/index.php?rest_route=\/wp\/v2\/types\/post"}],"author":[{"embeddable":true,"href":"http:\/\/archiv.szolnoktv.hu\/index.php?rest_route=\/wp\/v2\/users\/2"}],"replies":[{"embeddable":true,"href":"http:\/\/archiv.szolnoktv.hu\/index.php?rest_route=%2Fwp%2Fv2%2Fcomments&post=9122"}],"version-history":[{"count":1,"href":"http:\/\/archiv.szolnoktv.hu\/index.php?rest_route=\/wp\/v2\/posts\/9122\/revisions"}],"predecessor-version":[{"id":9213,"href":"http:\/\/archiv.szolnoktv.hu\/index.php?rest_route=\/wp\/v2\/posts\/9122\/revisions\/9213"}],"wp:attachment":[{"href":"http:\/\/archiv.szolnoktv.hu\/index.php?rest_route=%2Fwp%2Fv2%2Fmedia&parent=9122"}],"wp:term":[{"taxonomy":"category","embeddable":true,"href":"http:\/\/archiv.szolnoktv.hu\/index.php?rest_route=%2Fwp%2Fv2%2Fcategories&post=9122"},{"taxonomy":"post_tag","embeddable":true,"href":"http:\/\/archiv.szolnoktv.hu\/index.php?rest_route=%2Fwp%2Fv2%2Ftags&post=9122"}],"curies":[{"name":"wp","href":"https:\/\/api.w.org\/{rel}","templated":true}]}}