{"id":9121,"date":"2018-05-25T17:18:49","date_gmt":"2018-05-25T17:18:49","guid":{"rendered":"http:\/\/archiv.szolnoktv.hu\/?p=9121"},"modified":"2021-08-14T14:19:01","modified_gmt":"2021-08-14T14:19:01","slug":"majus-25-az-eltunt-gyerekek-vilagnapja","status":"publish","type":"post","link":"http:\/\/archiv.szolnoktv.hu\/?p=9121","title":{"rendered":"M\u00e1jus 25. Az Elt\u0171nt gyerekek vil\u00e1gnapja"},"content":{"rendered":"<div class='booster-block booster-read-block'><\/div><p>M\u00e1jus 25-\u00e9n  van az elt\u0171nt gyerekek vil\u00e1gnapja. A statisztik\u00e1k szerint tov\u00e1bb n\u0151tt a haz\u00e1nkban az elt\u0171nt gyerekek sz\u00e1ma. Tavaly 19 ezer kiskor\u00fa elt\u0171n\u00e9s\u00e9t regisztr\u00e1lt\u00e1k. Szolnok megy\u00e9ben ma is mintegy 50 elt\u0171nt gyereket tartanak nyilv\u00e1n. <\/p>\n<p>Szab\u00f3 Zita c. r. alezredes,  sz\u00f3viv\u0151 MRFK: <\/p>\n<p>-&#8220;A nyilv\u00e1nos k\u00f6r\u00f6z\u00e9seket b\u00e1rki megtekintheti a rend\u0151rs\u00e9g honlapj\u00e1n, ez a sz\u00e1m napr\u00f3l napra, h\u00e9tr\u0151l h\u00e9tre v\u00e1ltozik. A JNSZMegyei Rend\u0151r-f\u0151kapit\u00e1nys\u00e1g \u00e9s helyi szervei  jelen pillanatban megk\u00f6zel\u00edt\u0151leg 100 f\u0151t keresnek elt\u0171ntk\u00e9nt. Ezeknek kb. a fele gyermekkor\u00fa, vagy fiatalkor\u00fa, azaz 18 \u00e9v\u00e9t m\u00e9g be nem t\u00f6lt\u00f6tte. &#8211;<\/p>\n<p>Feldolgozhatatlan trag\u00e9diak\u00e9nt \u00e9li meg egy csal\u00e1d, ha gyermeknek nyoma v\u00e9sz. Ez\u00e9rt is \u00e1llt az \u00fcgy mell\u00e9 t\u00f6bb civil szervezet is. Ma m\u00e1r nemcsak rend\u0151rs\u00e9gi oldalakon hanem a tejesdobozokon is l\u00e1that\u00f3ak az elt\u0171nt gyerekek fot\u00f3i. Megy\u00e9nkben is tapasztalhat\u00f3k jellegzetes elt\u0171n\u00e9sek. <\/p>\n<p>&#8220;Jellemz\u0151en ezek a fiatalok lak\u00e1sotthonokb\u00f3l nevel\u0151otthonokb\u00f3l illetve csal\u00e1di h\u00e1zakb\u00f3l rendszeresen elt\u00e1voznak. T\u00f6bbs\u00e9g\u00fck 30 napon bel\u00fcl \u00e9ps\u00e9gben \u00e9s eg\u00e9szs\u00e9gben el\u0151ker\u00fcl.&#8221;- tette hozz\u00e1 a sz\u00f3viv\u0151.  <\/p>\n<p> A m\u00e9dia is sokat seg\u00edthet. Szolnok Telev\u00edzi\u00f3 k\u00f6z\u00f6ss\u00e9gi oldal\u00e1n k\u00f6zz\u00e9tett felh\u00edv\u00e1sra legut\u00f3bb pl. maga az elt\u0171nt \u00edrta, hogy megvan, j\u00f3l van, ne is keress\u00e9k. Legt\u00f6bben azonban nem jelentkeznek. <\/p>\n<p>-&#8220;A  rend\u0151rs\u00e9g ilyenkor adatokat, inform\u00e1ci\u00f3kat  gy\u0171jt, mind az elt\u0171nt lelki \u00e1llapot\u00e1r\u00f3l, csal\u00e1di viszonyair\u00f3l, illetve az elt\u0171n\u00e9s k\u00f6r\u00fclm\u00e9nyeir\u0151l \u00e9s ennek megfelel\u0151sen teszi meg a rend\u0151ri int\u00e9zked\u00e9seket.  &#8211;<\/p>\n<p> Megy\u00e9nkben legt\u00f6bbsz\u00f6r egyszer\u0171 cselleng\u00e9sr\u0151l van sz\u00f3, ritk\u00e1n fordul el\u0151, hogy a prostit\u00faci\u00f3ra k\u00e9nyszer\u00edt\u00e9s felmer\u00fcl. <\/p>\n<p>&#8220;El\u0151fordulhat az is, hogy esetleg baleset t\u00f6rt\u00e9nt v\u00edzbe fullad\u00e1s, v\u00edzbe es\u00e9s, kih\u0171l\u00e9s. S\u0151t az is el\u0151fordulhat, hogy b\u0171ncselekm\u00e9ny fordulhat meg a h\u00e1tt\u00e9rben, de szerencs\u00e9re ez JNSZMegy\u00e9ben ritka \u00e9s nem jellemz\u0151&#8221;folytatta a sz\u00f3viv\u0151. <\/p>\n<p>Az elt\u0171nteket gyakran a rend\u0151rs\u00e9gen k\u00edv\u00fcl a civilek, a polg\u00e1r\u0151r\u00f6k, vagy a ment\u0151kuty\u00e1s csoportok is keresik. Ha  a tejes dobozon, hirdet\u00e9sekben, k\u00f6z\u00f6ss\u00e9gi oldalakon  l\u00e1tott gyermeket b\u00e1ri l\u00e1tni v\u00e9li, jelezze azt a 112-esseg\u00e9lyh\u00edv\u00f3 sz\u00e1mon. <\/p>\n<div style=\"width: 640px;\" class=\"wp-video\"><!--[if lt IE 9]><script>document.createElement('video');<\/script><![endif]-->\n<video class=\"wp-video-shortcode\" id=\"video-9121-1\" width=\"640\" height=\"360\" preload=\"metadata\" controls=\"controls\"><source type=\"video\/mp4\" src=\"\/spots\/hir\/hir_180525_04.mp4?_=1\" \/><a href=\"\/spots\/hir\/hir_180525_04.mp4\">\/spots\/hir\/hir_180525_04.mp4<\/a><\/video><\/div>\n","protected":false},"excerpt":{"rendered":"<p>M\u00e1jus 25-\u00e9n van az elt\u0171nt gyerekek vil\u00e1gnapja. A statisztik\u00e1k szerint tov\u00e1bb n\u0151tt a haz\u00e1nkban az elt\u0171nt gyerekek sz\u00e1ma. Tavaly 19 ezer kiskor\u00fa elt\u0171n\u00e9s\u00e9t regisztr\u00e1lt\u00e1k. Szolnok megy\u00e9ben ma is mintegy 50 elt\u0171nt gyereket tartanak nyilv\u00e1n. Szab\u00f3 Zita c. r. alezredes, sz\u00f3viv\u0151 MRFK: -&#8220;A nyilv\u00e1nos k\u00f6r\u00f6z\u00e9seket b\u00e1rki megtekintheti a rend\u0151rs\u00e9g honlapj\u00e1n, ez a sz\u00e1m napr\u00f3l napra, h\u00e9tr\u0151l [&hellip;]<\/p>\n","protected":false},"author":2,"featured_media":0,"comment_status":"closed","ping_status":"closed","sticky":false,"template":"","format":"standard","meta":[],"categories":[9],"tags":[],"_links":{"self":[{"href":"http:\/\/archiv.szolnoktv.hu\/index.php?rest_route=\/wp\/v2\/posts\/9121"}],"collection":[{"href":"http:\/\/archiv.szolnoktv.hu\/index.php?rest_route=\/wp\/v2\/posts"}],"about":[{"href":"http:\/\/archiv.szolnoktv.hu\/index.php?rest_route=\/wp\/v2\/types\/post"}],"author":[{"embeddable":true,"href":"http:\/\/archiv.szolnoktv.hu\/index.php?rest_route=\/wp\/v2\/users\/2"}],"replies":[{"embeddable":true,"href":"http:\/\/archiv.szolnoktv.hu\/index.php?rest_route=%2Fwp%2Fv2%2Fcomments&post=9121"}],"version-history":[{"count":1,"href":"http:\/\/archiv.szolnoktv.hu\/index.php?rest_route=\/wp\/v2\/posts\/9121\/revisions"}],"predecessor-version":[{"id":9214,"href":"http:\/\/archiv.szolnoktv.hu\/index.php?rest_route=\/wp\/v2\/posts\/9121\/revisions\/9214"}],"wp:attachment":[{"href":"http:\/\/archiv.szolnoktv.hu\/index.php?rest_route=%2Fwp%2Fv2%2Fmedia&parent=9121"}],"wp:term":[{"taxonomy":"category","embeddable":true,"href":"http:\/\/archiv.szolnoktv.hu\/index.php?rest_route=%2Fwp%2Fv2%2Fcategories&post=9121"},{"taxonomy":"post_tag","embeddable":true,"href":"http:\/\/archiv.szolnoktv.hu\/index.php?rest_route=%2Fwp%2Fv2%2Ftags&post=9121"}],"curies":[{"name":"wp","href":"https:\/\/api.w.org\/{rel}","templated":true}]}}