{"id":9120,"date":"2018-05-25T17:04:57","date_gmt":"2018-05-25T17:04:57","guid":{"rendered":"http:\/\/archiv.szolnoktv.hu\/?p=9120"},"modified":"2021-08-14T14:19:01","modified_gmt":"2021-08-14T14:19:01","slug":"restauraljak-a-vadaszrepulot","status":"publish","type":"post","link":"http:\/\/archiv.szolnoktv.hu\/?p=9120","title":{"rendered":"Restaur\u00e1lj\u00e1k a vad\u00e1szrep\u00fcl\u0151t"},"content":{"rendered":"<div class='booster-block booster-read-block'><\/div><p>A Leveg\u0151 Lovagj\u00e1r\u00f3l, Kiss J\u00f3zsef felder\u00edt\u0151- \u00e9s vad\u00e1szpil\u00f3t\u00e1r\u00f3l hallhatott el\u0151ad\u00e1st a Rep T\u00e1r Est\u00e9k k\u00f6z\u00f6ns\u00e9ge. A magyar rep\u00fcl\u00e9s els\u0151 nagy, ikonikus alakjak\u00e9nt ismert katona 1918. m\u00e1jus 24-\u00e9n halt meg. <\/p>\n<p> Gondos L\u00e1szl\u00f3, muzeol\u00f3gus, a Hadt\u00f6rt\u00e9neti Int\u00e9zet \u00e9s M\u00fazeum Rep\u00fcl\u00e9s\u00fcgyi szakreferense: <\/p>\n<p>-&#8220;A legt\u00f6bb l\u00e9gi gy\u0151zelmet aratta magyar rep\u00fcl\u0151k\u00e9nt az els\u0151 vil\u00e1gh\u00e1bor\u00faban. Az egyetlen olyan pil\u00f3t\u00e1ja, rep\u00fcl\u0151je volt az Osztr\u00e1k-Magyar Monarci\u00e1nak aki- ebben az id\u0151ben m\u00e9g nem volt szok\u00e1s- \u00e9retts\u00e9gi n\u00e9lk\u00fcl, erre nem jogosultk\u00e9nt leg\u00e9nys\u00e9gi \u00e1llom\u00e1nyb\u00f3l tiszti \u00e1llom\u00e1ny\u00fa pil\u00f3t\u00e1v\u00e1 lett el\u0151l\u00e9ptetve. Egy olyan fegyvert\u00e9nyt hajtott v\u00e9gre ami egyed\u00fcl\u00e1ll\u00f3 a maga nem\u00e9ben, szinte p\u00e1ratlan volt az Osztr\u00e1k-Magyar Monarchia haderej\u00e9ben. &#8211;<\/p>\n<p> \u00c9let\u00e9nek mozzanatait ismertette a muzeol\u00f3gus, aki azt is elmondta, hogy 19 esetben aratott l\u00e9gi gy\u0151zelmet. Hal\u00e1lakor azonban  t\u00faler\u0151vel harcolt elakadt g\u00e9ppusk\u00e1val . <\/p>\n<p>&#8211;Annak ellen\u00e9re, hogy harc k\u00f6zben t\u00f6bb alkalommal is megk\u00edm\u00e9lte ellenfeleit \u00e9s f\u00f6ldre k\u00e9nyszer\u00edtette \u0151ket \u0151 ezt viszonz\u00e1sul az ellens\u00e9gt\u0151l nem kapta meg \u00e9s az elakadt g\u00e9ppuska ellen\u00e9re, \u00fagy, hogy nem tudta folytatni a harcot k\u00edm\u00e9letlen\u00fcl \u00e9s kegyetlen\u00fcl lel\u0151tt\u00e9k az \u00e9gr\u0151l&#8221;-tette hozz\u00e1 a muzeol\u00f3gus.. <\/p>\n<p>G\u00e9p\u00e9t, egy Ph\u00f6nix D-II-es vad\u00e1szrep\u0151l\u0151t \u00e9ppen most restaur\u00e1lj\u00e1k Kecskem\u00e9ten. A k\u00e9tfedeles rep\u00fcl\u0151g\u00e9pet  hamarosan Szolnokon a Rep T\u00e1rban l\u00e1thatja a nagyk\u00f6z\u00f6ns\u00e9g. <\/p>\n<p> Alm\u00e1si Bal\u00e1zs, technol\u00f3gus, MH L\u00e9gij\u00e1rm\u0171 Jav\u00edt\u00f3\u00fczem : <\/p>\n<p>-&#8220;N\u00e1lunk van m\u00e1r egy f\u00e9lk\u00e9sz t\u00f6rzs , egy f\u00e9lk\u00e9sz bal als\u00f3 sz\u00e1rny , oldalkorm\u00e1ny, \u00fcl\u00e9s \u00e9s sok sok dokumentum, amit megkaptunk. Ezeket m\u00e9g ki kell tiszt\u00e1zni, anyagig\u00e9nyt, anyagokat \u00f6ssze\u00e1ll\u00edtani bel\u0151le. &#8211;<\/p>\n<p> \u00c9vek m\u00falva k\u00e9sz\u00fcl el a g\u00e9p, ami ugyan m\u00e1r nem lesz rep\u00fcl\u0151k\u00e9pes, de a nagyk\u00f6z\u00f6ns\u00e9g l\u00e1thatja milyen g\u00e9pmad\u00e1rral aratott gy\u0151zelmeket a leveg\u0151 lovagja. A k\u00f6vetkez\u0151 Rep T\u00e1r Esten a 170 \u00e9ve sz\u00fcletett Baross G\u00e1borr\u00f3l hallhatnak el\u0151ad\u00e1st j\u00falius 6-\u00e1n. <\/p>\n<div style=\"width: 640px;\" class=\"wp-video\"><!--[if lt IE 9]><script>document.createElement('video');<\/script><![endif]-->\n<video class=\"wp-video-shortcode\" id=\"video-9120-1\" width=\"640\" height=\"360\" preload=\"metadata\" controls=\"controls\"><source type=\"video\/mp4\" src=\"\/spots\/hir\/hir_180525_01.mp4?_=1\" \/><a href=\"\/spots\/hir\/hir_180525_01.mp4\">\/spots\/hir\/hir_180525_01.mp4<\/a><\/video><\/div>\n","protected":false},"excerpt":{"rendered":"<p>A Leveg\u0151 Lovagj\u00e1r\u00f3l, Kiss J\u00f3zsef felder\u00edt\u0151- \u00e9s vad\u00e1szpil\u00f3t\u00e1r\u00f3l hallhatott el\u0151ad\u00e1st a Rep T\u00e1r Est\u00e9k k\u00f6z\u00f6ns\u00e9ge. A magyar rep\u00fcl\u00e9s els\u0151 nagy, ikonikus alakjak\u00e9nt ismert katona 1918. m\u00e1jus 24-\u00e9n halt meg. Gondos L\u00e1szl\u00f3, muzeol\u00f3gus, a Hadt\u00f6rt\u00e9neti Int\u00e9zet \u00e9s M\u00fazeum Rep\u00fcl\u00e9s\u00fcgyi szakreferense: -&#8220;A legt\u00f6bb l\u00e9gi gy\u0151zelmet aratta magyar rep\u00fcl\u0151k\u00e9nt az els\u0151 vil\u00e1gh\u00e1bor\u00faban. Az egyetlen olyan pil\u00f3t\u00e1ja, rep\u00fcl\u0151je volt [&hellip;]<\/p>\n","protected":false},"author":2,"featured_media":0,"comment_status":"closed","ping_status":"closed","sticky":false,"template":"","format":"standard","meta":[],"categories":[9],"tags":[],"_links":{"self":[{"href":"http:\/\/archiv.szolnoktv.hu\/index.php?rest_route=\/wp\/v2\/posts\/9120"}],"collection":[{"href":"http:\/\/archiv.szolnoktv.hu\/index.php?rest_route=\/wp\/v2\/posts"}],"about":[{"href":"http:\/\/archiv.szolnoktv.hu\/index.php?rest_route=\/wp\/v2\/types\/post"}],"author":[{"embeddable":true,"href":"http:\/\/archiv.szolnoktv.hu\/index.php?rest_route=\/wp\/v2\/users\/2"}],"replies":[{"embeddable":true,"href":"http:\/\/archiv.szolnoktv.hu\/index.php?rest_route=%2Fwp%2Fv2%2Fcomments&post=9120"}],"version-history":[{"count":1,"href":"http:\/\/archiv.szolnoktv.hu\/index.php?rest_route=\/wp\/v2\/posts\/9120\/revisions"}],"predecessor-version":[{"id":9215,"href":"http:\/\/archiv.szolnoktv.hu\/index.php?rest_route=\/wp\/v2\/posts\/9120\/revisions\/9215"}],"wp:attachment":[{"href":"http:\/\/archiv.szolnoktv.hu\/index.php?rest_route=%2Fwp%2Fv2%2Fmedia&parent=9120"}],"wp:term":[{"taxonomy":"category","embeddable":true,"href":"http:\/\/archiv.szolnoktv.hu\/index.php?rest_route=%2Fwp%2Fv2%2Fcategories&post=9120"},{"taxonomy":"post_tag","embeddable":true,"href":"http:\/\/archiv.szolnoktv.hu\/index.php?rest_route=%2Fwp%2Fv2%2Ftags&post=9120"}],"curies":[{"name":"wp","href":"https:\/\/api.w.org\/{rel}","templated":true}]}}