{"id":9119,"date":"2018-05-25T16:45:53","date_gmt":"2018-05-25T16:45:53","guid":{"rendered":"http:\/\/archiv.szolnoktv.hu\/?p=9119"},"modified":"2021-08-14T14:19:01","modified_gmt":"2021-08-14T14:19:01","slug":"gyermeknapi-programkavalkad","status":"publish","type":"post","link":"http:\/\/archiv.szolnoktv.hu\/?p=9119","title":{"rendered":"Gyermeknapi programkavalk\u00e1d"},"content":{"rendered":"<div class='booster-block booster-read-block'><\/div><p>K\u00f6rhinta, dodzsem, c\u00e9ll\u00f6v\u00f6lde. Ezek voltak a legn\u00e9pszer\u0171bb j\u00e1t\u00e9kok tavaly a Tiszaligeti Turisztikai \u00e9s Szabadid\u0151s K\u00f6zpont hagyom\u00e1nyos gyereknapi rendezv\u00e9ny\u00e9n. A program id\u00e9n 28. alkalommal h\u00edvja j\u00e1tszani \u00e9s kikapcsol\u00f3dni a gyerekeket. A k\u00e9sz\u00fcl\u0151d\u00e9s m\u00e1jus 27-re m\u00e1r ma megkezd\u0151d\u00f6tt a Tiszaligetben.<br \/>A programokat ez\u00fattal is a Szolnoki Gyermek-\u00e9s Ifj\u00fas\u00e1gi K\u00f6zalap\u00edtv\u00e1ny szervezi. A megszokott elemek mellett a gyerekek hagyom\u00e1ny\u0151rz\u0151 j\u00e1t\u00e9kokat is kipr\u00f3b\u00e1lhatnak, de ak\u00e1r egy \u00f6r\u00f6kbefogadott h\u00e1zi kedvenccel is hazat\u00e9rhetnek a nap v\u00e9g\u00e9n. A nagyobbak pedig az Akt\u00edv R\u00e1di\u00f3 seg\u00edts\u00e9g\u00e9vel riporter szerepben is kipr\u00f3b\u00e1lhatj\u00e1k magukat.<\/p>\n<p>-28. alkalommal v\u00e1rjuk ide a gyerekeket. Olyan mintha az els\u0151t rendezn\u00e9nk. Mert mindig vannak \u00fajdons\u00e1gok \u00e9s meglepet\u00e9sek. Nek\u00fcnk ez olyan mint egy kar\u00e1csony: mi ker\u00fcl a fa al\u00e1 \u00e9s hogy fog neki \u00f6r\u00fclni az aj\u00e1nd\u00e9kozott gyerek. B\u00edzunk benne, hogy t\u00e9nyleg nem fogunk csal\u00f3d\u00e1st okozni.&#8221;- mondta B\u00edr\u00f3 \u00c1rp\u00e1d a Turisztikai \u00e9s Szabadid\u0151s K\u00f6zpont \u00fcgyvezet\u0151 igazgat\u00f3ja.<\/p>\n<p>A turisztikai k\u00f6zpontban 10:00-t\u00f3l 17:00 \u00f3r\u00e1ig v\u00e1rj\u00e1k j\u00e1tszani \u00e9s sz\u00f3rakozni a lurk\u00f3kat. Eg\u00e9sz napos gyereknapi programokkal k\u00e9sz\u00fcl Szolnok Rep\u00fcl\u0151g\u00e9p M\u00fazeuma is. A RepT\u00e1rba \u00e9rkez\u0151k ingyenes t\u00e1rlatvezet\u00e9sen vehetnek r\u00e9szt, majd akad\u00e1lyp\u00e1ly\u00e1n tehetik pr\u00f3b\u00e1ra magukat, valamint 4D mozi \u00e9s szimul\u00e1tor \u00e9lm\u00e9nnyel gazdagodhatnak. Vas\u00e1rnap a l\u00e1togat\u00f3k olyan rep\u00fcl\u0151g\u00e9pekbe is be\u00fclhetnek, melyekbe m\u00e1s napokon nincs lehet\u0151s\u00e9g. A Szandasz\u0151l\u0151s v\u00e9g\u00e9n l\u00e9v\u0151 epersziget pedig 3. alkalommal k\u00e9sz\u00fcl gyermeknapi programokkal, amit els\u0151sorban \u00f3vod\u00e1s \u00e9s als\u00f3 tagozatos gyerekeknek \u00e1ll\u00edtottak \u00f6ssze. A j\u00e1t\u00e9kos feladatokkal 10 \u00f3r\u00e1t\u00f3l 14 \u00f3r\u00e1ig v\u00e1rj\u00e1k a gyerekeket \u00e9s sz\u00fcleiket. <\/p>\n<div style=\"width: 640px;\" class=\"wp-video\"><!--[if lt IE 9]><script>document.createElement('video');<\/script><![endif]-->\n<video class=\"wp-video-shortcode\" id=\"video-9119-1\" width=\"640\" height=\"360\" preload=\"metadata\" controls=\"controls\"><source type=\"video\/mp4\" src=\"\/spots\/hir\/hir_180525_03.mp4?_=1\" \/><a href=\"\/spots\/hir\/hir_180525_03.mp4\">\/spots\/hir\/hir_180525_03.mp4<\/a><\/video><\/div>\n","protected":false},"excerpt":{"rendered":"<p>K\u00f6rhinta, dodzsem, c\u00e9ll\u00f6v\u00f6lde. Ezek voltak a legn\u00e9pszer\u0171bb j\u00e1t\u00e9kok tavaly a Tiszaligeti Turisztikai \u00e9s Szabadid\u0151s K\u00f6zpont hagyom\u00e1nyos gyereknapi rendezv\u00e9ny\u00e9n. A program id\u00e9n 28. alkalommal h\u00edvja j\u00e1tszani \u00e9s kikapcsol\u00f3dni a gyerekeket. A k\u00e9sz\u00fcl\u0151d\u00e9s m\u00e1jus 27-re m\u00e1r ma megkezd\u0151d\u00f6tt a Tiszaligetben.A programokat ez\u00fattal is a Szolnoki Gyermek-\u00e9s Ifj\u00fas\u00e1gi K\u00f6zalap\u00edtv\u00e1ny szervezi. A megszokott elemek mellett a gyerekek hagyom\u00e1ny\u0151rz\u0151 j\u00e1t\u00e9kokat [&hellip;]<\/p>\n","protected":false},"author":2,"featured_media":0,"comment_status":"closed","ping_status":"closed","sticky":false,"template":"","format":"standard","meta":[],"categories":[9],"tags":[],"_links":{"self":[{"href":"http:\/\/archiv.szolnoktv.hu\/index.php?rest_route=\/wp\/v2\/posts\/9119"}],"collection":[{"href":"http:\/\/archiv.szolnoktv.hu\/index.php?rest_route=\/wp\/v2\/posts"}],"about":[{"href":"http:\/\/archiv.szolnoktv.hu\/index.php?rest_route=\/wp\/v2\/types\/post"}],"author":[{"embeddable":true,"href":"http:\/\/archiv.szolnoktv.hu\/index.php?rest_route=\/wp\/v2\/users\/2"}],"replies":[{"embeddable":true,"href":"http:\/\/archiv.szolnoktv.hu\/index.php?rest_route=%2Fwp%2Fv2%2Fcomments&post=9119"}],"version-history":[{"count":1,"href":"http:\/\/archiv.szolnoktv.hu\/index.php?rest_route=\/wp\/v2\/posts\/9119\/revisions"}],"predecessor-version":[{"id":9216,"href":"http:\/\/archiv.szolnoktv.hu\/index.php?rest_route=\/wp\/v2\/posts\/9119\/revisions\/9216"}],"wp:attachment":[{"href":"http:\/\/archiv.szolnoktv.hu\/index.php?rest_route=%2Fwp%2Fv2%2Fmedia&parent=9119"}],"wp:term":[{"taxonomy":"category","embeddable":true,"href":"http:\/\/archiv.szolnoktv.hu\/index.php?rest_route=%2Fwp%2Fv2%2Fcategories&post=9119"},{"taxonomy":"post_tag","embeddable":true,"href":"http:\/\/archiv.szolnoktv.hu\/index.php?rest_route=%2Fwp%2Fv2%2Ftags&post=9119"}],"curies":[{"name":"wp","href":"https:\/\/api.w.org\/{rel}","templated":true}]}}