{"id":9118,"date":"2018-05-25T16:12:49","date_gmt":"2018-05-25T16:12:49","guid":{"rendered":"http:\/\/archiv.szolnoktv.hu\/?p=9118"},"modified":"2021-08-14T14:19:01","modified_gmt":"2021-08-14T14:19:01","slug":"a-varosi-tanodak-gyereknapja","status":"publish","type":"post","link":"http:\/\/archiv.szolnoktv.hu\/?p=9118","title":{"rendered":"A V\u00e1rosi Tanod\u00e1k gyereknapja"},"content":{"rendered":"<div class='booster-block booster-read-block'><\/div><p>A Sz\u00e9chenyi Tanoda di\u00e1kjai t\u00e1ncos produkci\u00f3val k\u00e9sz\u00fcltek a V\u00e1rosi Tanod\u00e1k gyermeknapj\u00e1ra. Els\u0151 alkalommal, de hagyom\u00e1nyteremt\u0151 c\u00e9llal rendezt\u00e9k meg a vid\u00e1m d\u00e9lut\u00e1nt. <\/p>\n<p>-Nagyon tetszett, a l\u00e1nyok nagyon \u00fcgyesen t\u00e1ncoltak, j\u00f3, hogy ilyenen is r\u00e9szt vehet\u00fcnk.&#8221;<\/p>\n<p>A gyerekek t\u00f6bbf\u00e9le \u00e9dess\u00e9gb\u0151l v\u00e1laszthattak.  <\/p>\n<p>-J\u00e1t\u00e9kokat, fagyit.&#8221;<\/p>\n<p>Nem csak nyal\u00e1nks\u00e1ggal, hanem meglepet\u00e9s aj\u00e1nd\u00e9kokkal is k\u00e9sz\u00fcltek a szervez\u0151k.<\/p>\n<p>-Fagylaltot fogunk kapni, meg csomagba valamilyen aj\u00e1nd\u00e9kot. Csak ezt nem mondt\u00e1k el.&#8221;<\/p>\n<p>A V\u00f6r\u00f6skereszt feladata, hogy a h\u00e1tr\u00e1nnyal \u00e9l\u0151k\u00f6n adom\u00e1nyokkal seg\u00edtsenek. A gyermeknapi j\u00e1t\u00e9kokat java r\u00e9szt v\u00e1llalatok \u00e9s mag\u00e1nszem\u00e9lyek aj\u00e1nlott\u00e1k f\u00f6l \u00e9s juttatt\u00e1k el a szervezeten kereszt\u00fcl. Az adom\u00e1nyok egy r\u00e9sz\u00e9t azonban az \u00fagynevezett Cip\u0151sdoboz-gy\u0171jt\u0151 akci\u00f3kon szerezt\u00e9k be.<\/p>\n<p>-Egy nagyobb adom\u00e1nycsomagb\u00f3l siker\u00fclt juttatnunk a tanod\u00e1k gyermekei, di\u00e1kjai sz\u00e1m\u00e1ra, egy kis aj\u00e1nd\u00e9kot, amivel szeretn\u00e9nk egy kicsit eml\u00e9kezetesebb\u00e9 \u00e9s vid\u00e1mabb\u00e1 tenni a gyermeknapi d\u00e9lut\u00e1nt.&#8221; -mondta Juh\u00e1sz \u00c9va, a Magyar V\u00f6r\u00f6skereszt megyei igazgat\u00f3ja.<\/p>\n<p> A Sz\u00e9chenyi, az \u00dajv\u00e1rosi, a Szandasz\u0151l\u0151si \u00e9s a L\u00e9pcs\u0151fok Tanoda gyermekei ehettek \u00e9s j\u00e1tszhattak a Civil Inform\u00e1ci\u00f3s Centrum gyermeknapi rendezv\u00e9ny\u00e9n. Ez t\u00f6bb c\u00e9g \u00e9s szakmai szervezet \u00f6sszefog\u00e1sa \u00e1ltal val\u00f3sult meg.<\/p>\n<p> -Gyakorlatilag van egy olasz fagylaltgy\u00e1rt\u00f3 c\u00e9g, akivel szerz\u0151dt\u00fcnk. A fagylaltokat \u0151 aj\u00e1nlotta f\u00f6l. A V\u00f6r\u00f6skereszt megyei szervezete az aj\u00e1nd\u00e9kokat aj\u00e1nlotta f\u00f6l, a szolnoki \u00c9lelmiszerbank az \u00e9lelmiszert aj\u00e1nlotta f\u00f6l, az \u00fcd\u00edt\u0151t \u00e9s a kis, finom, ropogtatni val\u00f3kat pedig az \u00e9tterem aj\u00e1nlotta f\u00f6l. -nyilatkozta Dr. Moln\u00e1r Be\u00e1ta, a JNSZ Megyei Civil Inform\u00e1ci\u00f3s Centrum eln\u00f6ke.<\/p>\n<p>A Civil Inform\u00e1ci\u00f3s Centrum c\u00e9lja, hogy a tanod\u00e1k m\u0171k\u00f6d\u00e9s\u00e9t az \u00e1llami szervek a j\u00f6v\u0151ben automatikusan finansz\u00edrozz\u00e1k  s ne p\u00e1ly\u00e1zat \u00fatj\u00e1n nyert p\u00e9nzekb\u0151l val\u00f3suljanak meg a  hasonl\u00f3 \u00f6r\u00f6mszerz\u0151 esem\u00e9nyek.&#8221;<\/p>\n<div style=\"width: 640px;\" class=\"wp-video\"><!--[if lt IE 9]><script>document.createElement('video');<\/script><![endif]-->\n<video class=\"wp-video-shortcode\" id=\"video-9118-1\" width=\"640\" height=\"360\" preload=\"metadata\" controls=\"controls\"><source type=\"video\/mp4\" src=\"\/spots\/hir\/hir_180525_02.mp4?_=1\" \/><a href=\"\/spots\/hir\/hir_180525_02.mp4\">\/spots\/hir\/hir_180525_02.mp4<\/a><\/video><\/div>\n","protected":false},"excerpt":{"rendered":"<p>A Sz\u00e9chenyi Tanoda di\u00e1kjai t\u00e1ncos produkci\u00f3val k\u00e9sz\u00fcltek a V\u00e1rosi Tanod\u00e1k gyermeknapj\u00e1ra. Els\u0151 alkalommal, de hagyom\u00e1nyteremt\u0151 c\u00e9llal rendezt\u00e9k meg a vid\u00e1m d\u00e9lut\u00e1nt. -Nagyon tetszett, a l\u00e1nyok nagyon \u00fcgyesen t\u00e1ncoltak, j\u00f3, hogy ilyenen is r\u00e9szt vehet\u00fcnk.&#8221; A gyerekek t\u00f6bbf\u00e9le \u00e9dess\u00e9gb\u0151l v\u00e1laszthattak. -J\u00e1t\u00e9kokat, fagyit.&#8221; Nem csak nyal\u00e1nks\u00e1ggal, hanem meglepet\u00e9s aj\u00e1nd\u00e9kokkal is k\u00e9sz\u00fcltek a szervez\u0151k. -Fagylaltot fogunk kapni, meg [&hellip;]<\/p>\n","protected":false},"author":2,"featured_media":0,"comment_status":"closed","ping_status":"closed","sticky":false,"template":"","format":"standard","meta":[],"categories":[9],"tags":[],"_links":{"self":[{"href":"http:\/\/archiv.szolnoktv.hu\/index.php?rest_route=\/wp\/v2\/posts\/9118"}],"collection":[{"href":"http:\/\/archiv.szolnoktv.hu\/index.php?rest_route=\/wp\/v2\/posts"}],"about":[{"href":"http:\/\/archiv.szolnoktv.hu\/index.php?rest_route=\/wp\/v2\/types\/post"}],"author":[{"embeddable":true,"href":"http:\/\/archiv.szolnoktv.hu\/index.php?rest_route=\/wp\/v2\/users\/2"}],"replies":[{"embeddable":true,"href":"http:\/\/archiv.szolnoktv.hu\/index.php?rest_route=%2Fwp%2Fv2%2Fcomments&post=9118"}],"version-history":[{"count":1,"href":"http:\/\/archiv.szolnoktv.hu\/index.php?rest_route=\/wp\/v2\/posts\/9118\/revisions"}],"predecessor-version":[{"id":9217,"href":"http:\/\/archiv.szolnoktv.hu\/index.php?rest_route=\/wp\/v2\/posts\/9118\/revisions\/9217"}],"wp:attachment":[{"href":"http:\/\/archiv.szolnoktv.hu\/index.php?rest_route=%2Fwp%2Fv2%2Fmedia&parent=9118"}],"wp:term":[{"taxonomy":"category","embeddable":true,"href":"http:\/\/archiv.szolnoktv.hu\/index.php?rest_route=%2Fwp%2Fv2%2Fcategories&post=9118"},{"taxonomy":"post_tag","embeddable":true,"href":"http:\/\/archiv.szolnoktv.hu\/index.php?rest_route=%2Fwp%2Fv2%2Ftags&post=9118"}],"curies":[{"name":"wp","href":"https:\/\/api.w.org\/{rel}","templated":true}]}}