{"id":9117,"date":"2018-05-24T18:58:06","date_gmt":"2018-05-24T18:58:06","guid":{"rendered":"http:\/\/archiv.szolnoktv.hu\/?p=9117"},"modified":"2021-08-14T14:19:01","modified_gmt":"2021-08-14T14:19:01","slug":"ev-korforgalma-dijbemutato","status":"publish","type":"post","link":"http:\/\/archiv.szolnoktv.hu\/?p=9117","title":{"rendered":"\u00c9v k\u00f6rforgalma d\u00edjbemutat\u00f3"},"content":{"rendered":"<div class='booster-block booster-read-block'><\/div><p>M\u00e1rciusban t\u00f6bb \u00f3r\u00e1s munka ut\u00e1n nyerte el v\u00e9gs\u0151 hely\u00e9t a MI24-es harci helikopter a 442-es f\u0151\u00fat \u00e9s a Kert\u00e9sz utca csom\u00f3pontj\u00e1n\u00e1l. Az \u00faj arculatot kapott k\u00f6rforgalom els\u0151 megm\u00e9rettet\u00e9s\u00e9n m\u00e1r t\u00fal van: M\u00e1jus 11 \u00f3ta az \u00c9v korforgalma c\u00edmet viseli. <\/p>\n<p>-Nemcsak k\u00f6rforgalom p\u00e1ly\u00e1zott, hanem az \u00e9v legszebb h\u00eddja is ezen a napon lett d\u00edjazva. Illetve \u00f3vod\u00e1k KRESZ p\u00e1ly\u00e1ja, k\u00f6zleked\u00e9si k\u00f6nyvek kiad\u00e1sai is mind ezen a napon nyert. Az eszt\u00e9tika, hasznoss\u00e1g \u00e9s a forgalombiztoss\u00e1g egyhelyre tal\u00e1lt itt Szolnokon.&#8221;- mondta V\u00e1ntsa Zolt\u00e1n a Magyar K\u00f6z\u00fat Nonprofit Zrt. megyei igazgat\u00f3s\u00e1g\u00e1nak vezet\u0151je.<\/p>\n<p>A harci \u00e1ll\u00e1sban a Tisza-h\u00edd ir\u00e1ny\u00e1ba tekint\u0151 g\u00e9pmad\u00e1r Szolnok katonav\u00e1ros jelleg\u00e9t hangs\u00falyozand\u00f3an ker\u00fclt a k\u00f6rforgalom k\u00f6zep\u00e9re.<\/p>\n<p>-Ez nemcsak az orsz\u00e1gban egyed\u00fcl \u00e1ll\u00f3, hanem eg\u00e9sz Eur\u00f3p\u00e1ban ilyen m\u00e9ret\u0171, ilyen 8 tonn\u00e1s helikopter nincs. Nagyon sok rep\u00fcl\u0151g\u00e9p van, t\u00f6bb mint 100 rep\u00fcl\u0151g\u00e9p van Eur\u00f3p\u00e1ban ki\u00e1ll\u00edtva. K\u00f6rforgalmakban \u00e9s egy\u00e9b helyeken. De ez egyed\u00fcl\u00e1ll\u00f3 \u00e9s ezzel mi Szolnokiak rendelkez\u00fcnk.&#8221;-mondta Koller J\u00f3zsef az MH 86. Szolnok Helikopterb\u00e1zis dand\u00e1rt\u00e1bornoka.<\/p>\n<p> \u00cdgy n\u00e9z ki az az oklev\u00e9l \u00e9s d\u00edj, amit a v\u00e1ros m\u00e1jus 11-\u00e9n Budapesten a K\u00f6zleked\u00e9si Kult\u00fara Napj\u00e1n vette \u00e1t. A p\u00e1ly\u00e1zatot a Magyar K\u00f6z\u00fat Nonprofit Zrt. \u00e9s a K\u00f6zleked\u00e9studom\u00e1nyi Egyes\u00fclet K\u00f6zleked\u00e9sbiztons\u00e1gi Tagozata hirdette meg. <\/p>\n<p>-Olyan produkci\u00f3 nyert orsz\u00e1gos d\u00edjat, ami eleve egy \u00f6sszefog\u00e1sb\u00f3l indult. Az \u00c1llami K\u00f6z\u00fatkezel\u0151, a Honv\u00e9ds\u00e9g \u00e9s a v\u00e1ros a m\u00f6g\u00f6ttem l\u00e1that\u00f3 k\u00f6rforgalom kialak\u00edt\u00e1s\u00e1t eld\u00f6nt\u00f6tte egy\u00fctt. A helikopter a hadsereg\u00e9, a k\u00f6rforgalom a k\u00f6z\u00fatkezel\u0151\u00e9. A gondolatuk term\u00e9szetesen k\u00f6z\u00f6s \u00e9s a v\u00e1ros biztos\u00edtotta azokat a forr\u00e1sokat \u00e9s lehet\u0151s\u00e9geket, ami ut\u00e1n a k\u00f6z\u00fatkezel\u0151 p\u00e1ly\u00e1zhatott az \u00c9v k\u00f6rforgalma d\u00edjra.&#8221;- mondta Szalay Ferenc Polg\u00e1rmester.<\/p>\n<p>A p\u00e1ly\u00e1zat c\u00e9lja a k\u00f6rforgalom k\u00fcl\u00f6nb\u00f6z\u0151 v\u00e1ltozatainak bemutat\u00e1s, a t\u00e1j\u00e9koz\u00f3d\u00e1st seg\u00edt\u0151 inform\u00e1ci\u00f3 \u00e1tad\u00e1sa, az utakat tervez\u0151 \u00e9s \u00fczemeltet\u0151 m\u00e9rn\u00f6k\u00f6k, szervezetek, valamint a k\u00f6rforgalmak eszt\u00e9tikus kialak\u00edt\u00e1s\u00e1nak elismer\u00e9se.<\/p>\n<div style=\"width: 640px;\" class=\"wp-video\"><!--[if lt IE 9]><script>document.createElement('video');<\/script><![endif]-->\n<video class=\"wp-video-shortcode\" id=\"video-9117-1\" width=\"640\" height=\"360\" preload=\"metadata\" controls=\"controls\"><source type=\"video\/mp4\" src=\"\/spots\/hir\/hir_180524_04.mp4?_=1\" \/><a href=\"\/spots\/hir\/hir_180524_04.mp4\">\/spots\/hir\/hir_180524_04.mp4<\/a><\/video><\/div>\n","protected":false},"excerpt":{"rendered":"<p>M\u00e1rciusban t\u00f6bb \u00f3r\u00e1s munka ut\u00e1n nyerte el v\u00e9gs\u0151 hely\u00e9t a MI24-es harci helikopter a 442-es f\u0151\u00fat \u00e9s a Kert\u00e9sz utca csom\u00f3pontj\u00e1n\u00e1l. Az \u00faj arculatot kapott k\u00f6rforgalom els\u0151 megm\u00e9rettet\u00e9s\u00e9n m\u00e1r t\u00fal van: M\u00e1jus 11 \u00f3ta az \u00c9v korforgalma c\u00edmet viseli. -Nemcsak k\u00f6rforgalom p\u00e1ly\u00e1zott, hanem az \u00e9v legszebb h\u00eddja is ezen a napon lett d\u00edjazva. Illetve \u00f3vod\u00e1k [&hellip;]<\/p>\n","protected":false},"author":2,"featured_media":0,"comment_status":"closed","ping_status":"closed","sticky":false,"template":"","format":"standard","meta":[],"categories":[9],"tags":[],"_links":{"self":[{"href":"http:\/\/archiv.szolnoktv.hu\/index.php?rest_route=\/wp\/v2\/posts\/9117"}],"collection":[{"href":"http:\/\/archiv.szolnoktv.hu\/index.php?rest_route=\/wp\/v2\/posts"}],"about":[{"href":"http:\/\/archiv.szolnoktv.hu\/index.php?rest_route=\/wp\/v2\/types\/post"}],"author":[{"embeddable":true,"href":"http:\/\/archiv.szolnoktv.hu\/index.php?rest_route=\/wp\/v2\/users\/2"}],"replies":[{"embeddable":true,"href":"http:\/\/archiv.szolnoktv.hu\/index.php?rest_route=%2Fwp%2Fv2%2Fcomments&post=9117"}],"version-history":[{"count":1,"href":"http:\/\/archiv.szolnoktv.hu\/index.php?rest_route=\/wp\/v2\/posts\/9117\/revisions"}],"predecessor-version":[{"id":9218,"href":"http:\/\/archiv.szolnoktv.hu\/index.php?rest_route=\/wp\/v2\/posts\/9117\/revisions\/9218"}],"wp:attachment":[{"href":"http:\/\/archiv.szolnoktv.hu\/index.php?rest_route=%2Fwp%2Fv2%2Fmedia&parent=9117"}],"wp:term":[{"taxonomy":"category","embeddable":true,"href":"http:\/\/archiv.szolnoktv.hu\/index.php?rest_route=%2Fwp%2Fv2%2Fcategories&post=9117"},{"taxonomy":"post_tag","embeddable":true,"href":"http:\/\/archiv.szolnoktv.hu\/index.php?rest_route=%2Fwp%2Fv2%2Ftags&post=9117"}],"curies":[{"name":"wp","href":"https:\/\/api.w.org\/{rel}","templated":true}]}}