{"id":9116,"date":"2018-05-24T18:53:55","date_gmt":"2018-05-24T18:53:55","guid":{"rendered":"http:\/\/archiv.szolnoktv.hu\/?p=9116"},"modified":"2021-08-14T14:19:02","modified_gmt":"2021-08-14T14:19:02","slug":"100-eve-halt-hosi-halalt-ittebei-kiss-jozsef","status":"publish","type":"post","link":"http:\/\/archiv.szolnoktv.hu\/?p=9116","title":{"rendered":"100 \u00e9ve halt h\u0151si hal\u00e1lt Ittebei Kiss J\u00f3zsef"},"content":{"rendered":"<div class='booster-block booster-read-block'><\/div><p>A d\u00edsz\u0151rs\u00e9g tagjai foglalj\u00e1k el hely\u00fcket Ittebei Kiss J\u00f3zsef eml\u00e9km\u0171ve mellett. A helikopter b\u00e1zis n\u00e9vad\u00f3ja az I. vil\u00e1gh\u00e1bor\u00fa legeredm\u00e9nyesebb magyar pil\u00f3t\u00e1ja volt 19 igazolt l\u00e9gigy\u0151zelemmel. Eredm\u00e9nyeit \u00e9s helyt\u00e1ll\u00e1s\u00e1t a K\u00e1roly Csapatkereszttel, valamint t\u00f6bbsz\u00f6r az arany, ez\u00fcst \u00e9s bronz vit\u00e9zs\u00e9gi \u00e9remmel ismert\u00e9k el. A hadnagy k\u00e9t t\u00e1rs\u00e1val 1918. m\u00e1jus 24-\u00e9n indult utols\u00f3 bevet\u00e9s\u00e9re, ahol az elh\u00faz\u00f3d\u00f3 l\u00e9gicsat\u00e1ban egy kanadai vad\u00e1szpil\u00f3ta Gerald Birks lel\u0151tte rep\u00fcl\u0151g\u00e9p\u00e9t, amely Lamon v\u00e1ros t\u00e9rs\u00e9g\u00e9ben a hegyoldalba csap\u00f3dott. <\/p>\n<p>-Az \u00dajkor h\u00e1bor\u00faj\u00e1ban a rep\u00fcl\u0151k voltak az utols\u00f3 k\u00e9pvisel\u0151i a lovagias, embers\u00e9ges harcmodornak. Kiss J\u00f3zsef 19-szer aratott gy\u0151zelmet ellenfelei f\u00f6l\u00f6tt, ebb\u0151l kilencszer \u00e9lve siker\u00fclt lek\u00e9nyszer\u00edteni az ellens\u00e9ges pil\u00f3t\u00e1t. Ellenfelei is a leveg\u0151 lovagj\u00e1nak nevezt\u00e9k.&#8221;  &#8211;   emelte ki Macz\u00e1k Endre \u0151rnagy<\/p>\n<p>Kiss J\u00f3zsefet m\u00e1jus 27-\u00e9n a perginei katonai temet\u0151ben helyezt\u00e9k \u00f6r\u00f6k nyugalomra. A szertart\u00e1s kezdetekor antant rep\u00fcl\u0151k\u00f6tel\u00e9k jelent meg az \u00e9gen, de bomb\u00e1z\u00e1s helyett koszor\u00fat dobtak le, amely szalagj\u00e1n angolul, franci\u00e1ul \u00e9s olaszul az -Utols\u00f3 \u00fcdv\u00f6zlet\u00fcnk a b\u00e1tor ellenf\u00e9lnek.&#8221; sz\u00f6veg volt olvashat\u00f3.<\/p>\n<p>A megeml\u00e9kez\u00e9sen az olaszorsz\u00e1gi Lamon polg\u00e1rmestere is r\u00e9szt vett. Ornella Noventa arr\u00f3l besz\u00e9lt, hogy b\u00e1r az els\u0151 vil\u00e1gh\u00e1bor\u00faban az Osztr\u00e1k-Magyar Monarchia \u00e9s Olaszorsz\u00e1g ellent\u00e9tes oldalon \u00e1llt, de k\u00f6z\u00f6s, hogy minden katona a saj\u00e1t haz\u00e1j\u00e1t, a szabads\u00e1got \u00e9s szeretteit v\u00e9dte. Az elm\u00falt \u00e9vekben jelent\u0151s v\u00e1ltoz\u00e1sok t\u00f6rt\u00e9ntek, amelyek most lehet\u0151v\u00e9 teszik, hogy a k\u00e9t orsz\u00e1g n\u00e9peinek bar\u00e1ts\u00e1g\u00e1t \u00e9s szabads\u00e1g\u00e1t \u00fcnnepelj\u00e9k.  &#8211;   hangs\u00falyozta a polg\u00e1rmester.<\/p>\n<p>A rep\u00fcl\u0151hadnagy eml\u00e9km\u0171v\u00e9t 2005 m\u00e1jus\u00e1ban \u00e1ll\u00edtott\u00e1k. A kegyhely nem csak a n\u00e9vad\u00f3 eml\u00e9k\u00e9t \u0151rzi, hanem p\u00e9ld\u00e1t mutat a jelen honv\u00e9dei sz\u00e1m\u00e1ra is.<\/p>\n<p>-Ebbe az eml\u00e9km\u0171be v\u00e9st\u00fck bele kegyelet\u00fcnk minden rezd\u00fcl\u00e9s\u00e9t, s akaratunk j\u00f6v\u0151t form\u00e1l\u00f3 szil\u00e1rd elhat\u00e1roz\u00e1s\u00e1t. Szeretet\u00fcnk megjelen\u00edt\u0151je ez az eml\u00e9km\u0171. \u00c1lld meg Isten\u00fcnk ezt az eml\u00e9km\u0171vet, s a 100 \u00e9ve elhunyt Ittebei Kiss J\u00f3zsef hadnagy eml\u00e9k\u00e9t.&#8221;  &#8211;   mondta K\u00e1linger Roland \u0151rnagy, katolikus t\u00e1bori lelk\u00e9sz<\/p>\n<p>Ittebei Kiss J\u00f3zsef mellett a mai napon az elm\u00falt id\u0151k honv\u00e9dei el\u0151tt is tisztelegtek a b\u00e1zis katon\u00e1i. A rep\u00fcl\u0151t\u00e9ren egy eml\u00e9kparkot avattak, amelyben egy kor\u00e1bban ezen a helyen l\u00e9v\u0151, most fel\u00faj\u00edtott -El\u0151deink eml\u00e9k\u00e9re&#8221; felirat\u00fa t\u00e1bl\u00e1t is elhelyeztek.<br \/>\n<br \/>\n<div style=\"width: 640px;\" class=\"wp-video\"><!--[if lt IE 9]><script>document.createElement('video');<\/script><![endif]-->\n<video class=\"wp-video-shortcode\" id=\"video-9116-1\" width=\"640\" height=\"360\" preload=\"metadata\" controls=\"controls\"><source type=\"video\/mp4\" src=\"\/spots\/hir\/hir_180524_03.mp4?_=1\" \/><a href=\"\/spots\/hir\/hir_180524_03.mp4\">\/spots\/hir\/hir_180524_03.mp4<\/a><\/video><\/div><\/p>\n","protected":false},"excerpt":{"rendered":"<p>A d\u00edsz\u0151rs\u00e9g tagjai foglalj\u00e1k el hely\u00fcket Ittebei Kiss J\u00f3zsef eml\u00e9km\u0171ve mellett. A helikopter b\u00e1zis n\u00e9vad\u00f3ja az I. vil\u00e1gh\u00e1bor\u00fa legeredm\u00e9nyesebb magyar pil\u00f3t\u00e1ja volt 19 igazolt l\u00e9gigy\u0151zelemmel. Eredm\u00e9nyeit \u00e9s helyt\u00e1ll\u00e1s\u00e1t a K\u00e1roly Csapatkereszttel, valamint t\u00f6bbsz\u00f6r az arany, ez\u00fcst \u00e9s bronz vit\u00e9zs\u00e9gi \u00e9remmel ismert\u00e9k el. A hadnagy k\u00e9t t\u00e1rs\u00e1val 1918. m\u00e1jus 24-\u00e9n indult utols\u00f3 bevet\u00e9s\u00e9re, ahol az elh\u00faz\u00f3d\u00f3 [&hellip;]<\/p>\n","protected":false},"author":2,"featured_media":0,"comment_status":"closed","ping_status":"closed","sticky":false,"template":"","format":"standard","meta":[],"categories":[9],"tags":[],"_links":{"self":[{"href":"http:\/\/archiv.szolnoktv.hu\/index.php?rest_route=\/wp\/v2\/posts\/9116"}],"collection":[{"href":"http:\/\/archiv.szolnoktv.hu\/index.php?rest_route=\/wp\/v2\/posts"}],"about":[{"href":"http:\/\/archiv.szolnoktv.hu\/index.php?rest_route=\/wp\/v2\/types\/post"}],"author":[{"embeddable":true,"href":"http:\/\/archiv.szolnoktv.hu\/index.php?rest_route=\/wp\/v2\/users\/2"}],"replies":[{"embeddable":true,"href":"http:\/\/archiv.szolnoktv.hu\/index.php?rest_route=%2Fwp%2Fv2%2Fcomments&post=9116"}],"version-history":[{"count":1,"href":"http:\/\/archiv.szolnoktv.hu\/index.php?rest_route=\/wp\/v2\/posts\/9116\/revisions"}],"predecessor-version":[{"id":9219,"href":"http:\/\/archiv.szolnoktv.hu\/index.php?rest_route=\/wp\/v2\/posts\/9116\/revisions\/9219"}],"wp:attachment":[{"href":"http:\/\/archiv.szolnoktv.hu\/index.php?rest_route=%2Fwp%2Fv2%2Fmedia&parent=9116"}],"wp:term":[{"taxonomy":"category","embeddable":true,"href":"http:\/\/archiv.szolnoktv.hu\/index.php?rest_route=%2Fwp%2Fv2%2Fcategories&post=9116"},{"taxonomy":"post_tag","embeddable":true,"href":"http:\/\/archiv.szolnoktv.hu\/index.php?rest_route=%2Fwp%2Fv2%2Ftags&post=9116"}],"curies":[{"name":"wp","href":"https:\/\/api.w.org\/{rel}","templated":true}]}}