{"id":9115,"date":"2018-05-24T18:52:27","date_gmt":"2018-05-24T18:52:27","guid":{"rendered":"http:\/\/archiv.szolnoktv.hu\/?p=9115"},"modified":"2021-08-14T14:19:02","modified_gmt":"2021-08-14T14:19:02","slug":"jointisza-konferencia-szolnokon","status":"publish","type":"post","link":"http:\/\/archiv.szolnoktv.hu\/?p=9115","title":{"rendered":"JOINTISZA konferencia Szolnokon"},"content":{"rendered":"<div class='booster-block booster-read-block'><\/div><p>M\u00e1sodik alkalommal tal\u00e1lkoztak Szolnokon a Tisza v\u00edzgy\u0171jt\u0151ter\u00fclete \u00e1ltal \u00e9rintett orsz\u00e1gok- \u00edgy Magyarorsz\u00e1g mellett Szlov\u00e1kia, Ukrajna, Rom\u00e1nia \u00e9s Szerbia v\u00edz\u00fcgyes szakemberei. A JOINTISZA Projekt r\u00e9sztvev\u0151i a P\u00e1rizsi Kl\u00edmaegyezm\u00e9ny ir\u00e1nymutat\u00e1saihoz m\u00e9rten pr\u00f3b\u00e1lnak strat\u00e9gi\u00e1t kidolgozni. A P\u00e1rizsban megfogalmazott ir\u00e1nyelv szerint a gazdas\u00e1got \u00e9s a lakoss\u00e1got \u00e9rint\u0151 int\u00e9zked\u00e9sekkel  2 celsius fok alatt kell tartani az \u00e1tlagh\u0151m\u00e9rs\u00e9klet emelked\u00e9s\u00e9t.<\/p>\n<p>&#8220;Amennyiben az \u00e9rdekelt orsz\u00e1gok nem tartj\u00e1k be a P\u00e1rizsi Egyezm\u00e9nyt, akkor bizony nagyon komoly negat\u00edv k\u00f6vetkezm\u00e9nyek vannak amiben p\u00e9ld\u00e1ul a mi ter\u00fclet\u00fcnk\u00f6n a Tisza v\u00f6lgy\u00e9ben, a K\u00f6z\u00e9p- Tisza Vid\u00e9ken jelent\u0151sebb \u00e1rhull\u00e1mok \u00e9rkezhetnek mert n\u00f6vekszik a t\u00e9li id\u0151szakban a csapad\u00e9k, ugyanakkor sz\u00e9ls\u0151s\u00e9ges negat\u00edv hat\u00e1sok l\u00e9phetnek fel a ny\u00e1ri id\u0151szakban- a veget\u00e1ci\u00f3s id\u0151szakban amikor komoly asz\u00e1ly id\u0151szak j\u00f6het l\u00e9tre.&#8221;- emelte ki el\u0151ad\u00e1s\u00e1ban  Dr. Feh\u00e9r J\u00e1nos r\u00e9gi\u00f3s a Global Water Partnership r\u00e9gi\u00f3s szak\u00e9rt\u0151je.<\/p>\n<p>Az Eur\u00f3pai Uni\u00f3 \u00e1ltal k\u00f6telez\u0151v\u00e9 tett imm\u00e1r m\u00e1sodik v\u00edzgy\u0171jt\u0151gazd\u00e1lkod\u00e1si terv kidolgoz\u00e1s\u00e1hoz a nagykuns\u00e1gi \u00f6nt\u00f6z\u0151csatornarendszer szolg\u00e1l modellk\u00e9nt. A szakemberek ezen kereszt\u00fcl igyekeznek modellezni a Tisza v\u00edzgy\u0171jt\u0151ter\u00fclet\u00e9n v\u00e1rhat\u00f3 v\u00e1ltoz\u00e1sokat \u00e9s azok hat\u00e1sait. <\/p>\n<div style=\"width: 640px;\" class=\"wp-video\"><!--[if lt IE 9]><script>document.createElement('video');<\/script><![endif]-->\n<video class=\"wp-video-shortcode\" id=\"video-9115-1\" width=\"640\" height=\"360\" preload=\"metadata\" controls=\"controls\"><source type=\"video\/mp4\" src=\"\/spots\/hir\/hir_180524_06.mp4?_=1\" \/><a href=\"\/spots\/hir\/hir_180524_06.mp4\">\/spots\/hir\/hir_180524_06.mp4<\/a><\/video><\/div>\n","protected":false},"excerpt":{"rendered":"<p>M\u00e1sodik alkalommal tal\u00e1lkoztak Szolnokon a Tisza v\u00edzgy\u0171jt\u0151ter\u00fclete \u00e1ltal \u00e9rintett orsz\u00e1gok- \u00edgy Magyarorsz\u00e1g mellett Szlov\u00e1kia, Ukrajna, Rom\u00e1nia \u00e9s Szerbia v\u00edz\u00fcgyes szakemberei. A JOINTISZA Projekt r\u00e9sztvev\u0151i a P\u00e1rizsi Kl\u00edmaegyezm\u00e9ny ir\u00e1nymutat\u00e1saihoz m\u00e9rten pr\u00f3b\u00e1lnak strat\u00e9gi\u00e1t kidolgozni. A P\u00e1rizsban megfogalmazott ir\u00e1nyelv szerint a gazdas\u00e1got \u00e9s a lakoss\u00e1got \u00e9rint\u0151 int\u00e9zked\u00e9sekkel 2 celsius fok alatt kell tartani az \u00e1tlagh\u0151m\u00e9rs\u00e9klet emelked\u00e9s\u00e9t. &#8220;Amennyiben az [&hellip;]<\/p>\n","protected":false},"author":2,"featured_media":0,"comment_status":"closed","ping_status":"closed","sticky":false,"template":"","format":"standard","meta":[],"categories":[9],"tags":[],"_links":{"self":[{"href":"http:\/\/archiv.szolnoktv.hu\/index.php?rest_route=\/wp\/v2\/posts\/9115"}],"collection":[{"href":"http:\/\/archiv.szolnoktv.hu\/index.php?rest_route=\/wp\/v2\/posts"}],"about":[{"href":"http:\/\/archiv.szolnoktv.hu\/index.php?rest_route=\/wp\/v2\/types\/post"}],"author":[{"embeddable":true,"href":"http:\/\/archiv.szolnoktv.hu\/index.php?rest_route=\/wp\/v2\/users\/2"}],"replies":[{"embeddable":true,"href":"http:\/\/archiv.szolnoktv.hu\/index.php?rest_route=%2Fwp%2Fv2%2Fcomments&post=9115"}],"version-history":[{"count":1,"href":"http:\/\/archiv.szolnoktv.hu\/index.php?rest_route=\/wp\/v2\/posts\/9115\/revisions"}],"predecessor-version":[{"id":9220,"href":"http:\/\/archiv.szolnoktv.hu\/index.php?rest_route=\/wp\/v2\/posts\/9115\/revisions\/9220"}],"wp:attachment":[{"href":"http:\/\/archiv.szolnoktv.hu\/index.php?rest_route=%2Fwp%2Fv2%2Fmedia&parent=9115"}],"wp:term":[{"taxonomy":"category","embeddable":true,"href":"http:\/\/archiv.szolnoktv.hu\/index.php?rest_route=%2Fwp%2Fv2%2Fcategories&post=9115"},{"taxonomy":"post_tag","embeddable":true,"href":"http:\/\/archiv.szolnoktv.hu\/index.php?rest_route=%2Fwp%2Fv2%2Ftags&post=9115"}],"curies":[{"name":"wp","href":"https:\/\/api.w.org\/{rel}","templated":true}]}}