{"id":9114,"date":"2018-05-24T18:51:46","date_gmt":"2018-05-24T18:51:46","guid":{"rendered":"http:\/\/archiv.szolnoktv.hu\/?p=9114"},"modified":"2021-08-14T14:19:02","modified_gmt":"2021-08-14T14:19:02","slug":"megnyilt-az-utak-cimu-kiallitas","status":"publish","type":"post","link":"http:\/\/archiv.szolnoktv.hu\/?p=9114","title":{"rendered":"Megny\u00edlt az -UTAK&#8221; c\u00edm\u0171 ki\u00e1ll\u00edt\u00e1s"},"content":{"rendered":"<div class='booster-block booster-read-block'><\/div><p>A L\u00e9gier\u0151 Zenekar el\u0151ad\u00e1sa vezette fel a -Magyar Honv\u00e9delem Napja&#8221; alkalm\u00e1b\u00f3l ny\u00edlt -UTAK&#8221; n\u00e9vre keresztelt t\u00e1rlatot. A k\u00e9t r\u00e9szb\u0151l \u00e1ll\u00f3 ki\u00e1ll\u00edt\u00e1s 22 festm\u00e9ny\u00e9t Kurencs Julianna k\u00e9sz\u00edtette, melyek t\u00f6bbs\u00e9ge akvarell technik\u00e1val k\u00e9sz\u00fclt. Az alkot\u00f3 27 \u00e9ve foglalkozik fest\u00e9szettel, amit alkot\u00f3t\u00e1borokban saj\u00e1t\u00edtott el. <\/p>\n<p>-1991 \u00f3ta foglalkozom fest\u00e9szettel \u00e9s nem abbahagyhat\u00f3 dolog. Mindig izgat, hogy hogyan lehet megcsin\u00e1lni, hogy lehet kifejezni. Ez bel\u00fclr\u0151l j\u00f6n \u00e9s nem tudok neki g\u00e1tat vetni, ezt csin\u00e1lni kell.&#8221;-mondta Kurencs Julianna.<\/p>\n<p>K\u00fcl\u00f6nb\u00f6z\u0151 m\u00e9ret\u0171, form\u00e1j\u00fa \u00e9s megmunk\u00e1l\u00e1s\u00fa botok alkotj\u00e1k az -UTAK&#8221; ki\u00e1ll\u00edt\u00e1s m\u00e1sik r\u00e9sz\u00e9t. Mind a 21 bothoz m\u00e1s t\u00f6rt\u00e9net kapcsol\u00f3dik, hiszen az alkot\u00f3 barangol\u00e1si sor\u00e1n tal\u00e1lta m\u0171veinek alapj\u00e1t. Csernai Istv\u00e1n 2010 \u00f3ta foglalkozok egyedi t\u00farabotok k\u00e9sz\u00edt\u00e9s\u00e9vel. <\/p>\n<p>-\u00c9vekig turist\u00e1skodtam. Nagyon intenz\u00edven teljes\u00edtm\u00e9ny t\u00far\u00e1ztam \u00e9s szerettem bottal j\u00e1rni, mert az seg\u00edt a neh\u00e9zs\u00e9geken. Volt egy csehszlov\u00e1k tal\u00e1lt s\u00edfut\u00f3botom: 150 centis, elkopott a hegye. J\u00f6tt a gondolat, hogy csin\u00e1lok magamnak.&#8221;- mes\u00e9lte Csernai Istv\u00e1n.<\/p>\n<p>-Azt hiszem, hogy a jelenl\u00e9v\u0151k, kiv\u00e9tel n\u00e9lk\u00fcl mind j\u00f3l ismerik ezt a kedves p\u00e1rt, akik itt \u00e1llnak. Akik az \u00e9letben is p\u00e1rt alkotnak \u00e9s a munk\u00e1ban is p\u00e1rt alkotnak. Ez \u00edgy van a lehet\u0151 legjobban, ahogy lehet.&#8221;- mondta Verebes Gy\u00f6rgy a Szolnoki M\u0171v\u00e9sztelep vezet\u0151je.<\/p>\n<p>A t\u00e1rlatot Verebes Gy\u00f6rgy a Szolnoki M\u0171v\u00e9sztelep vezet\u0151je nyitotta meg. A Munk\u00e1csy d\u00edjas fest\u0151m\u0171v\u00e9sz kiemelte, hogy a festm\u00e9nyekb\u0151l \u00e9s a t\u00farabotokb\u00f3l berendezett ki\u00e1ll\u00edt\u00e1s k\u00fcl\u00f6n, illetve egy\u00fctt is \u00e9rtelmezhet\u0151. Az alkot\u00f3k eddig megtett k\u00f6z\u00f6s \u00fatj\u00e1t bemutat\u00f3 t\u00e1rlat j\u00fanius 10-ig v\u00e1rja az \u00e9rdekl\u0151d\u0151ket a Hild Viktor K\u00f6nyvt\u00e1rban.<\/p>\n<div style=\"width: 640px;\" class=\"wp-video\"><!--[if lt IE 9]><script>document.createElement('video');<\/script><![endif]-->\n<video class=\"wp-video-shortcode\" id=\"video-9114-1\" width=\"640\" height=\"360\" preload=\"metadata\" controls=\"controls\"><source type=\"video\/mp4\" src=\"\/spots\/hir\/hir_180524_02.mp4?_=1\" \/><a href=\"\/spots\/hir\/hir_180524_02.mp4\">\/spots\/hir\/hir_180524_02.mp4<\/a><\/video><\/div>\n","protected":false},"excerpt":{"rendered":"<p>A L\u00e9gier\u0151 Zenekar el\u0151ad\u00e1sa vezette fel a -Magyar Honv\u00e9delem Napja&#8221; alkalm\u00e1b\u00f3l ny\u00edlt -UTAK&#8221; n\u00e9vre keresztelt t\u00e1rlatot. A k\u00e9t r\u00e9szb\u0151l \u00e1ll\u00f3 ki\u00e1ll\u00edt\u00e1s 22 festm\u00e9ny\u00e9t Kurencs Julianna k\u00e9sz\u00edtette, melyek t\u00f6bbs\u00e9ge akvarell technik\u00e1val k\u00e9sz\u00fclt. Az alkot\u00f3 27 \u00e9ve foglalkozik fest\u00e9szettel, amit alkot\u00f3t\u00e1borokban saj\u00e1t\u00edtott el. -1991 \u00f3ta foglalkozom fest\u00e9szettel \u00e9s nem abbahagyhat\u00f3 dolog. Mindig izgat, hogy hogyan lehet megcsin\u00e1lni, [&hellip;]<\/p>\n","protected":false},"author":2,"featured_media":0,"comment_status":"closed","ping_status":"closed","sticky":false,"template":"","format":"standard","meta":[],"categories":[9],"tags":[],"_links":{"self":[{"href":"http:\/\/archiv.szolnoktv.hu\/index.php?rest_route=\/wp\/v2\/posts\/9114"}],"collection":[{"href":"http:\/\/archiv.szolnoktv.hu\/index.php?rest_route=\/wp\/v2\/posts"}],"about":[{"href":"http:\/\/archiv.szolnoktv.hu\/index.php?rest_route=\/wp\/v2\/types\/post"}],"author":[{"embeddable":true,"href":"http:\/\/archiv.szolnoktv.hu\/index.php?rest_route=\/wp\/v2\/users\/2"}],"replies":[{"embeddable":true,"href":"http:\/\/archiv.szolnoktv.hu\/index.php?rest_route=%2Fwp%2Fv2%2Fcomments&post=9114"}],"version-history":[{"count":1,"href":"http:\/\/archiv.szolnoktv.hu\/index.php?rest_route=\/wp\/v2\/posts\/9114\/revisions"}],"predecessor-version":[{"id":9221,"href":"http:\/\/archiv.szolnoktv.hu\/index.php?rest_route=\/wp\/v2\/posts\/9114\/revisions\/9221"}],"wp:attachment":[{"href":"http:\/\/archiv.szolnoktv.hu\/index.php?rest_route=%2Fwp%2Fv2%2Fmedia&parent=9114"}],"wp:term":[{"taxonomy":"category","embeddable":true,"href":"http:\/\/archiv.szolnoktv.hu\/index.php?rest_route=%2Fwp%2Fv2%2Fcategories&post=9114"},{"taxonomy":"post_tag","embeddable":true,"href":"http:\/\/archiv.szolnoktv.hu\/index.php?rest_route=%2Fwp%2Fv2%2Ftags&post=9114"}],"curies":[{"name":"wp","href":"https:\/\/api.w.org\/{rel}","templated":true}]}}