{"id":9112,"date":"2018-05-24T18:43:43","date_gmt":"2018-05-24T18:43:43","guid":{"rendered":"http:\/\/archiv.szolnoktv.hu\/?p=9112"},"modified":"2021-08-14T14:19:02","modified_gmt":"2021-08-14T14:19:02","slug":"muzeumi-sajtotajekoztato","status":"publish","type":"post","link":"http:\/\/archiv.szolnoktv.hu\/?p=9112","title":{"rendered":"M\u00fazeumi sajt\u00f3t\u00e1j\u00e9koztat\u00f3"},"content":{"rendered":"<div class='booster-block booster-read-block'><\/div><p>Imm\u00e1r harmadik alkalommal csatlakozik id\u00e9n a R\u00e9g\u00e9szet Napj\u00e1hoz a Damjanich J\u00e1nos M\u00fazeum. A szombati program nyit\u00e1nyak\u00e9nt st\u00edlusosan egy folyamatban l\u00e9v\u0151 \u00e1sat\u00e1st l\u00e1togathatnak meg az \u00e9rdekl\u0151d\u0151k, mondta Dr. T\u00e1rnoki Judit r\u00e9g\u00e9sz.<\/p>\n<p>&#8220;Kert\u00e9sz R\u00f3bert r\u00e9g\u00e9sz koll\u00e9ga fogja bemutatni a helysz\u00ednen a jelenleg is zajl\u00f3 szolnoki v\u00e1r \u00e1sat\u00e1sokat, a helysz\u00edn az pedig ugye a M\u0171v\u00e9sztelep kertje.&#8221;<\/p>\n<p>Ezt k\u00f6vet\u0151en ingyenes t\u00e1rlatvezet\u00e9s, t\u00e1rgysimogat\u00f3 v\u00e1rja az \u00e9rkez\u0151ket a m\u00fazeumban. Az int\u00e9zm\u00e9ny udvar\u00e1n hagyom\u00e1ny\u0151rz\u0151k bemutat\u00f3ja sz\u00ednes\u00edti a programot. Az idei \u00e9v k\u00e9t fontos helyi r\u00e9g\u00e9szeti szenz\u00e1ci\u00f3j\u00e1r\u00f3l hallhatnak r\u00e9szleteket akik be\u00fclnek Polg\u00e1r Zolt\u00e1n el\u0151ad\u00e1s\u00e1ra. A nap kiemelt l\u00e1tnival\u00f3ja a J\u00e1szf\u00e9nyszarun el\u0151ker\u00fclt ez\u00fcstp\u00e9nz lelet eddig restaur\u00e1lt darabjait tartalmaz\u00f3 t\u00e1rl\u00f3 lesz a m\u00fazeum f\u00f6ldszintj\u00e9n. .. A sajt\u00f3t\u00e1j\u00e9koztat\u00f3n egy k\u00e9sz\u00fcl\u0151 ki\u00e1ll\u00edt\u00e1sr\u00f3l is sz\u00f3 esett. J\u00fanius 8- \u00e1t\u00f3l tekinthet\u0151 meg a Damjanich M\u00fazeum id\u0151szaki ki\u00e1ll\u00edt\u00f3term\u00e9ben az az avar kort reprezent\u00e1l\u00f3 leletanyag, ami a maga nem\u00e9ben egyed\u00fcl\u00e1ll\u00f3 mer\u00edt\u00e9st \u00edg\u00e9r a VI- VII. t\u00e1rgyi kult\u00far\u00e1j\u00e1b\u00f3l.   <\/p>\n<p>&#8220;Region\u00e1lis ki\u00e1ll\u00edt\u00e1s ami ter\u00fcletet \u00f6lel fel, mondjuk p\u00e9ld\u00e1ul a K\u00f6z\u00e9p- Tisza Vid\u00e9ket ami nagyj\u00e1b\u00f3l eg\u00e9sz\u00e9ben ugye a tokaji hegyekt\u0151l terjed mondjuk Szentesig- ilyen ki\u00e1ll\u00edt\u00e1s nincs.&#8221;- eml\u00e9keztetett Dr. Madaras L\u00e1szl\u00f3 r\u00e9g\u00e9sz.<\/p>\n<p>A ki\u00e1ll\u00edt\u00e1s tal\u00e1n legl\u00e1tv\u00e1nyosabb darabj\u00e1n m\u00e1r k\u00e9t hete dolgoznak. A k\u00f6z\u00f6s s\u00edrba temetett p\u00e1r testhelyzete a t\u00falvil\u00e1gi egy\u00fcttl\u00e9t szinon\u00edm\u00e1ja, ami ebben a form\u00e1ban m\u00e9g nem szerepelt a k\u00f6z\u00f6ns\u00e9g el\u0151tt&#8230; A sajt\u00f3t\u00e1j\u00e9koztat\u00f3n sz\u00f3 esett a Szolnoki Gal\u00e9ri\u00e1ban jelenleg l\u00e1that\u00f3- a paraszti \u00fajrahasznos\u00edt\u00e1s remekeit bemutat\u00f3 ki\u00e1ll\u00edt\u00e1sra \u00e9p\u00fcl\u0151 gyermekprogramokr\u00f3l is. A korszakok \u00f6sszekapcsol\u00e1sa rendhagy\u00f3 m\u00fazeumpedag\u00f3giai k\u00eds\u00e9rlet, aminek hamarosan mindenki r\u00e9szese lehet.<\/p>\n<div style=\"width: 640px;\" class=\"wp-video\"><!--[if lt IE 9]><script>document.createElement('video');<\/script><![endif]-->\n<video class=\"wp-video-shortcode\" id=\"video-9112-1\" width=\"640\" height=\"360\" preload=\"metadata\" controls=\"controls\"><source type=\"video\/mp4\" src=\"\/spots\/hir\/hir_180524_05.mp4?_=1\" \/><a href=\"\/spots\/hir\/hir_180524_05.mp4\">\/spots\/hir\/hir_180524_05.mp4<\/a><\/video><\/div>\n","protected":false},"excerpt":{"rendered":"<p>Imm\u00e1r harmadik alkalommal csatlakozik id\u00e9n a R\u00e9g\u00e9szet Napj\u00e1hoz a Damjanich J\u00e1nos M\u00fazeum. A szombati program nyit\u00e1nyak\u00e9nt st\u00edlusosan egy folyamatban l\u00e9v\u0151 \u00e1sat\u00e1st l\u00e1togathatnak meg az \u00e9rdekl\u0151d\u0151k, mondta Dr. T\u00e1rnoki Judit r\u00e9g\u00e9sz. &#8220;Kert\u00e9sz R\u00f3bert r\u00e9g\u00e9sz koll\u00e9ga fogja bemutatni a helysz\u00ednen a jelenleg is zajl\u00f3 szolnoki v\u00e1r \u00e1sat\u00e1sokat, a helysz\u00edn az pedig ugye a M\u0171v\u00e9sztelep kertje.&#8221; Ezt k\u00f6vet\u0151en [&hellip;]<\/p>\n","protected":false},"author":2,"featured_media":0,"comment_status":"closed","ping_status":"closed","sticky":false,"template":"","format":"standard","meta":[],"categories":[9],"tags":[],"_links":{"self":[{"href":"http:\/\/archiv.szolnoktv.hu\/index.php?rest_route=\/wp\/v2\/posts\/9112"}],"collection":[{"href":"http:\/\/archiv.szolnoktv.hu\/index.php?rest_route=\/wp\/v2\/posts"}],"about":[{"href":"http:\/\/archiv.szolnoktv.hu\/index.php?rest_route=\/wp\/v2\/types\/post"}],"author":[{"embeddable":true,"href":"http:\/\/archiv.szolnoktv.hu\/index.php?rest_route=\/wp\/v2\/users\/2"}],"replies":[{"embeddable":true,"href":"http:\/\/archiv.szolnoktv.hu\/index.php?rest_route=%2Fwp%2Fv2%2Fcomments&post=9112"}],"version-history":[{"count":1,"href":"http:\/\/archiv.szolnoktv.hu\/index.php?rest_route=\/wp\/v2\/posts\/9112\/revisions"}],"predecessor-version":[{"id":9223,"href":"http:\/\/archiv.szolnoktv.hu\/index.php?rest_route=\/wp\/v2\/posts\/9112\/revisions\/9223"}],"wp:attachment":[{"href":"http:\/\/archiv.szolnoktv.hu\/index.php?rest_route=%2Fwp%2Fv2%2Fmedia&parent=9112"}],"wp:term":[{"taxonomy":"category","embeddable":true,"href":"http:\/\/archiv.szolnoktv.hu\/index.php?rest_route=%2Fwp%2Fv2%2Fcategories&post=9112"},{"taxonomy":"post_tag","embeddable":true,"href":"http:\/\/archiv.szolnoktv.hu\/index.php?rest_route=%2Fwp%2Fv2%2Ftags&post=9112"}],"curies":[{"name":"wp","href":"https:\/\/api.w.org\/{rel}","templated":true}]}}