{"id":9111,"date":"2018-05-23T18:04:53","date_gmt":"2018-05-23T18:04:53","guid":{"rendered":"http:\/\/archiv.szolnoktv.hu\/?p=9111"},"modified":"2021-08-14T14:19:02","modified_gmt":"2021-08-14T14:19:02","slug":"idosugyi-tanacs-nyilt-ules","status":"publish","type":"post","link":"http:\/\/archiv.szolnoktv.hu\/?p=9111","title":{"rendered":"Id\u0151s\u00fcgyi Tan\u00e1cs ny\u00edlt \u00fcl\u00e9s"},"content":{"rendered":"<div class='booster-block booster-read-block'><\/div><p>Ny\u00edl\u00e1sz\u00e1r\u00f3k cser\u00e9je, f\u0171t\u00e9s korszer\u0171s\u00edt\u00e9s, k\u00fcls\u0151 h\u0151szigetel\u00e9s. Ezek a rekonstrukci\u00f3k val\u00f3sultak meg a febru\u00e1rban \u00e1tadott M\u00f3ra \u00fati rendel\u0151ben. Az \u00e9p\u00fclet 210 milli\u00f3 forintb\u00f3l kapott \u00faj arculatot k\u00edv\u00fcl \u00e9s bel\u00fcl. A fejleszt\u00e9sek sora Szolnokon id\u00e9n is folytat\u00f3dik. Ez m\u00e1r a H\u0151s\u00f6k tere, melynek fel\u00faj\u00edt\u00e1s a v\u00e1rosi z\u00f6ldter\u00fcletek rehabilit\u00e1ci\u00f3s program keret\u00e9ben kezd\u0151dik meg. <\/p>\n<p>-Folytatjuk a belv\u00e1ros rehabilit\u00e1ci\u00f3j\u00e1t, ami legut\u00f3bb az Ag\u00f3ra \u00e9p\u00edt\u00e9ssel volt \u00e9rtelmezhet\u0151. Most j\u00f6v\u00fcnk id\u00e9bb a Pelik\u00e1n Sz\u00e1ll\u00f3 m\u00e1sik oldal\u00e1ra \u00e9s ezt a ter\u00fcltet fogjuk fel\u00faj\u00edtani majdnem teljes m\u00e9rt\u00e9kben. Egy ter\u00fcletet nem tudunk hozz\u00e1 kapcsolni. Ez a nagy sz\u00fcrke h\u00e1z melletti \u00fcres ter\u00fclet.&#8221;-mondta Szalay Ferenc polg\u00e1rmester.<\/p>\n<p>A mintegy 50 p\u00e1ly\u00e1zat kivitelez\u00e9s\u00e9nek \u00f6sszege meghaladja a 35 milli\u00e1rd forintot. A Modern V\u00e1rosok Program r\u00e9szek\u00e9nt a Tiszaligeti F\u00fcrd\u0151 fejleszt\u00e9se is megkezd\u0151dik, melynek tervezett nett\u00f3 k\u00f6lts\u00e9ge 5,5 milli\u00e1rd forint. A korszer\u0171s\u00edt\u00e9s c\u00e9lja a l\u00e1togat\u00f3k tart\u00f3zkod\u00e1si idej\u00e9nek meghosszabb\u00edt\u00e1sa, a turist\u00e1k sz\u00e1m\u00e1nak n\u00f6vel\u00e9se, illetve fedett f\u00fcrd\u0151 kialak\u00edt\u00e1sa.<\/p>\n<p>-2021-re ennek teljesen k\u00e9sz kell lenni. Sok k\u00e9rd\u00e9s van, hogy hol lehet majd \u00faszni, amikor a f\u00fcrd\u0151 fejleszt\u00e9s majd t\u00f6rt\u00e9nik. \u00dagy tervezz\u00fck, hogy a V\u00e9s\u0151 \u00fati fejleszt\u00e9s, akkorra k\u00e9sz\u00fcl el, amikor a Tiszaligetben nem tudunk biztos\u00edtani strandszolg\u00e1ltat\u00e1st ny\u00e1rra. Az \u00fasz\u00f3knak feltudjuk aj\u00e1nlani: a hadsereg 33 m\u00e9teres medenc\u00e9j\u00e9t Szandasz\u0151l\u0151s\u00f6n, a Kod\u00e1ly tanuszoda, illetve a v\u00edzilabda ar\u00e9na fog rendelkez\u00e9sre \u00e1llni.&#8221;-tette hozz\u00e1 Szalay Ferenc.<\/p>\n<p>Az Id\u0151s\u00fcgyi Tan\u00e1cs tagjait arr\u00f3l is t\u00e1j\u00e9koztatta a polg\u00e1rmester, hogy a  j\u00f6v\u0151ben annak a ker\u00e9kp\u00e1r \u00e9s gyalog\u00fatnak az \u00e9p\u00edt\u00e9se is elkezd\u0151dik, amely az Ipari parkot k\u00f6ti \u00f6ssze a belv\u00e1rossal. Ez k\u00f6zel 3000 embernek ny\u00fajt majd seg\u00edts\u00e9get. A ker\u00e9kp\u00e1r\u00fat \u00e9p\u00edt\u00e9s a Het\u00e9nyi G\u00e9za K\u00f3rh\u00e1z \u00e9s a v\u00e1ros k\u00f6z\u00f6tti szakaszon megkezd\u0151dik, hangs\u00falyozta az Id\u0151s\u00fcgyi Tan\u00e1cs \u00fcl\u00e9s\u00e9n Szalay Ferenc.<\/p>\n<div style=\"width: 640px;\" class=\"wp-video\"><!--[if lt IE 9]><script>document.createElement('video');<\/script><![endif]-->\n<video class=\"wp-video-shortcode\" id=\"video-9111-1\" width=\"640\" height=\"360\" preload=\"metadata\" controls=\"controls\"><source type=\"video\/mp4\" src=\"\/spots\/hir\/hir_180523_05.mp4?_=1\" \/><a href=\"\/spots\/hir\/hir_180523_05.mp4\">\/spots\/hir\/hir_180523_05.mp4<\/a><\/video><\/div>\n","protected":false},"excerpt":{"rendered":"<p>Ny\u00edl\u00e1sz\u00e1r\u00f3k cser\u00e9je, f\u0171t\u00e9s korszer\u0171s\u00edt\u00e9s, k\u00fcls\u0151 h\u0151szigetel\u00e9s. Ezek a rekonstrukci\u00f3k val\u00f3sultak meg a febru\u00e1rban \u00e1tadott M\u00f3ra \u00fati rendel\u0151ben. Az \u00e9p\u00fclet 210 milli\u00f3 forintb\u00f3l kapott \u00faj arculatot k\u00edv\u00fcl \u00e9s bel\u00fcl. A fejleszt\u00e9sek sora Szolnokon id\u00e9n is folytat\u00f3dik. Ez m\u00e1r a H\u0151s\u00f6k tere, melynek fel\u00faj\u00edt\u00e1s a v\u00e1rosi z\u00f6ldter\u00fcletek rehabilit\u00e1ci\u00f3s program keret\u00e9ben kezd\u0151dik meg. -Folytatjuk a belv\u00e1ros rehabilit\u00e1ci\u00f3j\u00e1t, ami [&hellip;]<\/p>\n","protected":false},"author":2,"featured_media":0,"comment_status":"closed","ping_status":"closed","sticky":false,"template":"","format":"standard","meta":[],"categories":[9],"tags":[],"_links":{"self":[{"href":"http:\/\/archiv.szolnoktv.hu\/index.php?rest_route=\/wp\/v2\/posts\/9111"}],"collection":[{"href":"http:\/\/archiv.szolnoktv.hu\/index.php?rest_route=\/wp\/v2\/posts"}],"about":[{"href":"http:\/\/archiv.szolnoktv.hu\/index.php?rest_route=\/wp\/v2\/types\/post"}],"author":[{"embeddable":true,"href":"http:\/\/archiv.szolnoktv.hu\/index.php?rest_route=\/wp\/v2\/users\/2"}],"replies":[{"embeddable":true,"href":"http:\/\/archiv.szolnoktv.hu\/index.php?rest_route=%2Fwp%2Fv2%2Fcomments&post=9111"}],"version-history":[{"count":1,"href":"http:\/\/archiv.szolnoktv.hu\/index.php?rest_route=\/wp\/v2\/posts\/9111\/revisions"}],"predecessor-version":[{"id":9224,"href":"http:\/\/archiv.szolnoktv.hu\/index.php?rest_route=\/wp\/v2\/posts\/9111\/revisions\/9224"}],"wp:attachment":[{"href":"http:\/\/archiv.szolnoktv.hu\/index.php?rest_route=%2Fwp%2Fv2%2Fmedia&parent=9111"}],"wp:term":[{"taxonomy":"category","embeddable":true,"href":"http:\/\/archiv.szolnoktv.hu\/index.php?rest_route=%2Fwp%2Fv2%2Fcategories&post=9111"},{"taxonomy":"post_tag","embeddable":true,"href":"http:\/\/archiv.szolnoktv.hu\/index.php?rest_route=%2Fwp%2Fv2%2Ftags&post=9111"}],"curies":[{"name":"wp","href":"https:\/\/api.w.org\/{rel}","templated":true}]}}