{"id":9110,"date":"2018-05-23T18:00:59","date_gmt":"2018-05-23T18:00:59","guid":{"rendered":"http:\/\/archiv.szolnoktv.hu\/?p=9110"},"modified":"2021-08-14T14:19:02","modified_gmt":"2021-08-14T14:19:02","slug":"mar-interneten-is-kovetheto-a-halak-vonulasa-a-kiskorei-hallepcsoben","status":"publish","type":"post","link":"http:\/\/archiv.szolnoktv.hu\/?p=9110","title":{"rendered":"M\u00e1r interneten is k\u00f6vethet\u0151 a halak vonul\u00e1sa a kisk\u00f6rei hall\u00e9pcs\u0151ben"},"content":{"rendered":"<div class='booster-block booster-read-block'><\/div><p>Csobogva halad \u00e1t a Tisza-t\u00f3 vize a kisk\u00f6rei hall\u00e9pcs\u0151 z\u00fag\u00f3in. A n\u00e9gy \u00e9ve \u00e1tadott \u00e9p\u00edtm\u00e9ny K\u00f6z\u00e9p-Eur\u00f3p\u00e1ban egyed\u00fcl\u00e1ll\u00f3nak sz\u00e1m\u00edt, m\u00e1r csak az\u00e9rt is, mert amellett, hogy jelent\u0151s \u00f6kol\u00f3giai szerepet t\u00f6lt be a halak v\u00e1ndorl\u00e1s\u00e1ban, egy \u00fcvegablakon kereszt\u00fcl az \u00e9rdekl\u0151d\u0151k a v\u00edz al\u00e1 is bepillanthatnak. <\/p>\n<p>Az ablak eddig is n\u00e9pszer\u0171 turistal\u00e1tv\u00e1nyoss\u00e1gnak sz\u00e1m\u00edtott, \u00e9vente t\u00f6bb ezren kerest\u00e9k fel. A szolg\u00e1ltat\u00e1sok palett\u00e1ja most tov\u00e1bb b\u0151v\u00fclt, ugyanis mintegy 1 h\u00f3napja, a Halv\u00e1ndorl\u00e1si Vil\u00e1gnaphoz k\u00f6t\u0151d\u0151en az \u00fcveggel szemben egy webkamer\u00e1t \u00e1ll\u00edtottak fel, amely folyamatosan, \u00e9l\u0151ben k\u00f6zvet\u00edti a hall\u00e9pcs\u0151 v\u00edzt\u00fckre alatti esem\u00e9nyeket. A kamera k\u00e9p\u00e9t az egyik legnagyobb id\u0151j\u00e1r\u00e1s el\u0151re jelz\u00e9ssel foglalkoz\u00f3 internetes port\u00e1lon kereszt\u00fcl lehet megn\u00e9zni. Az eddigi eredm\u00e9nyek azt mutatj\u00e1k, hogy n\u00e9pszer\u0171 a k\u00f6zvet\u00edt\u00e9s, a napi l\u00e1togat\u00f3i rekord a 27.000 megtekint\u00e9st is el\u00e9rte m\u00e1r.<\/p>\n<p>A hegyi patakra hasonl\u00edt\u00f3 hall\u00e9pcs\u0151 meg\u00e9p\u00edt\u00e9s\u00e9re az\u00e9rt volt sz\u00fcks\u00e9g, mert a kisk\u00f6rei v\u00edzer\u0151m\u0171 jelent\u0151s m\u00e9rt\u00e9kben korl\u00e1tozta a halak folyamatos v\u00e1ndorl\u00e1s\u00e1t. A csatorn\u00e1val el\u00e9rhet\u0151v\u00e9 v\u00e1lt, hogy a halak a Tisza-t\u00f3 \u00e9s a Tisza k\u00f6z\u00f6tti, ny\u00e1ron ak\u00e1r 10 m\u00e9teres szintk\u00fcl\u00f6nbs\u00e9get a halak lek\u00fczdhess\u00e9k. <\/p>\n<p>-1330 m\u00e9ter hossz\u00fa, gyakorlatilag mintegy 9-10 m\u00e9ter v\u00edzszintk\u00fcl\u00f6nbs\u00e9get k\u00fcsz\u00f6b\u00f6l \u00e1t, lehet\u0151s\u00e9get biztos\u00edtva ez\u00e1ltal a halak mindk\u00e9t ir\u00e1ny\u00fa mozg\u00e1s\u00e1ra. K\u00fcl\u00f6nf\u00e9le megold\u00e1sokkal, vannak r\u00e9selt \u00e1tj\u00e1r\u00f3k, ahol a leghidegebb legkisebb viz\u0171 id\u0151szakban is \u00e1t tud a hal vonulni \u00e9s vannak olyan buk\u00f3k, amelyek nagyobb v\u00edzn\u00e9l biztos\u00edtj\u00e1k a halak \u00e1thalad\u00e1s\u00e1t.&#8221;  &#8211;   mondta Kov\u00e1cs P\u00e1l halbiol\u00f3gus<\/p>\n<p>A hall\u00e9pcs\u0151t k\u00f6zel n\u00e9gy \u00e9vvel ezel\u0151tt adt\u00e1k \u00e1t, az\u00f3ta a szakemberek \u00e9s a kutat\u00f3k folyamatosan vizsg\u00e1lj\u00e1k a csatorn\u00e1n \u00e1thalad\u00f3 halakat. Az eddigi eredm\u00e9nyek szerint 37 halfaj m\u00e1r biztosan \u00e1thaladt a hall\u00e9pcs\u0151n. Az \u00e9letm\u00f3djuk tekintet\u00e9ben a teljes spektrum megfigyelhet\u0151 volt: a kutat\u00f3k megfigyeltek v\u00e1ndorl\u00f3 \u00e9s \u00e1lland\u00f3 ter\u00fcleten tart\u00f3zkod\u00f3 halakat is. <\/p>\n<p>Kov\u00e1cs P\u00e1l kiemelte &#8211; -100 kil\u00f3s harcs\u00e1t m\u00e9g nem fogtunk, de 12 kil\u00f3sat igen, csuk\u00e1b\u00f3l 6 kil\u00f3sat igen, teh\u00e1t ez azt jelenti, hogy nem m\u00e9retf\u00fcgg\u0151. Itt a halnak van annyi ereje  &#8211;  \u00fagy van megtervezve az eg\u00e9sz hall\u00e9pcs\u0151- hogy ak\u00e1r nagyobb is felmehet. \u00dagy gondolja mindenki, hogy a kisebb halnak sokkal kisebb ereje van, de ha itt r\u00e1f\u00f3kusz\u00e1lnak, hihetetlen mennyis\u00e9g\u0171 ivad\u00e9k \u00faszik ugyan \u00fagy az \u00e1raml\u00e1ssal szemk\u00f6zt.&#8221; <\/p>\n<p>A hall\u00e9pcs\u0151 nem csak turistal\u00e1tv\u00e1nyoss\u00e1g, illetve a halak v\u00e1ndorl\u00e1s\u00e1t seg\u00edt\u0151 \u00e9p\u00edtm\u00e9ny, ugyanis az elm\u00falt \u00e9vekben t\u00f6bb alkalommal megfigyelt\u00e9k, hogy a halak m\u00e1r \u00edvtak is ezen a ter\u00fcleten. <\/p>\n<div style=\"width: 640px;\" class=\"wp-video\"><!--[if lt IE 9]><script>document.createElement('video');<\/script><![endif]-->\n<video class=\"wp-video-shortcode\" id=\"video-9110-1\" width=\"640\" height=\"360\" preload=\"metadata\" controls=\"controls\"><source type=\"video\/mp4\" src=\"\/spots\/hir\/hir_180523_04.mp4?_=1\" \/><a href=\"\/spots\/hir\/hir_180523_04.mp4\">\/spots\/hir\/hir_180523_04.mp4<\/a><\/video><\/div>\n","protected":false},"excerpt":{"rendered":"<p>Csobogva halad \u00e1t a Tisza-t\u00f3 vize a kisk\u00f6rei hall\u00e9pcs\u0151 z\u00fag\u00f3in. A n\u00e9gy \u00e9ve \u00e1tadott \u00e9p\u00edtm\u00e9ny K\u00f6z\u00e9p-Eur\u00f3p\u00e1ban egyed\u00fcl\u00e1ll\u00f3nak sz\u00e1m\u00edt, m\u00e1r csak az\u00e9rt is, mert amellett, hogy jelent\u0151s \u00f6kol\u00f3giai szerepet t\u00f6lt be a halak v\u00e1ndorl\u00e1s\u00e1ban, egy \u00fcvegablakon kereszt\u00fcl az \u00e9rdekl\u0151d\u0151k a v\u00edz al\u00e1 is bepillanthatnak. Az ablak eddig is n\u00e9pszer\u0171 turistal\u00e1tv\u00e1nyoss\u00e1gnak sz\u00e1m\u00edtott, \u00e9vente t\u00f6bb ezren kerest\u00e9k fel. [&hellip;]<\/p>\n","protected":false},"author":2,"featured_media":0,"comment_status":"closed","ping_status":"closed","sticky":false,"template":"","format":"standard","meta":[],"categories":[9],"tags":[],"_links":{"self":[{"href":"http:\/\/archiv.szolnoktv.hu\/index.php?rest_route=\/wp\/v2\/posts\/9110"}],"collection":[{"href":"http:\/\/archiv.szolnoktv.hu\/index.php?rest_route=\/wp\/v2\/posts"}],"about":[{"href":"http:\/\/archiv.szolnoktv.hu\/index.php?rest_route=\/wp\/v2\/types\/post"}],"author":[{"embeddable":true,"href":"http:\/\/archiv.szolnoktv.hu\/index.php?rest_route=\/wp\/v2\/users\/2"}],"replies":[{"embeddable":true,"href":"http:\/\/archiv.szolnoktv.hu\/index.php?rest_route=%2Fwp%2Fv2%2Fcomments&post=9110"}],"version-history":[{"count":1,"href":"http:\/\/archiv.szolnoktv.hu\/index.php?rest_route=\/wp\/v2\/posts\/9110\/revisions"}],"predecessor-version":[{"id":9225,"href":"http:\/\/archiv.szolnoktv.hu\/index.php?rest_route=\/wp\/v2\/posts\/9110\/revisions\/9225"}],"wp:attachment":[{"href":"http:\/\/archiv.szolnoktv.hu\/index.php?rest_route=%2Fwp%2Fv2%2Fmedia&parent=9110"}],"wp:term":[{"taxonomy":"category","embeddable":true,"href":"http:\/\/archiv.szolnoktv.hu\/index.php?rest_route=%2Fwp%2Fv2%2Fcategories&post=9110"},{"taxonomy":"post_tag","embeddable":true,"href":"http:\/\/archiv.szolnoktv.hu\/index.php?rest_route=%2Fwp%2Fv2%2Ftags&post=9110"}],"curies":[{"name":"wp","href":"https:\/\/api.w.org\/{rel}","templated":true}]}}