{"id":9109,"date":"2018-05-23T17:15:54","date_gmt":"2018-05-23T17:15:54","guid":{"rendered":"http:\/\/archiv.szolnoktv.hu\/?p=9109"},"modified":"2021-08-14T14:19:03","modified_gmt":"2021-08-14T14:19:03","slug":"baleset-cegledbercel-9-halott","status":"publish","type":"post","link":"http:\/\/archiv.szolnoktv.hu\/?p=9109","title":{"rendered":"Baleset Cegl\u00e9dbercel 9 halott"},"content":{"rendered":"<div class='booster-block booster-read-block'><\/div><p>A balesetet megel\u0151z\u0151 perceket felt\u00f6lt\u00f6tt\u00e9k egy k\u00f6z\u00f6ss\u00e9gi oldalra. A felv\u00e9teleken j\u00f3l l\u00e1tszik, hogy a sof\u0151r az utols\u00f3 pillanatig a mobiltelefonj\u00e1val van elfoglalva. A szemb\u0151l \u00e9rkez\u0151 s\u00f3dert sz\u00e1ll\u00edt\u00f3 teheraut\u00f3 l\u00e1tt\u00e1n is csak az utols\u00f3 pillanatban cselekszik&#8230; \u00e1m ekkor m\u00e1r k\u00e9s\u0151. Ezek a felv\u00e9telek nem sokkal \u00e9jf\u00e9l el\u0151tt k\u00e9sz\u00fcltek, amikor a sajt\u00f3 munkat\u00e1rsait beengedt\u00e9k a baleset helysz\u00edn\u00e9re. Ekkor foglalta \u00f6ssze a rend\u0151rs\u00e9g illet\u00e9kese az eset pontos k\u00f6r\u00fclm\u00e9nyit.<\/p>\n<p>&#8220;Egy kisbusz eddig tiszt\u00e1zatlan okb\u00f3l \u00f6ssze\u00fctk\u00f6z\u00f6tt egy teherg\u00e9pkocsival. A baleset k\u00f6vetkezt\u00e9ben a kisbuszban utaz\u00f3 9 f\u0151 sajn\u00e1latosan \u00e9let\u00e9t vesztette. Els\u0151dleges adataink szerint 7 f\u00e9rfi \u00e9s 2 n\u0151 halt meg a balesetben. Tekintettel arra, hogy rom\u00e1n honoss\u00e1g\u00fa kisbuszr\u00f3l van sz\u00f3- \u00edgy koll\u00e9g\u00e1ink felvett\u00e9k a kapcsolatot a rom\u00e1n t\u00e1rshat\u00f3s\u00e1gokkal az \u00e1ldozatok azonos\u00edt\u00e1sa \u00e9rdek\u00e9ben.&#8221; <\/p>\n<p>A kisbusz utasait csak nagy neh\u00e9zs\u00e9gek \u00e1r\u00e1n siker\u00fclt a roncsok k\u00f6z\u00fcl kiszabad\u00edtani. Az eset s\u00falyoss\u00e1g\u00e1ra vall, hogy a sof\u0151rre p\u00e9ld\u00e1ul csak t\u00e1volabb,  a teheraut\u00f3 alatt tal\u00e1ltak r\u00e1. A holttestek \u00e1llapota miatt az azonos\u00edt\u00e1s is gondot okozott. Egyed\u00fcl a v\u00e9telen teheraut\u00f3sof\u0151r maradt \u00e9letben, \u0151 k\u00f6nny\u0171 s\u00e9r\u00fcl\u00e9sekkel meg\u00faszta&#8230; Az \u00e9jf\u00e9lkor elsz\u00e1ll\u00edtott roncsok egy cegl\u00e9di telepre ker\u00fcltek, ahol d\u00e9lel\u0151tt a t\u0171zolt\u00f3k \u00e1ltal lev\u00e1gott karossz\u00e9ria darabokat k\u00fcl\u00f6n depon\u00e1lt\u00e1k. Csak\u00fagy mint a kisbuszb\u00f3l kiszedett csomagokat. Ezek\u00e9rt m\u00e1r jelentkeztek a hozz\u00e1tartoz\u00f3k. A rend\u0151rs\u00e9g \u00e1ltal elz\u00e1rt roncs \u00e1llapot\u00e1b\u00f3l az aut\u00f3ment\u0151 c\u00e9g vezet\u0151je szerint legal\u00e1bb 120 kilom\u00e9ter per \u00f3r\u00e1s sebess\u00e9ggel rohant a kisbusz a teheraut\u00f3ba. <br \/> A ma d\u00e9lut\u00e1n megjelent internetes h\u00edrek szerint az \u00e1ldozatok mez\u0151gazdas\u00e1gi id\u00e9nymunk\u00e1b\u00f3l \u00e9l\u0151 rom\u00e1n vend\u00e9gmunk\u00e1sok voltak, akik Szlov\u00e9ni\u00e1b\u00f3l tartottak hazafel\u00e9. <\/p>\n<div style=\"width: 640px;\" class=\"wp-video\"><!--[if lt IE 9]><script>document.createElement('video');<\/script><![endif]-->\n<video class=\"wp-video-shortcode\" id=\"video-9109-1\" width=\"640\" height=\"360\" preload=\"metadata\" controls=\"controls\"><source type=\"video\/mp4\" src=\"\/spots\/hir\/hir_180523_03.mp4?_=1\" \/><a href=\"\/spots\/hir\/hir_180523_03.mp4\">\/spots\/hir\/hir_180523_03.mp4<\/a><\/video><\/div>\n","protected":false},"excerpt":{"rendered":"<p>A balesetet megel\u0151z\u0151 perceket felt\u00f6lt\u00f6tt\u00e9k egy k\u00f6z\u00f6ss\u00e9gi oldalra. A felv\u00e9teleken j\u00f3l l\u00e1tszik, hogy a sof\u0151r az utols\u00f3 pillanatig a mobiltelefonj\u00e1val van elfoglalva. A szemb\u0151l \u00e9rkez\u0151 s\u00f3dert sz\u00e1ll\u00edt\u00f3 teheraut\u00f3 l\u00e1tt\u00e1n is csak az utols\u00f3 pillanatban cselekszik&#8230; \u00e1m ekkor m\u00e1r k\u00e9s\u0151. Ezek a felv\u00e9telek nem sokkal \u00e9jf\u00e9l el\u0151tt k\u00e9sz\u00fcltek, amikor a sajt\u00f3 munkat\u00e1rsait beengedt\u00e9k a baleset helysz\u00edn\u00e9re. [&hellip;]<\/p>\n","protected":false},"author":2,"featured_media":0,"comment_status":"closed","ping_status":"closed","sticky":false,"template":"","format":"standard","meta":[],"categories":[9],"tags":[],"_links":{"self":[{"href":"http:\/\/archiv.szolnoktv.hu\/index.php?rest_route=\/wp\/v2\/posts\/9109"}],"collection":[{"href":"http:\/\/archiv.szolnoktv.hu\/index.php?rest_route=\/wp\/v2\/posts"}],"about":[{"href":"http:\/\/archiv.szolnoktv.hu\/index.php?rest_route=\/wp\/v2\/types\/post"}],"author":[{"embeddable":true,"href":"http:\/\/archiv.szolnoktv.hu\/index.php?rest_route=\/wp\/v2\/users\/2"}],"replies":[{"embeddable":true,"href":"http:\/\/archiv.szolnoktv.hu\/index.php?rest_route=%2Fwp%2Fv2%2Fcomments&post=9109"}],"version-history":[{"count":1,"href":"http:\/\/archiv.szolnoktv.hu\/index.php?rest_route=\/wp\/v2\/posts\/9109\/revisions"}],"predecessor-version":[{"id":9226,"href":"http:\/\/archiv.szolnoktv.hu\/index.php?rest_route=\/wp\/v2\/posts\/9109\/revisions\/9226"}],"wp:attachment":[{"href":"http:\/\/archiv.szolnoktv.hu\/index.php?rest_route=%2Fwp%2Fv2%2Fmedia&parent=9109"}],"wp:term":[{"taxonomy":"category","embeddable":true,"href":"http:\/\/archiv.szolnoktv.hu\/index.php?rest_route=%2Fwp%2Fv2%2Fcategories&post=9109"},{"taxonomy":"post_tag","embeddable":true,"href":"http:\/\/archiv.szolnoktv.hu\/index.php?rest_route=%2Fwp%2Fv2%2Ftags&post=9109"}],"curies":[{"name":"wp","href":"https:\/\/api.w.org\/{rel}","templated":true}]}}