{"id":9108,"date":"2018-05-23T16:59:55","date_gmt":"2018-05-23T16:59:55","guid":{"rendered":"http:\/\/archiv.szolnoktv.hu\/?p=9108"},"modified":"2021-08-14T14:19:03","modified_gmt":"2021-08-14T14:19:03","slug":"tanulmanyi-verseny-dijatado-unnepseg","status":"publish","type":"post","link":"http:\/\/archiv.szolnoktv.hu\/?p=9108","title":{"rendered":"Tanulm\u00e1nyi verseny d\u00edj\u00e1tad\u00f3 \u00fcnneps\u00e9g"},"content":{"rendered":"<div class='booster-block booster-read-block'><\/div><p>Kiv\u00e1l\u00f3 tanul\u00f3k foglaltak helyet a megyeh\u00e1za d\u00edszterm\u00e9ben. valamennyien dobog\u00f3s helyez\u00e9st \u00e9rtek el Szolnoki Pedag\u00f3giai Oktat\u00e1si K\u00f6zpont megyei tanulm\u00e1nyi \u00e9s m\u0171v\u00e9szeti d\u00f6nt\u0151in. Olvas\u00e1s, helyes\u00edr\u00e1s, sz\u00e9p besz\u00e9d, k\u00fcl\u00f6nb\u00f6z\u0151 m\u0171v\u00e9szeti \u00e1gak legjobbjai \u0151k. Juh\u00e1sz D\u00e1vid sz\u00e9p olvas\u00e1s versenyen lett 2-ik.<br \/>&#8220;Volt egy sz\u00f6veg amit be kellett tanulni, \u00e9s volt ismeretlen, sokan indultunk, m\u00e9g kett\u0151 oszt\u00e1lyt\u00e1rsammal ment\u00fcnk. (Mi\u00e9rt j\u00f3 olvasni?) Az\u00e9rt mert fejleszti a sz\u00f3kincs\u00fcnket.&#8221; -mondta JUH\u00c1SZ D\u00c1VID.<br \/>Bottlik Csenge sz\u00e9p magyar besz\u00e9d 2-ik helyezett.<br \/>&#8220;Els\u0151 benyom\u00e1sra is sokat jelent, hogy ha az ember sz\u00e9pen besz\u00e9l. (A mai fiatal sz\u00e9pen besz\u00e9l?) Tisztelet a kiv\u00e9telnek, de nem nagyon.&#8221; -mondta BOTTLIK CSENGE.<br \/>Az Oktat\u00e1si K\u00f6zpont megy\u00e9nkben az idei tan\u00e9vben 26 versenyt szervezett, ezeken k\u00f6zel 1500-an indultak. A megyei d\u00f6nt\u0151be 258-an \u00e9rtek el helyez\u00e9st. Ma az orsz\u00e1gos verseny megyei fordul\u00f3inak dobog\u00f3sait k\u00f6sz\u00f6nt\u00f6tt\u00e9k.<br \/>&#8220;\u00c9n a sz\u00e9p magyar besz\u00e9d versenyen els\u0151 lettem, \u00e9s bemutathattam milyen sz\u00e9pen besz\u00e9lek. (Fontos ez?) Igen, mert sokszor nem artikul\u00e1lunk, \u00e9s nem fogalmazzuk meg sz\u00e9pen a mondanival\u00f3nkat.&#8221; -mondta CUBRA DANIELLA.<br \/>&#8220;Sz\u00e1momra fontos a felk\u00e9sz\u00fcl\u00e9s, a magyartan\u00e1rommal sokat k\u00e9sz\u00fclt\u00fcnk, hogy kell hangs\u00falyozni.&#8221; -mondta LESK\u00d3 LILI ZSUZSA.<br \/>Mindenkit m\u00e1s \u00e9s m\u00e1s motiv\u00e1l amikor elindul egy versenyen.<br \/>&#8220;Az\u00e9rt fontos a helyes\u00edr\u00e1s, mert ma m\u00e1r nem figyelnek oda, az interneten is a r\u00f6vid\u00edt\u00e9s megy, \u00e9s azt er\u0151s\u00edti a verseny, hogy a mindennapi \u00e9letben is odafigyelj\u00fcnk a helyes\u00edr\u00e1sra.&#8221; -mondta L\u00c1SZL\u00d3 ZS\u00d3FIA.<br \/>&#8220;\u00dagy v\u00e9lem, hogy a helyes\u00edr\u00e1s is r\u00e9sze az identit\u00e1sunknak, a magyar trad\u00edci\u00f3k r\u00e9sze, \u00e9s ezt fenn kell tartani, annak szeretet\u00e9t, \u00e9s min\u00e9l t\u00f6bb gyereknek meg kell tan\u00edtani, hogyan kell helyesen \u00edrni.&#8221; -mondta P\u00d3K\u00c1SZ ZOLT\u00c1N ISTV\u00c1N.<br \/>Megy\u00e9nkben 53 tehets\u00e9gpont m\u0171k\u00f6dik, ezekben k\u00fcl\u00f6n\u00f6sen odafigyelnek a tehets\u00e9ggondoz\u00e1sra. <br \/>&#8220;Olvastam egy k\u00f6nyvet, hogy amit igaz\u00e1n j\u00f3l megcsin\u00e1lunk, t\u00edzezerszer kell megcsin\u00e1lni. Abban biztos vagyok, hogy a tehets\u00e9g a gyakorl\u00e1ssal tud megcsillanni.&#8221; -mondta DR. K\u00c1LLAI M\u00c1RIA a JNSZ Megyei Tehets\u00e9gseg\u00edt\u0151 Tan\u00e1cs eln\u00f6ke.<br \/>J\u00e1sz-Nagykun-Szolnok megy\u00e9ben 4 iskola nyerte el a min\u0151s\u00edtett tehets\u00e9ggondoz\u00f3 m\u0171hely c\u00edmet.<br \/>\n<br \/>\n<div style=\"width: 640px;\" class=\"wp-video\"><!--[if lt IE 9]><script>document.createElement('video');<\/script><![endif]-->\n<video class=\"wp-video-shortcode\" id=\"video-9108-1\" width=\"640\" height=\"360\" preload=\"metadata\" controls=\"controls\"><source type=\"video\/mp4\" src=\"\/spots\/hir\/hir_180523_01.mp4?_=1\" \/><a href=\"\/spots\/hir\/hir_180523_01.mp4\">\/spots\/hir\/hir_180523_01.mp4<\/a><\/video><\/div><\/p>\n","protected":false},"excerpt":{"rendered":"<p>Kiv\u00e1l\u00f3 tanul\u00f3k foglaltak helyet a megyeh\u00e1za d\u00edszterm\u00e9ben. valamennyien dobog\u00f3s helyez\u00e9st \u00e9rtek el Szolnoki Pedag\u00f3giai Oktat\u00e1si K\u00f6zpont megyei tanulm\u00e1nyi \u00e9s m\u0171v\u00e9szeti d\u00f6nt\u0151in. Olvas\u00e1s, helyes\u00edr\u00e1s, sz\u00e9p besz\u00e9d, k\u00fcl\u00f6nb\u00f6z\u0151 m\u0171v\u00e9szeti \u00e1gak legjobbjai \u0151k. Juh\u00e1sz D\u00e1vid sz\u00e9p olvas\u00e1s versenyen lett 2-ik.&#8220;Volt egy sz\u00f6veg amit be kellett tanulni, \u00e9s volt ismeretlen, sokan indultunk, m\u00e9g kett\u0151 oszt\u00e1lyt\u00e1rsammal ment\u00fcnk. (Mi\u00e9rt j\u00f3 olvasni?) [&hellip;]<\/p>\n","protected":false},"author":2,"featured_media":0,"comment_status":"closed","ping_status":"closed","sticky":false,"template":"","format":"standard","meta":[],"categories":[9],"tags":[],"_links":{"self":[{"href":"http:\/\/archiv.szolnoktv.hu\/index.php?rest_route=\/wp\/v2\/posts\/9108"}],"collection":[{"href":"http:\/\/archiv.szolnoktv.hu\/index.php?rest_route=\/wp\/v2\/posts"}],"about":[{"href":"http:\/\/archiv.szolnoktv.hu\/index.php?rest_route=\/wp\/v2\/types\/post"}],"author":[{"embeddable":true,"href":"http:\/\/archiv.szolnoktv.hu\/index.php?rest_route=\/wp\/v2\/users\/2"}],"replies":[{"embeddable":true,"href":"http:\/\/archiv.szolnoktv.hu\/index.php?rest_route=%2Fwp%2Fv2%2Fcomments&post=9108"}],"version-history":[{"count":1,"href":"http:\/\/archiv.szolnoktv.hu\/index.php?rest_route=\/wp\/v2\/posts\/9108\/revisions"}],"predecessor-version":[{"id":9227,"href":"http:\/\/archiv.szolnoktv.hu\/index.php?rest_route=\/wp\/v2\/posts\/9108\/revisions\/9227"}],"wp:attachment":[{"href":"http:\/\/archiv.szolnoktv.hu\/index.php?rest_route=%2Fwp%2Fv2%2Fmedia&parent=9108"}],"wp:term":[{"taxonomy":"category","embeddable":true,"href":"http:\/\/archiv.szolnoktv.hu\/index.php?rest_route=%2Fwp%2Fv2%2Fcategories&post=9108"},{"taxonomy":"post_tag","embeddable":true,"href":"http:\/\/archiv.szolnoktv.hu\/index.php?rest_route=%2Fwp%2Fv2%2Ftags&post=9108"}],"curies":[{"name":"wp","href":"https:\/\/api.w.org\/{rel}","templated":true}]}}